{"id":21889,"date":"2024-02-18T07:16:59","date_gmt":"2024-02-18T06:16:59","guid":{"rendered":"https:\/\/www.mbfatimska.pl\/?p=21889"},"modified":"2024-02-18T07:16:59","modified_gmt":"2024-02-18T06:16:59","slug":"i-niedziela-wielkiego-postu-5","status":"publish","type":"post","link":"https:\/\/mbfatimska.ovh\/index.php\/2024\/02\/18\/i-niedziela-wielkiego-postu-5\/","title":{"rendered":"I niedziela Wielkiego Postu"},"content":{"rendered":"<p>1.\tJeszcze dzisiaj odb\u0119d\u0105 si\u0119 nast\u0119puj\u0105ce spotkania:<br \/>\n&#8211; o godz. 10.25 dla dzieci klas IV szko\u0142y podstawowej przed rocznic\u0105 I Komunii \u015bwi\u0119tej<br \/>\n&#8211; o godz. 16.20 dla m\u0142odzie\u017cy przed sakramentem bierzmowania.<br \/>\n2.\tWsp\u00f3lnota Odnowy w Duchu \u015awi\u0119tym &#8222;Dzieci Maryi&#8221; zaprasza do podj\u0119cia rocznej modlitwy za kap\u0142an\u00f3w pos\u0142uguj\u0105cych w naszej parafii w ramach Apostolatu &#8222;MARGARETKA&#8221;. Karty zg\u0142oszeniowe wraz z informacj\u0105 czym jest i jak funkcjonuje &#8222;MARGARETKA&#8221; znajduj\u0105 si\u0119 na stolikach. Karty nale\u017cy wype\u0142ni\u0107 i wrzuci\u0107 do przygotowanego pude\u0142ka. MARGARETKI dzia\u0142aj\u0105 w naszej parafii ju\u017c czwarty rok i gromadz\u0105 coraz wi\u0119cej wiernych. Dzi\u0119kujemy za dotychczasow\u0105 modlitw\u0119 i zapraszamy do w\u0142\u0105czenia si\u0119 nowe osoby.<br \/>\n3.\tW poniedzia\u0142ek  zapraszamy na kolejne nabo\u017ce\u0144stwo do \u015bw. J\u00f3zefa, patrona ma\u0142\u017ce\u0144stw i rodzin. O godz. 18.00 zostanie odprawiona Msza \u015bwi\u0119ta i bezpo\u015brednio po niej modlitwy do opiekuna rodzin.<br \/>\n4.\tJutro, w poniedzia\u0142ek, o godz. 19.00 odb\u0119dzie si\u0119 spotkanie dla rodzic\u00f3w dzieci rocznicowych, kt\u00f3re w maju b\u0119d\u0105 prze\u017cywa\u0107 I rocznic\u0119 sakramentu Eucharystii.<br \/>\n5.\tW czwartek, 22 lutego, zapraszamy na kolejne nabo\u017ce\u0144stwo do \u015bw. Rity, patronki spraw trudnych. W czasie Mszy \u015bwi\u0119tej o godz. 18.00 zostan\u0105 po\u015bwi\u0119cone r\u00f3\u017ce, kt\u00f3re b\u0119dzie mo\u017cna zakupi\u0107 przed Msz\u0105 \u015bwi\u0119t\u0105. Po Mszy \u015bwi\u0119tej modlitwy do \u015bw. Rity z wyczytywaniem intencji, kt\u00f3re b\u0119dzie mo\u017cna z\u0142o\u017cy\u0107 przed Eucharysti\u0105.<br \/>\n6.\tW czwartek, 22 lutego, w budynku Centrum Wsparcia Fizycznego nieodp\u0142atnie b\u0119dzie przyjmowa\u0142 logopeda szkolny w godz. 18.00-19.00.<br \/>\n7.\tW okresie Wielkiego Postu zach\u0119camy do uczestnictwa  w nabo\u017ce\u0144stwach wielkopostnych:<br \/>\n&#8211; w pi\u0105tki Droga Krzy\u017cowa o godz. 16.30 dla dzieci, o godz. 18.45 dla doros\u0142ych<br \/>\n&#8211; w niedziele Gorzkie \u017bale o godz. 17.15.<br \/>\n8.\tRekolekcje w naszej parafii odb\u0119d\u0105 si\u0119 w czwartek, pi\u0105tek i sobot\u0119 przed Niedziel\u0105 Palmow\u0105, a wi\u0119c 21, 22, 23 marca wed\u0142ug znanego od wielu lat programu.<br \/>\n9.\tW pi\u0105tek o godz. 18.00 zostanie odprawiona Msza \u015bwi\u0119ta wypominkowa za naszych bliskich zmar\u0142ych polecanych w wypominkach.<br \/>\n10.\tW sobot\u0119 Salezja\u0144ska Szko\u0142a Podstawowa w Legionowie zaprasza na dzie\u0144 otwarty w godz. 10.00-15.00. Szko\u0142a ta ma swoj\u0105 renom\u0119 w naszym mie\u015bcie. Charakteryzuje si\u0119 wychowaniem chrze\u015bcija\u0144skim, wysokimi wynikami w nauce, nauk\u0105 na jedn\u0105 zmian\u0119, nauk\u0105 j\u0119zyka hiszpa\u0144skiego od IV klasy i zwi\u0119kszon\u0105 liczb\u0105 godzin j\u0119zyka angielskiego. Zapraszamy w imieniu ksi\u0119\u017cy Salezjan\u00f3w do uczestnictwa w dniach otwartych.<br \/>\n11.\tW przysz\u0142\u0105 niedziel\u0119 o godz. 10.25 kolejna katecheza  dla dzieci klas III szko\u0142y podstawowej  w ramach przygotowania  do I Komunii \u015bwi\u0119tej.<br \/>\n12.\tJeszcze dzisiaj o godz. 15.00 w Muzeum Historycznym na Piaskach odb\u0119dzie si\u0119 prelekcja pana dr Artura Bojarskiego pt.: \u201e Wspomnienie o Ryszardzie Gubale w 10 rocznic\u0119 \u015bmierci\u201d. Ryszard Gubala by\u0142  w 1939 roku obro\u0144c\u0105 Zegrza, p\u00f3\u017aniej powsta\u0144cem warszawskim, wi\u0119\u017aniem stalinowskim i cz\u0142onkiem orkiestry Teatru Wielkiego w Warszawie. Wst\u0119p wolny.<br \/>\n13.      W dniu dzisiejszym po Mszach \u015bwi\u0119tych przed ko\u015bcio\u0142em b\u0119dzie zbi\u00f3rka na rzecz ma\u0142ego Ma\u0107ka, kt\u00f3ry choruje na autyzm, upo\u015bledzenie umys\u0142owe w stopniu znacznym, op\u00f3\u017anienie rozwoju psychoruchowego i potrzebuje sta\u0142ej d\u0142ugotrwa\u0142ej opieki piel\u0119gnacyjnej i systematycznego leczenia i rehabilitacji. Zbi\u00f3rka dokonywana jest przez wolontariuszy Komitetu Spo\u0142ecznego na rzecz pomocy Ma\u0107kowi.<br \/>\n11.\t Zbli\u017ca si\u0119 czas rozlicze\u0144 podatkowych. Zach\u0119camy do przekazania 1,5% z naszych podatk\u00f3w na rzecz Legionowskiego Stowarzyszenia AMICUS, kt\u00f3re na co dzie\u0144 zajmuje si\u0119 osobami niepe\u0142nosprawnymi, prowadz\u0105c dla 44 os\u00f3b z ca\u0142ego powiatu Warsztat Terapii Zaj\u0119ciowej, Klub Seniora dla 40 os\u00f3b starszych, \u015bwietlice socjoterapeutyczne dla dzieci, wypo\u017cyczalni\u0119 sprz\u0119tu rehabilitacyjnego, fizykoterapi\u0119 i rehabilitacj\u0119, pomoc rodakom na Wile\u0144szczy\u017anie i wiele jeszcze innych przedsi\u0119wzi\u0119\u0107. Stosowne ulotki wy\u0142o\u017cone s\u0105 na stolikach za \u0142awkami, oraz informacja zawarta jest w naszym biuletynie parafialnym.<\/p>\n","protected":false},"excerpt":{"rendered":"<p>1. Jeszcze dzisiaj odb\u0119d\u0105 si\u0119 nast\u0119puj\u0105ce spotkania: &#8211; o godz. 10.25 dla dzieci klas IV szko\u0142y podstawowej przed rocznic\u0105 I Komunii \u015bwi\u0119tej &#8211; o godz. 16.20 dla m\u0142odzie\u017cy przed sakramentem bierzmowania. 2. Wsp\u00f3lnota Odnowy w Duchu \u015awi\u0119tym &#8222;Dzieci Maryi&#8221; zaprasza do podj\u0119cia rocznej modlitwy za kap\u0142an\u00f3w pos\u0142uguj\u0105cych w naszej parafii w ramach Apostolatu &#8222;MARGARETKA&#8221;. Karty [&hellip;]<\/p>\n","protected":false},"author":1,"featured_media":30657,"comment_status":"closed","ping_status":"closed","sticky":false,"template":"","format":"standard","meta":{"footnotes":""},"categories":[2,14],"tags":[],"class_list":["post-21889","post","type-post","status-publish","format-standard","has-post-thumbnail","hentry","category-aktualnosci","category-ogloszenia-parafialne"],"_links":{"self":[{"href":"https:\/\/mbfatimska.ovh\/index.php\/wp-json\/wp\/v2\/posts\/21889","targetHints":{"allow":["GET"]}}],"collection":[{"href":"https:\/\/mbfatimska.ovh\/index.php\/wp-json\/wp\/v2\/posts"}],"about":[{"href":"https:\/\/mbfatimska.ovh\/index.php\/wp-json\/wp\/v2\/types\/post"}],"author":[{"embeddable":true,"href":"https:\/\/mbfatimska.ovh\/index.php\/wp-json\/wp\/v2\/users\/1"}],"replies":[{"embeddable":true,"href":"https:\/\/mbfatimska.ovh\/index.php\/wp-json\/wp\/v2\/comments?post=21889"}],"version-history":[{"count":0,"href":"https:\/\/mbfatimska.ovh\/index.php\/wp-json\/wp\/v2\/posts\/21889\/revisions"}],"wp:featuredmedia":[{"embeddable":true,"href":"https:\/\/mbfatimska.ovh\/index.php\/wp-json\/wp\/v2\/media\/30657"}],"wp:attachment":[{"href":"https:\/\/mbfatimska.ovh\/index.php\/wp-json\/wp\/v2\/media?parent=21889"}],"wp:term":[{"taxonomy":"category","embeddable":true,"href":"https:\/\/mbfatimska.ovh\/index.php\/wp-json\/wp\/v2\/categories?post=21889"},{"taxonomy":"post_tag","embeddable":true,"href":"https:\/\/mbfatimska.ovh\/index.php\/wp-json\/wp\/v2\/tags?post=21889"}],"curies":[{"name":"wp","href":"https:\/\/api.w.org\/{rel}","templated":true}]}}