{"id":21895,"date":"2024-02-13T13:21:15","date_gmt":"2024-02-13T12:21:15","guid":{"rendered":"https:\/\/www.mbfatimska.pl\/?p=21895"},"modified":"2024-02-13T13:21:15","modified_gmt":"2024-02-13T12:21:15","slug":"informacje-dla-rodzicow-dzieci-komunijnych-3","status":"publish","type":"post","link":"https:\/\/mbfatimska.ovh\/index.php\/2024\/02\/13\/informacje-dla-rodzicow-dzieci-komunijnych-3\/","title":{"rendered":"INFORMACJE DLA RODZICOW DZIECI KOMUNIJNYCH"},"content":{"rendered":"<p>\u2022\t\u015aroda Popielcowa \u2013 14.02.2024 \u2013 rozpocz\u0119cie Wielkiego Postu.<br \/>\nMsze \u015bwi\u0119te z obrz\u0119dem posypania g\u0142\u00f3w popio\u0142em o godz. 16.30. Obecno\u015b\u0107 obowi\u0105zkowa.<\/p>\n<p>\u2022\tDzieci bior\u0105 udzia\u0142 w nabo\u017ce\u0144stwach wielkopostnych:<br \/>\n&#8211; Drogi Krzy\u017cowe w pi\u0105tki o godz. 16.30<br \/>\n(minimum 3 nabo\u017ce\u0144stwa)<br \/>\n&#8211; Gorzkie \u017bale w niedziele o godz. 17.15<br \/>\n(minimum 2 nabo\u017ce\u0144stwa)<\/p>\n<p>\u2022\tRekolekcje wielkopostne \u2013 21, 22, 23 marca (czwartek, pi\u0105tek i sobota) godz. 16.30.<br \/>\nDzieci otrzymuj\u0105:<br \/>\n&#8211; w czwartek \u2013 ksi\u0105\u017ceczki do nabo\u017ce\u0144stwa<br \/>\n&#8211; w pi\u0105tek \u2013 ksi\u0105\u017ceczki na I pi\u0105tki miesi\u0105ca<br \/>\n&#8211; w sobot\u0119 \u2013 pami\u0105tkowe albumiki<\/p>\n","protected":false},"excerpt":{"rendered":"<p>\u2022 \u015aroda Popielcowa \u2013 14.02.2024 \u2013 rozpocz\u0119cie Wielkiego Postu. Msze \u015bwi\u0119te z obrz\u0119dem posypania g\u0142\u00f3w popio\u0142em o godz. 16.30. Obecno\u015b\u0107 obowi\u0105zkowa. \u2022 Dzieci bior\u0105 udzia\u0142 w nabo\u017ce\u0144stwach wielkopostnych: &#8211; Drogi Krzy\u017cowe w pi\u0105tki o godz. 16.30 (minimum 3 nabo\u017ce\u0144stwa) &#8211; Gorzkie \u017bale w niedziele o godz. 17.15 (minimum 2 nabo\u017ce\u0144stwa) \u2022 Rekolekcje wielkopostne \u2013 21, [&hellip;]<\/p>\n","protected":false},"author":1,"featured_media":30657,"comment_status":"closed","ping_status":"closed","sticky":false,"template":"","format":"standard","meta":{"footnotes":""},"categories":[9],"tags":[],"class_list":["post-21895","post","type-post","status-publish","format-standard","has-post-thumbnail","hentry","category-komunia"],"_links":{"self":[{"href":"https:\/\/mbfatimska.ovh\/index.php\/wp-json\/wp\/v2\/posts\/21895","targetHints":{"allow":["GET"]}}],"collection":[{"href":"https:\/\/mbfatimska.ovh\/index.php\/wp-json\/wp\/v2\/posts"}],"about":[{"href":"https:\/\/mbfatimska.ovh\/index.php\/wp-json\/wp\/v2\/types\/post"}],"author":[{"embeddable":true,"href":"https:\/\/mbfatimska.ovh\/index.php\/wp-json\/wp\/v2\/users\/1"}],"replies":[{"embeddable":true,"href":"https:\/\/mbfatimska.ovh\/index.php\/wp-json\/wp\/v2\/comments?post=21895"}],"version-history":[{"count":0,"href":"https:\/\/mbfatimska.ovh\/index.php\/wp-json\/wp\/v2\/posts\/21895\/revisions"}],"wp:featuredmedia":[{"embeddable":true,"href":"https:\/\/mbfatimska.ovh\/index.php\/wp-json\/wp\/v2\/media\/30657"}],"wp:attachment":[{"href":"https:\/\/mbfatimska.ovh\/index.php\/wp-json\/wp\/v2\/media?parent=21895"}],"wp:term":[{"taxonomy":"category","embeddable":true,"href":"https:\/\/mbfatimska.ovh\/index.php\/wp-json\/wp\/v2\/categories?post=21895"},{"taxonomy":"post_tag","embeddable":true,"href":"https:\/\/mbfatimska.ovh\/index.php\/wp-json\/wp\/v2\/tags?post=21895"}],"curies":[{"name":"wp","href":"https:\/\/api.w.org\/{rel}","templated":true}]}}