{"id":21932,"date":"2024-02-25T07:19:04","date_gmt":"2024-02-25T06:19:04","guid":{"rendered":"https:\/\/www.mbfatimska.pl\/?p=21932"},"modified":"2024-02-25T07:19:04","modified_gmt":"2024-02-25T06:19:04","slug":"ii-niedziela-wielkiego-postu-4","status":"publish","type":"post","link":"https:\/\/mbfatimska.ovh\/index.php\/2024\/02\/25\/ii-niedziela-wielkiego-postu-4\/","title":{"rendered":"II niedziela Wielkiego Postu"},"content":{"rendered":"<p>1.\tDzisiaj w Ko\u015bciele w Polsce obchodzimy niedziel\u0119 Ad Gentes  &#8211; dzie\u0144 modlitwy, postu i solidarno\u015bci z misjonarzami pod has\u0142em \u2013 W Ko\u015bciele jeste\u015bmy wsp\u00f3lnot\u0105 misyjn\u0105. Ofiary sk\u0142adane na tac\u0119 s\u0105 przeznaczone na wsparcie misjonarzy w ich dzia\u0142alno\u015bci misyjnej.<br \/>\n2.\tR\u00f3wnie\u017c dzisiaj o godz. 10.25 kolejna katecheza dla dzieci klas III szko\u0142y podstawowej przed I Komuni\u0105 \u015bwi\u0119t\u0105.<br \/>\n3.\tW \u015brod\u0119, 28 lutego, zapraszamy na nabo\u017ce\u0144stwo do b\u0142. Kard. Stefana Wyszy\u0144skiego, patrona naszego miasta. O godz. 18.00 zostanie odprawiona Msza \u015bwi\u0119ta i bezpo\u015brednio po niej modlitwy do b\u0142ogos\u0142awionego.<br \/>\n4.\tW tym tygodniu przypada:<br \/>\n&#8211; I pi\u0105tek miesi\u0105ca \u2013 spowied\u017a od godz. 16.15 do godz. 18.30<br \/>\n&#8211; I sobota miesi\u0105ca \u2013 nabo\u017ce\u0144stwo wynagradzaj\u0105ce  Niepokalanemu Sercu Naj\u015bwi\u0119tszej Maryi Panny po Mszy \u015bwi\u0119tej o godz. 18.00 i trwa\u0107 b\u0119dzie do godz. 20.15<br \/>\n&#8211; I niedziela miesi\u0105ca \u2013 po Mszy \u015bwi\u0119tej o godz. 12.30 wystawienie Naj\u015bwi\u0119tszego Sakramentu i adoracja do godz. 17.15, do momentu rozpocz\u0119cia nabo\u017ce\u0144stwa Gorzkich  \u017bali.<br \/>\n5.\tW przysz\u0142\u0105 niedziel\u0119 o godz. 16.20 katecheza dla bierzmowanych w ramach przygotowania do tego sakramentu.<br \/>\n6.\tW dniach 20-23 czerwca pragniemy zorganizowa\u0107 pielgrzymk\u0119 na Suwalszczyzn\u0119 i do Wilna. W programie zwiedzanie Supra\u015bla, Studzienicznej, Klasztoru na Wigrach, Sejn, Trok, Wilna i Druskiennik. Spotkanie informacyjne w przysz\u0142\u0105 niedziel\u0119  o godz. 15.30 w salce pod zakrysti\u0105.<br \/>\n7.\tW okresie wakacji, w dniach 21-27 lipca 2024, organizujemy wakacyjny tygodniowy wyjazd dla dzieci do Sumowa k. Sejn, a w tym 3 dniowy pobyt na Wile\u0144szczy\u017anie ze zwiedzaniem bliskich dla ka\u017cdego Polaka miejsc. W programie wyjazdu sp\u0142yw kajakowy, k\u0105piele w jeziorze, gry, zabawy. Wszystkich zainteresowanych zapraszamy na spotkanie w niedziel\u0119 o godz. 19.00 do salki pod zakrysti\u0105.<br \/>\n8.\tW pi\u0105tek o godz. 19.00 odb\u0119dzie si\u0119 katecheza przedchrzcielna. W spotkaniu bior\u0105 udzia\u0142 rodzice dziecka, kt\u00f3re b\u0119dzie ochrzczone w naszej parafii, b\u0105d\u017a b\u0119dzie brana zgoda  do innej parafii, oraz kandydaci na rodzic\u00f3w chrzestnych z naszej parafii. Obecno\u015b\u0107 obowi\u0105zkowa.<br \/>\n9.\tInformacja dla narzeczonych. Nowa edycja kursu przedma\u0142\u017ce\u0144skiego rozpocznie si\u0119 w Niedziel\u0119 Mi\u0142osierdzia Bo\u017cego czyli tydzie\u0144 po \u015bwi\u0119tach Wielkanocnych o godz. 19.00. Ka\u017cde spotkanie odbywa\u0107 si\u0119 b\u0119dzie w niedziele po wieczornej Mszy \u015bwi\u0119tej.<br \/>\n10.\tW tym tygodniu nieodp\u0142atnie b\u0119dzie przyjmowa\u0142 psycholog w poniedzia\u0142ek w godz. 18.00-20.00 i prawnik we wtorek godz. 19.00-20.00 w budynku Centrum Wsparcia Fizycznego.<br \/>\n11.\tW sobot\u0119 w godz. 10.00-14.00 zapraszamy na kolejne warsztaty kulinarno-cukiernicze. B\u0119dziemy uczy\u0107 si\u0119 jak przygotowa\u0107 wielkanocne ciastka z dusz\u0105 czy baranka wielkanocnego. Zapraszamy ca\u0142e rodziny by mile i konstruktywnie sp\u0119dzi\u0107 czas.<br \/>\n12.\tW przysz\u0142\u0105  niedziel\u0119 wolontariusze \u2013 uczniowie Szko\u0142y Podstawowej nr 1 z Legionowa b\u0119d\u0105 nas prosi\u0107 o wsparcie leczenia ma\u0142ego 2 letniego Oliwiera przez przekazanie swych ofiar do puszek. Oliwier  widzi niewiele, tylko bardzo mocne \u015bwiat\u0142o z bliskiej odleg\u0142o\u015bci. Przez to wszystko ch\u0142opiec  rozwija si\u0119 du\u017co wolniej ni\u017c jego zdrowi r\u00f3wie\u015bnicy \u2013 wci\u0105\u017c nie chodzi ani nawet nie raczkuje. Ma uci\u0105\u017cliw\u0105 wybi\u00f3rczo\u015b\u0107 pokarmow\u0105, spo\u017cywa tylko p\u0142ynne posi\u0142ki. Boi si\u0119 zabra\u0107 jedzenie do r\u0105czek i nie potrafi nic ugry\u017a\u0107. Choroba post\u0119puje i je\u015bli w por\u0119 nie zostan\u0105 wykonane operacje, to ch\u0142opiec b\u0119dzie niewidomy do ko\u0144ca \u017cycia.<br \/>\n13.\tLiceum Og\u00f3lnokszta\u0142c\u0105ce Si\u00f3str Zmartwychwstanek na warszawskim \u017boliborzu przyjmuje zapisy na nowy rok szkolny 2024\/2025. Siostry zapraszaj\u0105 na spotkanie informacyjne w sobot\u0119 2 marca o godz. 11.00. Wi\u0119cej informacji na plakacie w gablocie i na ulotkach wy\u0142o\u017conych na stolikach za \u0142awkami oraz na stronie internetowej www.szarotka.edu.pl<br \/>\n14.\tW czwartek 7 marca Ksi\u0105dz Proboszcz obchodzi dzie\u0144 swoich imienin i urodzin. W przysz\u0142\u0105 niedziel\u0119 3 marca na Mszach \u015bwi\u0119tych b\u0119dziemy mogli poprzez modlitw\u0119, dobre s\u0142owo i kwiaty wyrazi\u0107 wdzi\u0119czno\u015b\u0107 i z\u0142o\u017cy\u0107 najserdeczniejsze \u017cyczenia Jubilatowi i Solenizantowi. W czwartek 7 marca Msza \u015bwi\u0119ta w intencji Ksi\u0119dza Proboszcza o godz. 18.00. Serdecznie zapraszamy.<\/p>\n","protected":false},"excerpt":{"rendered":"<p>1. Dzisiaj w Ko\u015bciele w Polsce obchodzimy niedziel\u0119 Ad Gentes &#8211; dzie\u0144 modlitwy, postu i solidarno\u015bci z misjonarzami pod has\u0142em \u2013 W Ko\u015bciele jeste\u015bmy wsp\u00f3lnot\u0105 misyjn\u0105. Ofiary sk\u0142adane na tac\u0119 s\u0105 przeznaczone na wsparcie misjonarzy w ich dzia\u0142alno\u015bci misyjnej. 2. R\u00f3wnie\u017c dzisiaj o godz. 10.25 kolejna katecheza dla dzieci klas III szko\u0142y podstawowej przed I [&hellip;]<\/p>\n","protected":false},"author":1,"featured_media":30657,"comment_status":"closed","ping_status":"closed","sticky":false,"template":"","format":"standard","meta":{"footnotes":""},"categories":[2,14],"tags":[],"class_list":["post-21932","post","type-post","status-publish","format-standard","has-post-thumbnail","hentry","category-aktualnosci","category-ogloszenia-parafialne"],"_links":{"self":[{"href":"https:\/\/mbfatimska.ovh\/index.php\/wp-json\/wp\/v2\/posts\/21932","targetHints":{"allow":["GET"]}}],"collection":[{"href":"https:\/\/mbfatimska.ovh\/index.php\/wp-json\/wp\/v2\/posts"}],"about":[{"href":"https:\/\/mbfatimska.ovh\/index.php\/wp-json\/wp\/v2\/types\/post"}],"author":[{"embeddable":true,"href":"https:\/\/mbfatimska.ovh\/index.php\/wp-json\/wp\/v2\/users\/1"}],"replies":[{"embeddable":true,"href":"https:\/\/mbfatimska.ovh\/index.php\/wp-json\/wp\/v2\/comments?post=21932"}],"version-history":[{"count":0,"href":"https:\/\/mbfatimska.ovh\/index.php\/wp-json\/wp\/v2\/posts\/21932\/revisions"}],"wp:featuredmedia":[{"embeddable":true,"href":"https:\/\/mbfatimska.ovh\/index.php\/wp-json\/wp\/v2\/media\/30657"}],"wp:attachment":[{"href":"https:\/\/mbfatimska.ovh\/index.php\/wp-json\/wp\/v2\/media?parent=21932"}],"wp:term":[{"taxonomy":"category","embeddable":true,"href":"https:\/\/mbfatimska.ovh\/index.php\/wp-json\/wp\/v2\/categories?post=21932"},{"taxonomy":"post_tag","embeddable":true,"href":"https:\/\/mbfatimska.ovh\/index.php\/wp-json\/wp\/v2\/tags?post=21932"}],"curies":[{"name":"wp","href":"https:\/\/api.w.org\/{rel}","templated":true}]}}