{"id":21938,"date":"2024-03-03T07:09:48","date_gmt":"2024-03-03T06:09:48","guid":{"rendered":"https:\/\/www.mbfatimska.pl\/?p=21938"},"modified":"2024-03-03T07:09:48","modified_gmt":"2024-03-03T06:09:48","slug":"iii-niedziela-wielkiego-postu-4","status":"publish","type":"post","link":"https:\/\/mbfatimska.ovh\/index.php\/2024\/03\/03\/iii-niedziela-wielkiego-postu-4\/","title":{"rendered":"III niedziela Wielkiego Postu"},"content":{"rendered":"<p>1.\tW czwartek 7 marca Ksi\u0105dz Proboszcz obchodzi dzie\u0144 swoich imienin i urodzin. W dniu dzisiejszym na Mszach \u015bwi\u0119tych b\u0119dziemy mogli poprzez modlitw\u0119, dobre s\u0142owo i kwiaty wyrazi\u0107 wdzi\u0119czno\u015b\u0107 i z\u0142o\u017cy\u0107 najserdeczniejsze \u017cyczenia Jubilatowi i Solenizantowi. W czwartek 7 marca Msza \u015bwi\u0119ta w intencji Ksi\u0119dza Proboszcza o godz. 18.00. Serdecznie zapraszamy do wsp\u00f3lnej modlitwy.<br \/>\n2.\tDzisiaj I niedziela miesi\u0105ca. Po Mszy \u015bwi\u0119tej o godz. 12.30 wystawienie Naj\u015bwi\u0119tszego Sakramentu i mo\u017cliwo\u015b\u0107 adoracji do godz. 17.15 czyli do rozpocz\u0119cia nabo\u017ce\u0144stwa Gorzkich \u017bali.<br \/>\n3.\tJeszcze dzisiaj odb\u0119d\u0105 si\u0119 nast\u0119puj\u0105ce spotkania:<br \/>\n&#8211; o godz. 15.30 dla os\u00f3b zainteresowanych 4 dniow\u0105 pielgrzymk\u0105 na Suwalszczyzn\u0119 i Litw\u0119 w dniach 20-23 czerwca 2024<br \/>\n&#8211; o godz. 16.20 dla m\u0142odzie\u017cy  przed sakramentem bierzmowania<br \/>\n&#8211; o godz. 19.00 dla rodzic\u00f3w dzieci zainteresowanych letnim wyjazdem  wakacyjnym dzieci do Sumowa k. Sejn oraz do Wilna i Druskiennik.<br \/>\nWszystkie spotkania odbywa\u0107 si\u0119 b\u0119d\u0105  w salce pod zakrysti\u0105.<br \/>\n4.\tR\u00f3wnie\u017c dzisiaj o godz. 15.30 w Muzeum Historycznym na Piaskach odb\u0119dzie si\u0119 wyk\u0142ad Pana Krzysztofa Ko\u0142odziejczyka pt.: \u201eNarodowy Dzie\u0144 pami\u0119ci \u017bo\u0142nierzy Wykl\u0119tych\u201d. Wst\u0119p wolny.<br \/>\n5.\tJutro, 4 marca, w liturgii wspomina\u0107 b\u0119dziemy \u015bw. Kazimierza Kr\u00f3lewicza. Pami\u0119tajmy w tym dniu w spos\u00f3b szczeg\u00f3lny o ksi\u0119dzu Biskupie Seniorze Kazimierzu Romaniuku, \u017cycz\u0105c mu du\u017co zdrowia, si\u0142, mocy do walki z chorob\u0105 i Bo\u017cego b\u0142ogos\u0142awie\u0144stwa. O godz. 18.00 zapraszamy na Msz\u0119 \u015bwi\u0119t\u0105 wotywn\u0105 o Duchu \u015awi\u0119tym.<br \/>\n6.\tJeszcze do jutra mo\u017cna zg\u0142asza\u0107 modlitwy za kap\u0142an\u00f3w, tzw. MARGARETKI \u2013 informacja i karty zg\u0142oszeniowe znajduj\u0105 si\u0119 na stolikach za \u0142awkami. Osoby, kt\u00f3re wyrazi\u0142y ch\u0119\u0107 modlitwy, zapraszamy w nast\u0119pny poniedzia\u0142ek, 11 marca, na Msz\u0119 \u015bwi\u0119t\u0105 o godz. 18.00, kt\u00f3ra b\u0119dzie odprawiana  w intencji kap\u0142an\u00f3w oraz os\u00f3b podejmuj\u0105cych si\u0119 modlitwy.<br \/>\n7.\tW poniedzia\u0142ek o godz. 19.00 odb\u0119dzie si\u0119 spotkanie  informacyjno-formacyjne dla rodzic\u00f3w dzieci klas III szko\u0142y podstawowej przed I Komuni\u0105 \u015bwi\u0119t\u0105.<br \/>\n8.\tW tym tygodniu nieodp\u0142atnie b\u0119dzie przyjmowa\u0142 psycholog w poniedzia\u0142ek w godz. 18.00-20.00 i prawnik we wtorek w godz. 19.00-21.00 w budynku Centrum Wsparcia Fizycznego.<br \/>\n9.\tW I czwartek miesi\u0105ca, 7 marca,  po Mszy \u015bwi\u0119tej o godz. 18.00 wystawienie Naj\u015bwi\u0119tszego Sakramentu, koronka do Bo\u017cego Mi\u0142osierdzia i adoracja do godz. 21.00.<br \/>\n10.\t7 marca o godz. 18.00 w siedzibie Fundacji Pasja \u017bycia na ul. Stru\u017ca\u0144skiej, odb\u0119dzie si\u0119 spotkanie z podr\u00f3\u017cnikiem , fotografem i autorem ksi\u0105\u017cek Panem Januszem Rosikoniem pt.: \u201eNajwi\u0119ksze \u015bwiadectwo \u2013 Relikwie Chrystusowe\u201d. Wst\u0119p wolny.<br \/>\n11.\t8 marca obchodzimy Dzie\u0144 Kobiet. Ju\u017c dzisiaj wszystkim Paniom \u017cyczymy zdrowia, szacunku, wile mi\u0142o\u015bci, Bo\u017cego b\u0142ogos\u0142awie\u0144stwa i by Dzie\u0144 Kobiet  by\u0142 nie tylko raz w roku, ale na co dzie\u0144.<br \/>\n12.\t8 marca w Ratuszu odb\u0119dzie si\u0119 promocja zdrowia pt.: \u201eZdrowy Dzie\u0144 Kobiet \u2013 nie tylko dla Pa\u0144\u201d. W programie: badanie t\u0119tna i saturacji, nauka badania piersi na fantomach, spirometria, badanie ci\u015bnienia, badania osteoporozy i s\u0142uchu. W dniach 8-10 marca mo\u017cna wykona\u0107 bezp\u0142atne badania nowotworu uk\u0142adu pokarmowego. Zapisy od 4 marca pod numerem telefonu 22-766-40-90. Wi\u0119cej informacji na plakacie.<br \/>\n13.\tW pi\u0105tek Odnowa w Duchu \u015awi\u0119tym \u2013 Dzieci Maryi zapraszaj\u0105 na adoracj\u0119 krzy\u017ca. O godz. 18.45 Droga krzy\u017cowa, a bezpo\u015brednio po niej rozpocznie si\u0119 szczeg\u00f3lne nabo\u017ce\u0144stwo, kt\u00f3re trwa\u0107 b\u0119dzie do godz. 21.00. W programie modlitwa Pismem \u015awi\u0119tym, rozwa\u017canie grzech\u00f3w g\u0142\u00f3wnych, \u015bpiew, wiele ciszy i skupienie. Serdecznie zapraszamy.<br \/>\n14.\tZa tydzie\u0144, w niedziel\u0119, o godz. 10.25 kolejna katecheza dla dzieci klas III szko\u0142y podstawowej przed I Komuni\u0105 \u015bwi\u0119t\u0105.<br \/>\n15.\t17 marca Wojownicy Maryi zapraszaj\u0105 do Areny Legionowo w godz. 09.30-15.30 na Otwarte spotkanie rodzinne. Pocz\u0105tek o godz. 09.30 na rynku i przemarsz w procesji r\u00f3\u017ca\u0144cowej do Areny. W programie modlitwa, wyst\u0119py zespo\u0142\u00f3w chrze\u015bcija\u0144skich, Eucharystia, adoracja Naj\u015bwi\u0119tszego Sakramentu. Wi\u0119cej informacji na plakacie.<br \/>\n16.\tWychodz\u0105c z ko\u015bcio\u0142a wolontariusze uczniowie ze Szko\u0142y podstawowej nr 1 w Legionowie b\u0119d\u0105 zbiera\u0107 ofiary na leczenie ma\u0142ego Oliwiera. Jak s\u0142yszeli\u015bmy tydzie\u0144 temu Oliwier widzi niewiele, tylko bardzo mocne \u015bwiat\u0142o z bliskiej odleg\u0142o\u015bci. Przez to wszystko ch\u0142opiec rozwija si\u0119 du\u017co wolniej ni\u017c jego zdrowi r\u00f3wie\u015bnicy \u2013 wci\u0105\u017c nie chodzi ani nawet nie raczkuje. Ma uci\u0105\u017cliw\u0105 wybi\u00f3rczo\u015b\u0107 pokarmow\u0105, spo\u017cywa tylko p\u0142ynne posi\u0142ki. Boi si\u0119 zabra\u0107 jedzenie do r\u0105czek i nie potrafi nic ugry\u017a\u0107. Choroba post\u0119puje i je\u015bli w por\u0119 nie zostan\u0105 wykonane operacje, to ch\u0142opiec b\u0119dzie niewidomy do ko\u0144ca \u017cycia.<\/p>\n","protected":false},"excerpt":{"rendered":"<p>1. W czwartek 7 marca Ksi\u0105dz Proboszcz obchodzi dzie\u0144 swoich imienin i urodzin. W dniu dzisiejszym na Mszach \u015bwi\u0119tych b\u0119dziemy mogli poprzez modlitw\u0119, dobre s\u0142owo i kwiaty wyrazi\u0107 wdzi\u0119czno\u015b\u0107 i z\u0142o\u017cy\u0107 najserdeczniejsze \u017cyczenia Jubilatowi i Solenizantowi. W czwartek 7 marca Msza \u015bwi\u0119ta w intencji Ksi\u0119dza Proboszcza o godz. 18.00. Serdecznie zapraszamy do wsp\u00f3lnej modlitwy. 2. [&hellip;]<\/p>\n","protected":false},"author":1,"featured_media":30657,"comment_status":"closed","ping_status":"closed","sticky":false,"template":"","format":"standard","meta":{"footnotes":""},"categories":[2,14],"tags":[],"class_list":["post-21938","post","type-post","status-publish","format-standard","has-post-thumbnail","hentry","category-aktualnosci","category-ogloszenia-parafialne"],"_links":{"self":[{"href":"https:\/\/mbfatimska.ovh\/index.php\/wp-json\/wp\/v2\/posts\/21938","targetHints":{"allow":["GET"]}}],"collection":[{"href":"https:\/\/mbfatimska.ovh\/index.php\/wp-json\/wp\/v2\/posts"}],"about":[{"href":"https:\/\/mbfatimska.ovh\/index.php\/wp-json\/wp\/v2\/types\/post"}],"author":[{"embeddable":true,"href":"https:\/\/mbfatimska.ovh\/index.php\/wp-json\/wp\/v2\/users\/1"}],"replies":[{"embeddable":true,"href":"https:\/\/mbfatimska.ovh\/index.php\/wp-json\/wp\/v2\/comments?post=21938"}],"version-history":[{"count":0,"href":"https:\/\/mbfatimska.ovh\/index.php\/wp-json\/wp\/v2\/posts\/21938\/revisions"}],"wp:featuredmedia":[{"embeddable":true,"href":"https:\/\/mbfatimska.ovh\/index.php\/wp-json\/wp\/v2\/media\/30657"}],"wp:attachment":[{"href":"https:\/\/mbfatimska.ovh\/index.php\/wp-json\/wp\/v2\/media?parent=21938"}],"wp:term":[{"taxonomy":"category","embeddable":true,"href":"https:\/\/mbfatimska.ovh\/index.php\/wp-json\/wp\/v2\/categories?post=21938"},{"taxonomy":"post_tag","embeddable":true,"href":"https:\/\/mbfatimska.ovh\/index.php\/wp-json\/wp\/v2\/tags?post=21938"}],"curies":[{"name":"wp","href":"https:\/\/api.w.org\/{rel}","templated":true}]}}