{"id":21949,"date":"2024-03-10T08:05:40","date_gmt":"2024-03-10T07:05:40","guid":{"rendered":"https:\/\/www.mbfatimska.pl\/?p=21949"},"modified":"2024-03-10T08:05:40","modified_gmt":"2024-03-10T07:05:40","slug":"iv-niedziela-wielkiego-postu-5","status":"publish","type":"post","link":"https:\/\/mbfatimska.ovh\/index.php\/2024\/03\/10\/iv-niedziela-wielkiego-postu-5\/","title":{"rendered":"IV niedziela Wielkiego Postu"},"content":{"rendered":"<p>1.\tJeszcze dzisiaj o godz. 10.25 katecheza dla dzieci klas III szko\u0142y podstawowej przed I Komuni\u0105 \u015bwi\u0119t\u0105.<br \/>\n2.\tW tym tygodniu w budynku Centrum Wsparcia Fizycznego mo\u017cna skorzysta\u0107 z darmowych porad i konsultacji:<br \/>\n&#8211; we wtorek prawnika w godz. 19.00-21.00<br \/>\n&#8211; w czwartek poradni \u017cycia rodzinnego i mediacji ma\u0142\u017ce\u0144skiej w godz. 18.00-20.00.<br \/>\n3.\t15 marca w Warszawie odb\u0119dzie si\u0119 M\u0119ska Droga Krzy\u017cowa za \u017cyciem. Pocz\u0105tek o godz. 18.30 Msz\u0105 \u015bwi\u0119t\u0105 w ko\u015bciele \u015bw. Anny na Krakowskim Przedmie\u015bciu, o godz. 19.30 Droga Krzy\u017cowa, kt\u00f3ra wyruszy z placu Zamkowego i uda si\u0119 do Bazyliki \u015awi\u0119tego Krzy\u017ca.<br \/>\n4.\t17 marca Wojownicy Maryi zapraszaj\u0105 do Areny Legionowo w godz. 09.30-15.30 na Otwarte spotkanie rodzinne. Pocz\u0105tek o godz. 09.30 na rynku i przemarsz w procesji r\u00f3\u017ca\u0144cowej do Areny. W programie modlitwa, wyst\u0119py zespo\u0142\u00f3w chrze\u015bcija\u0144skich, Eucharystia, adoracja Naj\u015bwi\u0119tszego Sakramentu. Wi\u0119cej informacji na plakacie.<br \/>\n5.\tOd 16 do 24 marca po ka\u017cdej ostatniej Mszy \u015bwi\u0119tej wieczornej odb\u0119dzie si\u0119 nowenna w intencji Ojczyzny, zgody narodowej i poszanowania \u017cycia ludzkiego za wstawiennictwem \u015bw. Andrzeja Boboli i b\u0142. Jerzego Popie\u0142uszki. Plakat informacyjny znajduje si\u0119 w gablocie.<br \/>\n6.\tW naszej parafii, w pi\u0105tek o godz. 20.00, odb\u0119dzie si\u0119 doroczna Ekstremalna Droga Krzy\u017cowa. Trasa b\u0119dzie liczy\u0142a ok. 18 km. Wyruszymy spod ko\u015bcio\u0142a i wr\u00f3cimy do ko\u015bcio\u0142a. Prosimy ubra\u0107 si\u0119 stosownie do pogody, za\u0142o\u017cy\u0107 odpowiednie obuwie i zabra\u0107 latarki. Dzieci i m\u0142odzie\u017c, kt\u00f3ra chce wzi\u0105\u0107 udzia\u0142 w tym wydarzeniu musi by\u0107 pod opiek\u0105 rodzic\u00f3w. Tego dnia pozosta\u0142e nabo\u017ce\u0144stwa Drogi Krzy\u017cowej bez zmian, a wi\u0119c o godz. 16.30 dla dzieci i o godz. 18.45 dla doros\u0142ych.<br \/>\n7.\tW pi\u0105tek odby\u0142a si\u0119 adoracja Krzy\u017ca. Dzi\u0119kujemy wsp\u00f3lnocie Odnowa w Duchu \u015awi\u0119tym i innym grupom parafialnym za przygotowanie i przeprowadzenie nabo\u017ce\u0144stwa. Dzi\u0119kujemy wszystkim tym, kt\u00f3rzy wzi\u0119li udzia\u0142 w tym wielkopostnym wydarzeniu modlitewnym.<br \/>\n8.\tDyrekcja Szko\u0142y Podstawowej nr 1 w Legionowie, opiekunowie szkolnego wolontariatu i sami wolontariusze dzi\u0119kuj\u0105 wszystkim tym kt\u00f3rzy w ubieg\u0142\u0105 niedziel\u0119 wsparli swymi ofiarami leczenie ma\u0142ego Oliwiera. W sumie zosta\u0142o zebrane ponad 7100 z\u0142. B\u00f3g zap\u0142a\u0107 za dobre serce i ofiarno\u015b\u0107.<br \/>\n9.\tW sobot\u0119 w godz. 10.00-14.00 odb\u0119d\u0105 si\u0119 w budynku Klubu Seniora kolejne warsztaty kulinarno-cukiernicze. W tym tygodniu b\u0119d\u0105 wykonywane mazurki wielkanocne. Obok umiej\u0119tno\u015bci robienia wypiek\u00f3w, b\u0119d\u0105 konkursy z nagrodami, wiele zabawy i dobrej Bo\u017cej atmosfery. Serdecznie zapraszamy.<br \/>\n10.\tW przysz\u0142\u0105 niedziel\u0119 do po\u0142udnia Seniorzy z Klubu Seniora AMICUS zapraszaj\u0105 nas przed ko\u015bcio\u0142em na kiermasz swojej tw\u00f3rczo\u015bci. B\u0119dzie szereg r\u00f3\u017cnych ozd\u00f3b \u015bwi\u0105tecznych, pierniki, ikony wykonane technik\u0105 decoupage i wiele jeszcze innych ciekawych rzeczy.<br \/>\n11.\tR\u00f3wnie\u017c w przysz\u0142\u0105 niedziel\u0119 o godz. 10.25 katecheza dla dzieci klas IV szko\u0142y podstawowej przed rocznic\u0105 I Komunii \u015bwi\u0119tej, a o godz. 16.30 spotkanie dla m\u0142odzie\u017cy przed sakramentem bierzmowania.<br \/>\n12.\tW przysz\u0142\u0105 niedziel\u0119, na Mszy \u015bwi\u0119tej o godz. 18.00 go\u015bci\u0107 b\u0119dziemy ch\u00f3r Deo Omnis Gloria z parafii Matki Bo\u017cej Zwyci\u0119skiej z Warszawy Rembertowa, kt\u00f3ry zapewni opraw\u0119 Mszy \u015bwi\u0119tej i po Eucharystii da nam 30 minutowy koncert pie\u015bni pasyjnych . Serdecznie zapraszamy na to jak\u017ce wa\u017cne duchowe prze\u017cycie wielkopostne.<br \/>\n13.     Osoby, kt\u00f3re wyrazi\u0142y ch\u0119\u0107 modlitwy za kap\u0142an\u00f3w tzw. MARGARETKI zapraszamy w sobot\u0119 23 marca, na Msz\u0119 \u015bwi\u0119t\u0105 o godz. 18.00, kt\u00f3ra b\u0119dzie odprawiana w intencji kap\u0142an\u00f3w oraz os\u00f3b podejmuj\u0105cych si\u0119 modlitwy.<\/p>\n","protected":false},"excerpt":{"rendered":"<p>1. Jeszcze dzisiaj o godz. 10.25 katecheza dla dzieci klas III szko\u0142y podstawowej przed I Komuni\u0105 \u015bwi\u0119t\u0105. 2. W tym tygodniu w budynku Centrum Wsparcia Fizycznego mo\u017cna skorzysta\u0107 z darmowych porad i konsultacji: &#8211; we wtorek prawnika w godz. 19.00-21.00 &#8211; w czwartek poradni \u017cycia rodzinnego i mediacji ma\u0142\u017ce\u0144skiej w godz. 18.00-20.00. 3. 15 marca [&hellip;]<\/p>\n","protected":false},"author":1,"featured_media":30657,"comment_status":"closed","ping_status":"closed","sticky":false,"template":"","format":"standard","meta":{"footnotes":""},"categories":[2,14],"tags":[],"class_list":["post-21949","post","type-post","status-publish","format-standard","has-post-thumbnail","hentry","category-aktualnosci","category-ogloszenia-parafialne"],"_links":{"self":[{"href":"https:\/\/mbfatimska.ovh\/index.php\/wp-json\/wp\/v2\/posts\/21949","targetHints":{"allow":["GET"]}}],"collection":[{"href":"https:\/\/mbfatimska.ovh\/index.php\/wp-json\/wp\/v2\/posts"}],"about":[{"href":"https:\/\/mbfatimska.ovh\/index.php\/wp-json\/wp\/v2\/types\/post"}],"author":[{"embeddable":true,"href":"https:\/\/mbfatimska.ovh\/index.php\/wp-json\/wp\/v2\/users\/1"}],"replies":[{"embeddable":true,"href":"https:\/\/mbfatimska.ovh\/index.php\/wp-json\/wp\/v2\/comments?post=21949"}],"version-history":[{"count":0,"href":"https:\/\/mbfatimska.ovh\/index.php\/wp-json\/wp\/v2\/posts\/21949\/revisions"}],"wp:featuredmedia":[{"embeddable":true,"href":"https:\/\/mbfatimska.ovh\/index.php\/wp-json\/wp\/v2\/media\/30657"}],"wp:attachment":[{"href":"https:\/\/mbfatimska.ovh\/index.php\/wp-json\/wp\/v2\/media?parent=21949"}],"wp:term":[{"taxonomy":"category","embeddable":true,"href":"https:\/\/mbfatimska.ovh\/index.php\/wp-json\/wp\/v2\/categories?post=21949"},{"taxonomy":"post_tag","embeddable":true,"href":"https:\/\/mbfatimska.ovh\/index.php\/wp-json\/wp\/v2\/tags?post=21949"}],"curies":[{"name":"wp","href":"https:\/\/api.w.org\/{rel}","templated":true}]}}