{"id":22071,"date":"2024-03-17T07:08:58","date_gmt":"2024-03-17T06:08:58","guid":{"rendered":"https:\/\/www.mbfatimska.pl\/?p=22071"},"modified":"2024-03-17T07:08:58","modified_gmt":"2024-03-17T06:08:58","slug":"v-niedziela-wielkiego-postu-5","status":"publish","type":"post","link":"https:\/\/mbfatimska.ovh\/index.php\/2024\/03\/17\/v-niedziela-wielkiego-postu-5\/","title":{"rendered":"V niedziela Wielkiego Postu"},"content":{"rendered":"<p>1.\tW dniu dzisiejszym na Mszach \u015bwi\u0119tych przedpo\u0142udniowych  Seniorzy z Klubu Seniora AMICUS przed ko\u015bcio\u0142em zapraszaj\u0105 nas na kiermasz w\u0142asnor\u0119cznie wykonanych ozd\u00f3b \u015bwi\u0105tecznych piernik\u00f3w stroik\u00f3w, ikon i wielu jeszcze innych mi\u0142ych i przydatnych przedmiot\u00f3w.<br \/>\n2.\tR\u00f3wnie\u017c dzisiaj odb\u0119d\u0105 si\u0119 nast\u0119puj\u0105ce spotkania:<br \/>\n&#8211; o godz. 10.25 katecheza dla dzieci klas IV szko\u0142y podstawowej przed Komuni\u0105 \u015bwi\u0119t\u0105 rocznicow\u0105<br \/>\n&#8211; o godz. 16.20 spotkanie formacyjne dla m\u0142odzie\u017cy przed sakramentem bierzmowania<br \/>\n3.\tR\u00f3wnie\u017c dzisiaj na Mszy \u015bwi\u0119tej o godz. 18.00 wyst\u0105pi ch\u00f3r  Deo Omnis Gloria z parafii Matki Bo\u017cej Zwyci\u0119skiej z Warszawy Rembertowa, kt\u00f3ry zapewni opraw\u0119 Mszy \u015bwi\u0119tej i po Eucharystii da nam 30 minutowy koncert pie\u015bni pasyjnych . Serdecznie zapraszamy na to jak\u017ce wa\u017cne duchowe prze\u017cycie wielkopostne.<br \/>\n4.\tWe wtorek, 19 marca zapraszamy na nabo\u017ce\u0144stwo do \u015bw. J\u00f3zefa patrona rodzin i ma\u0142\u017ce\u0144stw. Tego dnia przypada uroczysto\u015b\u0107 \u015bw. J\u00f3zefa. Zapraszamy na Msze \u015bwi\u0119te o godz. 17.00 i 18.00. Po Mszy \u015bwi\u0119tej o godz. 18.00 b\u0119dziemy modli\u0107 si\u0119 comiesi\u0119czn\u0105 modlitw\u0105 do patrona rodzin.<br \/>\n5.\tW tym tygodniu od czwartku do soboty odb\u0119d\u0105 si\u0119 doroczne rekolekcje wielkopostne. Poprowadzi je Ks. dr Maciej Mi\u0119tek \u2013 kanclerz naszej kurii. W czwartek nauki o godz. 09.00, 16.30 dla dzieci, o godz. 18.00 i 19.45. W pi\u0105tek o godz. 09.00, 16.00 Droga Krzy\u017cowa dla dzieci, 16.30 dla dzieci, 18.00, godz. 19.00 Droga Krzy\u017cowa dla doros\u0142ych i 19.45. W sobot\u0119 o godz. 09.00, 16.30 dla dzieci, 18.00 i 19.45.<br \/>\n6.\tW sobot\u0119 w godz. 11.00-13.00 pragniemy uda\u0107 si\u0119 do chorych z pos\u0142ug\u0105 sakramentaln\u0105. Adresy chorych prosz\u0119 zg\u0142asza\u0107 do czwartku w\u0142\u0105cznie.<br \/>\n7.\tNabo\u017ce\u0144stwo do \u015bw. Rity, kt\u00f3re przypada 22 dnia miesi\u0105ca, w tym miesi\u0105cu ze wzgl\u0119du na rekolekcje b\u0119dzie sprawowane po Mszy \u015bwi\u0119tej o godz. 09.00. Intencje b\u0119dzie mo\u017cna z\u0142o\u017cy\u0107 przed Msz\u0105 \u015bwi\u0119t\u0105 i r\u00f3wnie\u017c zakupi\u0107 r\u00f3\u017ce.<br \/>\n8.\tOsoby, kt\u00f3re wyrazi\u0142y ch\u0119\u0107 modlitwy za kap\u0142an\u00f3w tzw. MARGARETKI zapraszamy w sobot\u0119 23 marca, na Msz\u0119 \u015bwi\u0119t\u0105 o godz. 19.45, kt\u00f3ra b\u0119dzie odprawiana w intencji kap\u0142an\u00f3w oraz os\u00f3b podejmuj\u0105cych si\u0119 modlitwy.<br \/>\n9.\tW czasie rekolekcji, w pi\u0105tek i w sobot\u0119 po Mszy \u015bwi\u0119tej o godz. 09.00 osoby niepe\u0142nosprawne z Warsztatu Terapii Zaj\u0119ciowe \u015bw. Rity zaprosz\u0105 przed ko\u015bcio\u0142em na kiermasz w\u0142asnor\u0119cznie wykonanych ozd\u00f3b \u015bwi\u0105tecznych i nie tylko.<br \/>\n10.\tR\u00f3wnie\u017c w czasie rekolekcji i w niedziel\u0119 b\u0119dzie mo\u017cna zakupi\u0107 palemki na Niedziel\u0119 Palmow\u0105.<br \/>\n11.\tW przysz\u0142\u0105 niedziel\u0119 obchodzi\u0107 b\u0119dziemy Niedziel\u0119 Palmow\u0105 upami\u0119tniaj\u0105c\u0105 wjazd Pana Jezusa do Jerozolimy. Niedziela ta rozpoczyna obchody Wielkiego Tygodnia. Na wszystkich Mszach \u015bwi\u0119tych obrz\u0119d po\u015bwi\u0119cenia palm. Msza \u015bwi\u0119ta o godz. 11.00 rozpocznie si\u0119 na schodach Warsztatu Terapii Zaj\u0119ciowej \u015bw. Rity, gdzie kiedy\u015b by\u0142a kaplica. Tam po\u015bwi\u0119cimy ga\u0142\u0105zki palmowe i uroczy\u015bcie wejdziemy do ko\u015bcio\u0142a aby uczestniczy\u0107 w Liturgii M\u0119ki Pa\u0144skiej.<br \/>\n12.\tW pi\u0105tek odby\u0142a si\u0119 ekstremalna Droga Krzy\u017cowa. Trasa liczy\u0142a ponad 18 km i wzi\u0119\u0142o w niej udzia\u0142 40 os\u00f3b. Dzi\u0119kujemy Panu Krzysztofowi Badeji za przygotowanie trasy Drogi Krzy\u017cowej ks. Markowi za jej przeprowadzenie i wszystkim za uczestnictwo.<br \/>\n13.\tW tym tygodniu w budynku Centrum Wsparcia Fizycznego b\u0119dzie mo\u017cna skorzysta\u0107 z bezp\u0142atnych porad:<br \/>\n&#8211; w poniedzia\u0142ek w godz. 18.00-20.00 \u2013 psychologa<br \/>\n&#8211; we czwartek w godz. 18.00-20.00 \u2013 poradni \u017cycia rodzinnego z mediacj\u0105 rodzinn\u0105<br \/>\n14.     W przysz\u0142\u0105 niedziel\u0119 ze wzgl\u0119du na Niedziel\u0119 Palmow\u0105, spotkanie dla dzieci klas III szko\u0142y podstawowej przed I Komuni\u0105 \u015bwi\u0119t\u0105 jest odwo\u0142ane.<\/p>\n","protected":false},"excerpt":{"rendered":"<p>1. W dniu dzisiejszym na Mszach \u015bwi\u0119tych przedpo\u0142udniowych Seniorzy z Klubu Seniora AMICUS przed ko\u015bcio\u0142em zapraszaj\u0105 nas na kiermasz w\u0142asnor\u0119cznie wykonanych ozd\u00f3b \u015bwi\u0105tecznych piernik\u00f3w stroik\u00f3w, ikon i wielu jeszcze innych mi\u0142ych i przydatnych przedmiot\u00f3w. 2. R\u00f3wnie\u017c dzisiaj odb\u0119d\u0105 si\u0119 nast\u0119puj\u0105ce spotkania: &#8211; o godz. 10.25 katecheza dla dzieci klas IV szko\u0142y podstawowej przed Komuni\u0105 \u015bwi\u0119t\u0105 [&hellip;]<\/p>\n","protected":false},"author":1,"featured_media":30657,"comment_status":"closed","ping_status":"closed","sticky":false,"template":"","format":"standard","meta":{"footnotes":""},"categories":[2,14],"tags":[],"class_list":["post-22071","post","type-post","status-publish","format-standard","has-post-thumbnail","hentry","category-aktualnosci","category-ogloszenia-parafialne"],"_links":{"self":[{"href":"https:\/\/mbfatimska.ovh\/index.php\/wp-json\/wp\/v2\/posts\/22071","targetHints":{"allow":["GET"]}}],"collection":[{"href":"https:\/\/mbfatimska.ovh\/index.php\/wp-json\/wp\/v2\/posts"}],"about":[{"href":"https:\/\/mbfatimska.ovh\/index.php\/wp-json\/wp\/v2\/types\/post"}],"author":[{"embeddable":true,"href":"https:\/\/mbfatimska.ovh\/index.php\/wp-json\/wp\/v2\/users\/1"}],"replies":[{"embeddable":true,"href":"https:\/\/mbfatimska.ovh\/index.php\/wp-json\/wp\/v2\/comments?post=22071"}],"version-history":[{"count":0,"href":"https:\/\/mbfatimska.ovh\/index.php\/wp-json\/wp\/v2\/posts\/22071\/revisions"}],"wp:featuredmedia":[{"embeddable":true,"href":"https:\/\/mbfatimska.ovh\/index.php\/wp-json\/wp\/v2\/media\/30657"}],"wp:attachment":[{"href":"https:\/\/mbfatimska.ovh\/index.php\/wp-json\/wp\/v2\/media?parent=22071"}],"wp:term":[{"taxonomy":"category","embeddable":true,"href":"https:\/\/mbfatimska.ovh\/index.php\/wp-json\/wp\/v2\/categories?post=22071"},{"taxonomy":"post_tag","embeddable":true,"href":"https:\/\/mbfatimska.ovh\/index.php\/wp-json\/wp\/v2\/tags?post=22071"}],"curies":[{"name":"wp","href":"https:\/\/api.w.org\/{rel}","templated":true}]}}