{"id":22094,"date":"2024-03-24T07:06:23","date_gmt":"2024-03-24T06:06:23","guid":{"rendered":"https:\/\/www.mbfatimska.pl\/?p=22094"},"modified":"2024-03-24T07:06:23","modified_gmt":"2024-03-24T06:06:23","slug":"niedziela-palmowa-5","status":"publish","type":"post","link":"https:\/\/mbfatimska.ovh\/index.php\/2024\/03\/24\/niedziela-palmowa-5\/","title":{"rendered":"Niedziela Palmowa"},"content":{"rendered":"<p>1.\tW dniu wczorajszym zako\u0144czyli\u015bmy doroczne rekolekcje wielkopostne. Dzi\u0119kujemy tym, kt\u00f3rzy wzi\u0119li udzia\u0142 w rekolekcjach przez s\u0142uchanie S\u0142owa Bo\u017cego, a nade wszystko przez skorzystanie z sakramentu pokuty i Eucharystii. Dzi\u0119kujemy spowiednikom, kt\u00f3rzy s\u0142u\u017cyli nam w konfesjona\u0142ach.<br \/>\n2.\tDzisiaj Niedziela Palmowa, kt\u00f3ra rozpoczyna czas Wielkiego Tygodnia. Obrz\u0119d po\u015bwi\u0119cenia palm na ka\u017cdej Mszy \u015bwi\u0119tej. Msza \u015bwi\u0119ta o godz. 11.00 rozpocznie si\u0119 na schodach Warsztatu Terapii Zaj\u0119ciowej \u015bw. Rity gdzie dawniej mie\u015bci\u0142a si\u0119 kaplica.<br \/>\n3.\t25 marca obchodzimy Dzie\u0144 \u015awi\u0119to\u015bci \u017bycia i mo\u017cemy z\u0142o\u017cy\u0107 swoje deklaracje Duchowej Adopcji dziecka nienarodzonego a pocz\u0119tego. Poprzez t\u0119 adopcj\u0119 modlimy si\u0119 za kobiety, kt\u00f3re borykaj\u0105 si\u0119 z my\u015bl\u0105 czy urodzi\u0107 pocz\u0119te dziecko. Deklaracje wy\u0142o\u017cone b\u0119d\u0105 na stolikach za \u0142awkami. Podczas Mszy \u015bwi\u0119tej o godz. 18.00 w poniedzia\u0142ek, b\u0119dziemy je uroczy\u015bcie sk\u0142ada\u0107 na o\u0142tarzu wcze\u015bniej odmawiaj\u0105c akt przyrzeczenia adopcji.<br \/>\n4.\tW \u015brod\u0119 27 marca na Mszy \u015bwi\u0119tej o godz. 18.00 modli\u0107 si\u0119 b\u0119dziemy za naszych bliskich zmar\u0142ych polecanych w wypominkach.<br \/>\n5.\tOd czwartku rozpoczynamy \u015awi\u0119te Triduum paschalne. Liturgia w czwartek, pi\u0105tek i sobot\u0119 b\u0119dzie sprawowana o godz. 18.00.<br \/>\n6.\tW Wielki Pi\u0105tek obowi\u0105zuje nas post \u015bcis\u0142y \u2013 ilo\u015bciowy i jako\u015bciowy. Wolno nam zje\u015b\u0107 trzy posi\u0142ki w tym jeden do syta . Zach\u0119camy do zachowania charakteru postnego naszych posi\u0142k\u00f3w r\u00f3wnie\u017c w Wielk\u0105 Sobot\u0119, a\u017c do momentu Wigilii Paschalnej.<br \/>\n7.\tW Wielki Pi\u0105tek o godz. 21.00 ulicami naszej parafii przejdzie doroczna procesja  Drogi Krzy\u017cowej. Trasa procesji jak co roku ta sama. Rozpoczynamy na placu ko\u015bcielnym od Apelu Jasnog\u00f3rskiego. Zach\u0119camy wszystkich do licznego udzia\u0142u w tym szczeg\u00f3lnym dniu pokutnym.<br \/>\n8.\tW Wielk\u0105 Sobot\u0119 \u015bwi\u0119cenie pokarm\u00f3w w naszej \u015bwi\u0105tyni od godz. 08.00 do 17.00 non stop. Na Stanis\u0142awowie II w Gminnym O\u015brodku Kultury o godz. 10.00.<br \/>\n9.\tPodczas Triduum Paschalnego zach\u0119camy do adoracji Naj\u015bwi\u0119tszego Sakramentu<br \/>\n&#8211; w Wielki Czwartek od godz. 19.30 do 22.00<br \/>\n&#8211; w Wielki Pi\u0105tek od godz. 08.00 do 17.30 i od godz. 19.30 do 21.00<br \/>\n&#8211; w Wielk\u0105 Sobot\u0119 od godz. 08.00 do 17.30 oraz od godz. 19.30 do 22.00<br \/>\n10.\tZach\u0119camy r\u00f3wnie\u017c do wzi\u0119cia udzia\u0142u w Ciemnej Jutrzni w Wielki Pi\u0105tek i Wielk\u0105 Sobot\u0119 o godz. 07.30.<br \/>\n11.\tProcesja Rezurekcyjna w Niedziel\u0119 Zmartwychwstania Pa\u0144skiego o godz. 06.30. Bezpo\u015brednio po niej b\u0119dzie sprawowana uroczysta Msza \u015bwi\u0119ta. Tego dnia nie b\u0119dzie Mszy \u015bwi\u0119tej o godz. 09.00. Kolejne Msze \u015bwi\u0119te b\u0119d\u0105 sprawowane o godz. 11.00, 12.30 i 18.00. Pami\u0119tajmy, \u017ce z soboty na niedziel\u0119 przestawiamy zegarki. B\u0119dziemy spa\u0107 o godzin\u0119 kr\u00f3cej.<br \/>\n12.\tW Poniedzia\u0142ek Wielkanocny Msze \u015bwi\u0119te b\u0119d\u0105 sprawowane wed\u0142ug porz\u0105dku niedzielnego.<br \/>\n13.\tSpotkanie dla rodzic\u00f3w dzieci komunijnych odb\u0119dzie si\u0119 we wtorek 2 kwietnia o godz. 19.00 a nie jak wcze\u015bniej planowano 10 kwietnia.<br \/>\n14.\tNa jutro i wtorek na godz. 08.00 zapraszamy pan\u00f3w i panie do pomocy przy dekoracji \u015bwi\u0105tyni na \u015bwi\u0119ta. Trzeba zrobi\u0107 Ciemnic\u0119 i Gr\u00f3b Pa\u0144ski. Nie ogl\u0105dajmy si\u0119 na innych, ale mo\u017ce sami do\u0142\u00f3\u017cmy stara\u0144 o w\u0142a\u015bciwe prze\u017cycie \u015awi\u0119tego Triduum Paschalnego i \u015bwi\u0105t.<br \/>\n15.\tWe wtorek w godz. 19.00-21.00 b\u0119dzie mo\u017cna nieodp\u0142atnie skorzysta\u0107 z porad prawnika. Porady odbywaj\u0105 si\u0119 w budynku Centrum Wsparcia Fizycznego.<\/p>\n","protected":false},"excerpt":{"rendered":"<p>1. W dniu wczorajszym zako\u0144czyli\u015bmy doroczne rekolekcje wielkopostne. Dzi\u0119kujemy tym, kt\u00f3rzy wzi\u0119li udzia\u0142 w rekolekcjach przez s\u0142uchanie S\u0142owa Bo\u017cego, a nade wszystko przez skorzystanie z sakramentu pokuty i Eucharystii. Dzi\u0119kujemy spowiednikom, kt\u00f3rzy s\u0142u\u017cyli nam w konfesjona\u0142ach. 2. Dzisiaj Niedziela Palmowa, kt\u00f3ra rozpoczyna czas Wielkiego Tygodnia. Obrz\u0119d po\u015bwi\u0119cenia palm na ka\u017cdej Mszy \u015bwi\u0119tej. Msza \u015bwi\u0119ta o [&hellip;]<\/p>\n","protected":false},"author":1,"featured_media":30657,"comment_status":"closed","ping_status":"closed","sticky":false,"template":"","format":"standard","meta":{"footnotes":""},"categories":[2,14],"tags":[],"class_list":["post-22094","post","type-post","status-publish","format-standard","has-post-thumbnail","hentry","category-aktualnosci","category-ogloszenia-parafialne"],"_links":{"self":[{"href":"https:\/\/mbfatimska.ovh\/index.php\/wp-json\/wp\/v2\/posts\/22094","targetHints":{"allow":["GET"]}}],"collection":[{"href":"https:\/\/mbfatimska.ovh\/index.php\/wp-json\/wp\/v2\/posts"}],"about":[{"href":"https:\/\/mbfatimska.ovh\/index.php\/wp-json\/wp\/v2\/types\/post"}],"author":[{"embeddable":true,"href":"https:\/\/mbfatimska.ovh\/index.php\/wp-json\/wp\/v2\/users\/1"}],"replies":[{"embeddable":true,"href":"https:\/\/mbfatimska.ovh\/index.php\/wp-json\/wp\/v2\/comments?post=22094"}],"version-history":[{"count":0,"href":"https:\/\/mbfatimska.ovh\/index.php\/wp-json\/wp\/v2\/posts\/22094\/revisions"}],"wp:featuredmedia":[{"embeddable":true,"href":"https:\/\/mbfatimska.ovh\/index.php\/wp-json\/wp\/v2\/media\/30657"}],"wp:attachment":[{"href":"https:\/\/mbfatimska.ovh\/index.php\/wp-json\/wp\/v2\/media?parent=22094"}],"wp:term":[{"taxonomy":"category","embeddable":true,"href":"https:\/\/mbfatimska.ovh\/index.php\/wp-json\/wp\/v2\/categories?post=22094"},{"taxonomy":"post_tag","embeddable":true,"href":"https:\/\/mbfatimska.ovh\/index.php\/wp-json\/wp\/v2\/tags?post=22094"}],"curies":[{"name":"wp","href":"https:\/\/api.w.org\/{rel}","templated":true}]}}