{"id":22144,"date":"2024-03-26T14:13:24","date_gmt":"2024-03-26T13:13:24","guid":{"rendered":"https:\/\/www.mbfatimska.pl\/?p=22144"},"modified":"2026-02-11T13:02:54","modified_gmt":"2026-02-11T13:02:54","slug":"dzien-swietosci-zycia","status":"publish","type":"post","link":"https:\/\/mbfatimska.ovh\/index.php\/2024\/03\/26\/dzien-swietosci-zycia\/","title":{"rendered":"Dzie\u0144 \u015awi\u0119to\u015bci \u017bycia"},"content":{"rendered":"\t\t<div data-elementor-type=\"wp-post\" data-elementor-id=\"22144\" class=\"elementor elementor-22144\" data-elementor-post-type=\"post\">\n\t\t\t\t<div class=\"elementor-element elementor-element-6270ebd e-flex e-con-boxed e-con e-parent\" data-id=\"6270ebd\" data-element_type=\"container\" data-e-type=\"container\">\n\t\t\t\t\t<div class=\"e-con-inner\">\n\t\t\t\t<div class=\"elementor-element elementor-element-b43b0e0 elementor-widget elementor-widget-text-editor\" data-id=\"b43b0e0\" data-element_type=\"widget\" data-e-type=\"widget\" data-widget_type=\"text-editor.default\">\n\t\t\t\t<div class=\"elementor-widget-container\">\n\t\t\t\t\t\t\t\t\t<p>25 marca w naszej parafii obchodzili\u015bmy Dzie\u0144 \u015awi\u0119to\u015bci \u017bycia. Na Mszy \u015bw. o godzinie 18.00 do\u015b\u0107 liczna grupa kobiet i m\u0119\u017cczyzn (22 osoby) z\u0142o\u017cy\u0142o swoje deklaracje Duchowej Adopcji dziecka nienarodzonego a pocz\u0119tego. Poprzez t\u0105 adopcj\u0119 osoby te wyrazi\u0142y ch\u0119\u0107 systematycznej modlitwy za kobiety, kt\u00f3re borykaj\u0105 si\u0119 z my\u015bl\u0105 czy urodzi\u0107 pocz\u0119te dziecko.<\/p><p>Podczas Eucharystii uroczy\u015bcie wcze\u015bniej podpisane deklaracje zosta\u0142y z\u0142o\u017cone na o\u0142tarz, a na koniec Mszy \u015bw. wszyscy, kt\u00f3rzy podj\u0119li trud walki o \u017cycie otrzymali uroczyste b\u0142ogos\u0142awie\u0144stwo, aby wytrwali w swych postanowieniach.<\/p>\t\t\t\t\t\t\t\t<\/div>\n\t\t\t\t<\/div>\n\t\t\t\t\t<\/div>\n\t\t\t\t<\/div>\n\t\t<div class=\"elementor-element elementor-element-452a5be e-flex e-con-boxed e-con e-parent\" data-id=\"452a5be\" data-element_type=\"container\" data-e-type=\"container\">\n\t\t\t\t\t<div class=\"e-con-inner\">\n\t\t\t\t<div class=\"elementor-element elementor-element-ac599eb elementor-widget elementor-widget-image-gallery\" data-id=\"ac599eb\" data-element_type=\"widget\" data-e-type=\"widget\" data-widget_type=\"image-gallery.default\">\n\t\t\t\t<div class=\"elementor-widget-container\">\n\t\t\t\t\t\t\t<div class=\"elementor-image-gallery\">\n\t\t\t<div id='gallery-1' class='gallery galleryid-22144 gallery-columns-4 gallery-size-thumbnail'><figure class='gallery-item'>\n\t\t\t<div class='gallery-icon portrait'>\n\t\t\t\t<a data-elementor-open-lightbox=\"yes\" data-elementor-lightbox-slideshow=\"ac599eb\" data-elementor-lightbox-title=\"IMG-20240326-WA0001\" data-e-action-hash=\"#elementor-action%3Aaction%3Dlightbox%26settings%3DeyJpZCI6MzkzNjUsInVybCI6Imh0dHBzOlwvXC9tYmZhdGltc2thLm92aFwvd3AtY29udGVudFwvdXBsb2Fkc1wvMjAyNlwvMDJcL0lNRy0yMDI0MDMyNi1XQTAwMDEuanBnIiwic2xpZGVzaG93IjoiYWM1OTllYiJ9\" href='https:\/\/mbfatimska.ovh\/wp-content\/uploads\/2026\/02\/IMG-20240326-WA0001.jpg'><img width=\"150\" height=\"150\" src=\"https:\/\/mbfatimska.ovh\/wp-content\/uploads\/2026\/02\/IMG-20240326-WA0001-150x150.jpg\" class=\"attachment-thumbnail size-thumbnail\" alt=\"\" decoding=\"async\" \/><\/a>\n\t\t\t<\/div><\/figure><figure class='gallery-item'>\n\t\t\t<div class='gallery-icon portrait'>\n\t\t\t\t<a data-elementor-open-lightbox=\"yes\" data-elementor-lightbox-slideshow=\"ac599eb\" data-elementor-lightbox-title=\"IMG-20240326-WA0003\" data-e-action-hash=\"#elementor-action%3Aaction%3Dlightbox%26settings%3DeyJpZCI6MzkzNjYsInVybCI6Imh0dHBzOlwvXC9tYmZhdGltc2thLm92aFwvd3AtY29udGVudFwvdXBsb2Fkc1wvMjAyNlwvMDJcL0lNRy0yMDI0MDMyNi1XQTAwMDMuanBnIiwic2xpZGVzaG93IjoiYWM1OTllYiJ9\" href='https:\/\/mbfatimska.ovh\/wp-content\/uploads\/2026\/02\/IMG-20240326-WA0003.jpg'><img width=\"150\" height=\"150\" src=\"https:\/\/mbfatimska.ovh\/wp-content\/uploads\/2026\/02\/IMG-20240326-WA0003-150x150.jpg\" class=\"attachment-thumbnail size-thumbnail\" alt=\"\" decoding=\"async\" \/><\/a>\n\t\t\t<\/div><\/figure><figure class='gallery-item'>\n\t\t\t<div class='gallery-icon portrait'>\n\t\t\t\t<a data-elementor-open-lightbox=\"yes\" data-elementor-lightbox-slideshow=\"ac599eb\" data-elementor-lightbox-title=\"IMG-20240326-WA0004-e1711458775472\" data-e-action-hash=\"#elementor-action%3Aaction%3Dlightbox%26settings%3DeyJpZCI6MzkzNjQsInVybCI6Imh0dHBzOlwvXC9tYmZhdGltc2thLm92aFwvd3AtY29udGVudFwvdXBsb2Fkc1wvMjAyNlwvMDJcL0lNRy0yMDI0MDMyNi1XQTAwMDQtZTE3MTE0NTg3NzU0NzIuanBnIiwic2xpZGVzaG93IjoiYWM1OTllYiJ9\" href='https:\/\/mbfatimska.ovh\/wp-content\/uploads\/2026\/02\/IMG-20240326-WA0004-e1711458775472.jpg'><img width=\"150\" height=\"150\" src=\"https:\/\/mbfatimska.ovh\/wp-content\/uploads\/2026\/02\/IMG-20240326-WA0004-e1711458775472-150x150.jpg\" class=\"attachment-thumbnail size-thumbnail\" alt=\"\" decoding=\"async\" \/><\/a>\n\t\t\t<\/div><\/figure><figure class='gallery-item'>\n\t\t\t<div class='gallery-icon portrait'>\n\t\t\t\t<a data-elementor-open-lightbox=\"yes\" data-elementor-lightbox-slideshow=\"ac599eb\" data-elementor-lightbox-title=\"IMG-20240326-WA0005\" data-e-action-hash=\"#elementor-action%3Aaction%3Dlightbox%26settings%3DeyJpZCI6MzkzNjEsInVybCI6Imh0dHBzOlwvXC9tYmZhdGltc2thLm92aFwvd3AtY29udGVudFwvdXBsb2Fkc1wvMjAyNlwvMDJcL0lNRy0yMDI0MDMyNi1XQTAwMDUuanBnIiwic2xpZGVzaG93IjoiYWM1OTllYiJ9\" href='https:\/\/mbfatimska.ovh\/wp-content\/uploads\/2026\/02\/IMG-20240326-WA0005.jpg'><img loading=\"lazy\" width=\"150\" height=\"150\" src=\"https:\/\/mbfatimska.ovh\/wp-content\/uploads\/2026\/02\/IMG-20240326-WA0005-150x150.jpg\" class=\"attachment-thumbnail size-thumbnail\" alt=\"\" decoding=\"async\" \/><\/a>\n\t\t\t<\/div><\/figure><figure class='gallery-item'>\n\t\t\t<div class='gallery-icon portrait'>\n\t\t\t\t<a data-elementor-open-lightbox=\"yes\" data-elementor-lightbox-slideshow=\"ac599eb\" data-elementor-lightbox-title=\"IMG-20240326-WA0002\" data-e-action-hash=\"#elementor-action%3Aaction%3Dlightbox%26settings%3DeyJpZCI6MzkzNjIsInVybCI6Imh0dHBzOlwvXC9tYmZhdGltc2thLm92aFwvd3AtY29udGVudFwvdXBsb2Fkc1wvMjAyNlwvMDJcL0lNRy0yMDI0MDMyNi1XQTAwMDIuanBnIiwic2xpZGVzaG93IjoiYWM1OTllYiJ9\" href='https:\/\/mbfatimska.ovh\/wp-content\/uploads\/2026\/02\/IMG-20240326-WA0002.jpg'><img loading=\"lazy\" width=\"150\" height=\"150\" src=\"https:\/\/mbfatimska.ovh\/wp-content\/uploads\/2026\/02\/IMG-20240326-WA0002-150x150.jpg\" class=\"attachment-thumbnail size-thumbnail\" alt=\"\" decoding=\"async\" \/><\/a>\n\t\t\t<\/div><\/figure><figure class='gallery-item'>\n\t\t\t<div class='gallery-icon portrait'>\n\t\t\t\t<a data-elementor-open-lightbox=\"yes\" data-elementor-lightbox-slideshow=\"ac599eb\" data-elementor-lightbox-title=\"IMG-20240326-WA0000\" data-e-action-hash=\"#elementor-action%3Aaction%3Dlightbox%26settings%3DeyJpZCI6MzkzNjMsInVybCI6Imh0dHBzOlwvXC9tYmZhdGltc2thLm92aFwvd3AtY29udGVudFwvdXBsb2Fkc1wvMjAyNlwvMDJcL0lNRy0yMDI0MDMyNi1XQTAwMDAuanBnIiwic2xpZGVzaG93IjoiYWM1OTllYiJ9\" href='https:\/\/mbfatimska.ovh\/wp-content\/uploads\/2026\/02\/IMG-20240326-WA0000.jpg'><img loading=\"lazy\" width=\"150\" height=\"150\" src=\"https:\/\/mbfatimska.ovh\/wp-content\/uploads\/2026\/02\/IMG-20240326-WA0000-150x150.jpg\" class=\"attachment-thumbnail size-thumbnail\" alt=\"\" decoding=\"async\" \/><\/a>\n\t\t\t<\/div><\/figure>\n\t\t<\/div>\n\t\t<\/div>\n\t\t\t\t\t\t<\/div>\n\t\t\t\t<\/div>\n\t\t\t\t\t<\/div>\n\t\t\t\t<\/div>\n\t\t\t\t<\/div>\n\t\t","protected":false},"excerpt":{"rendered":"<p>25 marca w naszej parafii obchodzili\u015bmy Dzie\u0144 \u015awi\u0119to\u015bci \u017bycia. Na Mszy \u015bw. o godzinie 18.00 do\u015b\u0107 liczna grupa kobiet i m\u0119\u017cczyzn (22 osoby) z\u0142o\u017cy\u0142o swoje deklaracje Duchowej Adopcji dziecka nienarodzonego a pocz\u0119tego. Poprzez t\u0105 adopcj\u0119 osoby te wyrazi\u0142y ch\u0119\u0107 systematycznej modlitwy za kobiety, kt\u00f3re borykaj\u0105 si\u0119 z my\u015bl\u0105 czy urodzi\u0107 pocz\u0119te dziecko. Podczas Eucharystii uroczy\u015bcie [&hellip;]<\/p>\n","protected":false},"author":1,"featured_media":39358,"comment_status":"closed","ping_status":"closed","sticky":false,"template":"","format":"standard","meta":{"footnotes":""},"categories":[2,6,15],"tags":[],"class_list":["post-22144","post","type-post","status-publish","format-standard","has-post-thumbnail","hentry","category-aktualnosci","category-galerie","category-parafia"],"_links":{"self":[{"href":"https:\/\/mbfatimska.ovh\/index.php\/wp-json\/wp\/v2\/posts\/22144","targetHints":{"allow":["GET"]}}],"collection":[{"href":"https:\/\/mbfatimska.ovh\/index.php\/wp-json\/wp\/v2\/posts"}],"about":[{"href":"https:\/\/mbfatimska.ovh\/index.php\/wp-json\/wp\/v2\/types\/post"}],"author":[{"embeddable":true,"href":"https:\/\/mbfatimska.ovh\/index.php\/wp-json\/wp\/v2\/users\/1"}],"replies":[{"embeddable":true,"href":"https:\/\/mbfatimska.ovh\/index.php\/wp-json\/wp\/v2\/comments?post=22144"}],"version-history":[{"count":4,"href":"https:\/\/mbfatimska.ovh\/index.php\/wp-json\/wp\/v2\/posts\/22144\/revisions"}],"predecessor-version":[{"id":39370,"href":"https:\/\/mbfatimska.ovh\/index.php\/wp-json\/wp\/v2\/posts\/22144\/revisions\/39370"}],"wp:featuredmedia":[{"embeddable":true,"href":"https:\/\/mbfatimska.ovh\/index.php\/wp-json\/wp\/v2\/media\/39358"}],"wp:attachment":[{"href":"https:\/\/mbfatimska.ovh\/index.php\/wp-json\/wp\/v2\/media?parent=22144"}],"wp:term":[{"taxonomy":"category","embeddable":true,"href":"https:\/\/mbfatimska.ovh\/index.php\/wp-json\/wp\/v2\/categories?post=22144"},{"taxonomy":"post_tag","embeddable":true,"href":"https:\/\/mbfatimska.ovh\/index.php\/wp-json\/wp\/v2\/tags?post=22144"}],"curies":[{"name":"wp","href":"https:\/\/api.w.org\/{rel}","templated":true}]}}