{"id":22163,"date":"2024-03-29T07:22:09","date_gmt":"2024-03-29T06:22:09","guid":{"rendered":"https:\/\/www.mbfatimska.pl\/?p=22163"},"modified":"2024-03-29T07:22:09","modified_gmt":"2024-03-29T06:22:09","slug":"triduum-paschalne-2","status":"publish","type":"post","link":"https:\/\/mbfatimska.ovh\/index.php\/2024\/03\/29\/triduum-paschalne-2\/","title":{"rendered":"Triduum Paschalne"},"content":{"rendered":"<p>TRIDUUM PASCHALNE<\/p>\n<p>WIELKI CZWARTEK<br \/>\nMSZA WIECZERZY PA\u0143SKIEJ\t\t\u2013 GODZ. 18.00<br \/>\nADORACJA CHRYSTUSA W CIEMNICY\t\u2013 GODZ. 19.30-22.00<\/p>\n<p>WIELKI PI\u0104TEK<br \/>\nCIEMNA JUTRZNIA \t\t\u2013 GODZ. 07.30<br \/>\nADORACJA CHRYSTUSA W CIEMNICY\t\u2013 GODZ. 08.00-17.30<br \/>\nLITURGIA M\u0118KI PA\u0143SKIEJ\t\t\u2013 GODZ. 18.00<br \/>\nADORACJA CHRYSTUSA W GROBIE \t\u2013 GODZ. 19.30-21.00<br \/>\nDROGA KRZY\u017bOWA ULICAMI PARAFII \u2013 GODZ. 21.00<\/p>\n<p>WIELKA SOBOTA<br \/>\nCIEMNA JUTRZNIA\t\t\t\u2013 GODZ. 07.30<br \/>\nB\u0141OGOS\u0141AWIE\u0143STWO POKARM\u00d3W\t\u2013 GODZ. 08.00-17.00 (STANIS\u0141AW\u00d3W II \u2013 GODZ. 10.00)<br \/>\nADORACJA CHRYSTUSA W GROBIE\t\u2013 GODZ. 08.00-17.30<br \/>\nWIGILIA PASCHALNA \t\t\u2013 GODZ. 18.00<br \/>\n(przynosimy \u015bwiece do odnowienia przyrzecze\u0144 paschalnych)<br \/>\nADORACJA CHRYSTUSA W GROBIE \t\u2013 GODZ. 19.30-22.00<\/p>\n","protected":false},"excerpt":{"rendered":"<p>TRIDUUM PASCHALNE WIELKI CZWARTEK MSZA WIECZERZY PA\u0143SKIEJ \u2013 GODZ. 18.00 ADORACJA CHRYSTUSA W CIEMNICY \u2013 GODZ. 19.30-22.00 WIELKI PI\u0104TEK CIEMNA JUTRZNIA \u2013 GODZ. 07.30 ADORACJA CHRYSTUSA W CIEMNICY \u2013 GODZ. 08.00-17.30 LITURGIA M\u0118KI PA\u0143SKIEJ \u2013 GODZ. 18.00 ADORACJA CHRYSTUSA W GROBIE \u2013 GODZ. 19.30-21.00 DROGA KRZY\u017bOWA ULICAMI PARAFII \u2013 GODZ. 21.00 WIELKA SOBOTA CIEMNA JUTRZNIA [&hellip;]<\/p>\n","protected":false},"author":1,"featured_media":30657,"comment_status":"closed","ping_status":"closed","sticky":false,"template":"","format":"standard","meta":{"footnotes":""},"categories":[2,14],"tags":[],"class_list":["post-22163","post","type-post","status-publish","format-standard","has-post-thumbnail","hentry","category-aktualnosci","category-ogloszenia-parafialne"],"_links":{"self":[{"href":"https:\/\/mbfatimska.ovh\/index.php\/wp-json\/wp\/v2\/posts\/22163","targetHints":{"allow":["GET"]}}],"collection":[{"href":"https:\/\/mbfatimska.ovh\/index.php\/wp-json\/wp\/v2\/posts"}],"about":[{"href":"https:\/\/mbfatimska.ovh\/index.php\/wp-json\/wp\/v2\/types\/post"}],"author":[{"embeddable":true,"href":"https:\/\/mbfatimska.ovh\/index.php\/wp-json\/wp\/v2\/users\/1"}],"replies":[{"embeddable":true,"href":"https:\/\/mbfatimska.ovh\/index.php\/wp-json\/wp\/v2\/comments?post=22163"}],"version-history":[{"count":0,"href":"https:\/\/mbfatimska.ovh\/index.php\/wp-json\/wp\/v2\/posts\/22163\/revisions"}],"wp:featuredmedia":[{"embeddable":true,"href":"https:\/\/mbfatimska.ovh\/index.php\/wp-json\/wp\/v2\/media\/30657"}],"wp:attachment":[{"href":"https:\/\/mbfatimska.ovh\/index.php\/wp-json\/wp\/v2\/media?parent=22163"}],"wp:term":[{"taxonomy":"category","embeddable":true,"href":"https:\/\/mbfatimska.ovh\/index.php\/wp-json\/wp\/v2\/categories?post=22163"},{"taxonomy":"post_tag","embeddable":true,"href":"https:\/\/mbfatimska.ovh\/index.php\/wp-json\/wp\/v2\/tags?post=22163"}],"curies":[{"name":"wp","href":"https:\/\/api.w.org\/{rel}","templated":true}]}}