{"id":22165,"date":"2024-03-29T07:23:38","date_gmt":"2024-03-29T06:23:38","guid":{"rendered":"https:\/\/www.mbfatimska.pl\/?p=22165"},"modified":"2024-03-29T07:23:38","modified_gmt":"2024-03-29T06:23:38","slug":"wielkanoc-2024","status":"publish","type":"post","link":"https:\/\/mbfatimska.ovh\/index.php\/2024\/03\/29\/wielkanoc-2024\/","title":{"rendered":"Wielkanoc 2024"},"content":{"rendered":"<p>WIELKANOC 2024<br \/>\nPORZ\u0104DEK NABO\u017bE\u0143STW<\/p>\n<p>NIEDZIELA WIELKANOCNA<\/p>\n<p>GODZ. 06.30 \u2013 PROCESJA REZUREKCYJNA I MSZA \u015aWI\u0118TA<\/p>\n<p>MSZE \u015aWI\u0118TE:<br \/>\nGODZ. 11.00, 12.30 i 18.00<\/p>\n<p>NIE B\u0118DZIE MSZY \u015aWI\u0118TEJ O GODZ. 9.00<\/p>\n<p>PONIEDZIA\u0141EK WIELKANOCNY<\/p>\n<p>MSZE \u015aWI\u0118TE:<br \/>\nGODZ. 07.30, 09.00, 11.00, 12.30 i 18.00<\/p>\n","protected":false},"excerpt":{"rendered":"<p>WIELKANOC 2024 PORZ\u0104DEK NABO\u017bE\u0143STW NIEDZIELA WIELKANOCNA GODZ. 06.30 \u2013 PROCESJA REZUREKCYJNA I MSZA \u015aWI\u0118TA MSZE \u015aWI\u0118TE: GODZ. 11.00, 12.30 i 18.00 NIE B\u0118DZIE MSZY \u015aWI\u0118TEJ O GODZ. 9.00 PONIEDZIA\u0141EK WIELKANOCNY MSZE \u015aWI\u0118TE: GODZ. 07.30, 09.00, 11.00, 12.30 i 18.00<\/p>\n","protected":false},"author":1,"featured_media":30657,"comment_status":"closed","ping_status":"closed","sticky":false,"template":"","format":"standard","meta":{"footnotes":""},"categories":[2,14],"tags":[],"class_list":["post-22165","post","type-post","status-publish","format-standard","has-post-thumbnail","hentry","category-aktualnosci","category-ogloszenia-parafialne"],"_links":{"self":[{"href":"https:\/\/mbfatimska.ovh\/index.php\/wp-json\/wp\/v2\/posts\/22165","targetHints":{"allow":["GET"]}}],"collection":[{"href":"https:\/\/mbfatimska.ovh\/index.php\/wp-json\/wp\/v2\/posts"}],"about":[{"href":"https:\/\/mbfatimska.ovh\/index.php\/wp-json\/wp\/v2\/types\/post"}],"author":[{"embeddable":true,"href":"https:\/\/mbfatimska.ovh\/index.php\/wp-json\/wp\/v2\/users\/1"}],"replies":[{"embeddable":true,"href":"https:\/\/mbfatimska.ovh\/index.php\/wp-json\/wp\/v2\/comments?post=22165"}],"version-history":[{"count":1,"href":"https:\/\/mbfatimska.ovh\/index.php\/wp-json\/wp\/v2\/posts\/22165\/revisions"}],"predecessor-version":[{"id":40961,"href":"https:\/\/mbfatimska.ovh\/index.php\/wp-json\/wp\/v2\/posts\/22165\/revisions\/40961"}],"wp:featuredmedia":[{"embeddable":true,"href":"https:\/\/mbfatimska.ovh\/index.php\/wp-json\/wp\/v2\/media\/30657"}],"wp:attachment":[{"href":"https:\/\/mbfatimska.ovh\/index.php\/wp-json\/wp\/v2\/media?parent=22165"}],"wp:term":[{"taxonomy":"category","embeddable":true,"href":"https:\/\/mbfatimska.ovh\/index.php\/wp-json\/wp\/v2\/categories?post=22165"},{"taxonomy":"post_tag","embeddable":true,"href":"https:\/\/mbfatimska.ovh\/index.php\/wp-json\/wp\/v2\/tags?post=22165"}],"curies":[{"name":"wp","href":"https:\/\/api.w.org\/{rel}","templated":true}]}}