{"id":22170,"date":"2024-03-31T00:40:09","date_gmt":"2024-03-30T23:40:09","guid":{"rendered":"https:\/\/www.mbfatimska.pl\/?p=22170"},"modified":"2024-03-31T00:40:09","modified_gmt":"2024-03-30T23:40:09","slug":"niedziela-zmartwychwstania-panskiego-6","status":"publish","type":"post","link":"https:\/\/mbfatimska.ovh\/index.php\/2024\/03\/31\/niedziela-zmartwychwstania-panskiego-6\/","title":{"rendered":"Niedziela Zmartwychwstania Pa\u0144skiego"},"content":{"rendered":"<p>1.\tObchodzimy dzisiaj najwi\u0119ksz\u0105 uroczysto\u015b\u0107 naszej wiary \u2013 Zmartwychwstanie Pa\u0144skie. O godz. 06.30 obwie\u015bcili\u015bmy ca\u0142emu \u015bwiatu, \u017ce Chrystus nie umar\u0142, ale \u017cyje, zmartwychwsta\u0142! Dzisiejszego dnia \u015bwi\u0105tecznego Msze \u015bwi\u0119te w naszej parafii o godz. 06.30, 11.00, 12.30 i 18.00. Nie b\u0119dzie mszy \u015bwi\u0119tej o godz. 09.00. Drugiego dnia \u015awi\u0105t Msze \u015bwi\u0119te wed\u0142ug porz\u0105dku niedzielnego.<br \/>\n2.\t02 kwietnia b\u0119dziemy wspomina\u0107 19 rocznic\u0119 \u015bmierci \u015bw. Jana Paw\u0142a II. Zapraszamy do ko\u015bcio\u0142a na godz. 21.00 na wsp\u00f3ln\u0105 modlitw\u0119 r\u00f3\u017ca\u0144cow\u0105, a p\u00f3\u017aniej o godz. 21.37, w godzinie \u015bmierci papie\u017ca, przejdziemy pod pomnik przedstawiaj\u0105cy jego posta\u0107 i z\u0142o\u017cymy kwiaty oraz znicze. Tego dnia w Legionowie organizowany jest Marsz wdzi\u0119czno\u015bci. O godz. 20.00 w parafii \u015bw. Jana Kantego b\u0119dzie odprawiona Msza \u015bwi\u0119ta i bezpo\u015brednio po niej nast\u0105pi przemarsz do parku im. \u015bw. Jana Paw\u0142a II.<br \/>\n3.\tTego dnia, we wtorek o godz. 19.00 w ko\u015bciele, odb\u0119dzie si\u0119 spotkanie dla rodzic\u00f3w dzieci komunijnych.<br \/>\n4.\tW tym tygodniu przypada:<br \/>\n&#8211; I czwartek miesi\u0105ca \u2013 po Mszy \u015bwi\u0119tej o godz. 18.00 wystawienie Naj\u015bwi\u0119tszego Sakramentu, modlitwa Koronk\u0105 do Bo\u017cego Mi\u0142osierdzia i mo\u017cliwo\u015b\u0107 adoracji do godz. 21.00<br \/>\n&#8211; I pi\u0105tek miesi\u0105ca \u2013 spowied\u017a od godz. 16.30 do 18.30<br \/>\n&#8211; I sobota miesi\u0105ca \u2013 po Mszy \u015bwi\u0119tej o godz. 18.00 nabo\u017ce\u0144stwo wynagradzaj\u0105ce Niepokalanemu Sercu Naj\u015bwi\u0119tszej Maryi Panny, kt\u00f3re trwa\u0107 b\u0119dzie do godz. 20.15<br \/>\n&#8211; I niedziela miesi\u0105ca \u2013 po Mszy \u015bwi\u0119tej o godz. 12.30 wystawienie Naj\u015bwi\u0119tszego Sakramentu i mo\u017cliwo\u015b\u0107 adoracji do godz. 17.45.<br \/>\n5.\tW pi\u0105tek o godz. 19.00 w kawiarence odb\u0119dzie si\u0119 konferencja przed chrztem. Bior\u0105 w niej udzia\u0142 rodzice dziecka, kt\u00f3re b\u0119dzie chrzczone w naszej parafii, b\u0105d\u017a b\u0119dzie brana zgoda do innej parafii oraz kandydaci na rodzic\u00f3w chrzestnych z naszej parafii.<br \/>\n6.\tW Wielki Pi\u0105tek rozpocz\u0119li\u015bmy nowenn\u0119 do Mi\u0142osierdzia Bo\u017cego, aby za tydzie\u0144 w niedziel\u0119 uroczy\u015bcie prze\u017cywa\u0107 Niedziel\u0119 Bo\u017cego Mi\u0142osierdzia. Zapraszamy na godz. 15.00 \u2013 w godzinie szczeg\u00f3lnych \u0142ask od Jezusa Mi\u0142osiernego \u2013 na specjalne nabo\u017ce\u0144stwo do Bo\u017cego Mi\u0142osierdzia.<br \/>\n7.\tR\u00f3wnie\u017c w przysz\u0142\u0105 niedziel\u0119 o godz. 19.00 w kawiarence rozpocznie si\u0119 nowa edycja kursu przedma\u0142\u017ce\u0144skiego. Osoby planuj\u0105ce ma\u0142\u017ce\u0144stwo w najbli\u017cszym czasie zapraszamy do wzi\u0119cia udzia\u0142u w spotkaniach.<br \/>\n8.\tW przysz\u0142\u0105 niedziel\u0119 o godz. 17.00 w salce pod zakrysti\u0105 odb\u0119dzie si\u0119 katecheza dla m\u0142odzie\u017cy przed sakramentem bierzmowania.<br \/>\n9.\tR\u00f3wnie\u017c za tydzie\u0144 po Mszy \u015bwi\u0119tej o godz. 11.00 odb\u0119dzie si\u0119 podsumowanie uczestnictwa dzieci w Drodze Krzy\u017cowej i Gorzkich \u017balach. Na spotkanie przynosimy wyklejank\u0119 z obrazkami.<br \/>\n10.\tBardzo serdecznie dzi\u0119kujemy tym, kt\u00f3rzy trudzili si\u0119 przy przygotowaniu do \u015awi\u0105t:<br \/>\n&#8211; dzi\u0119kujemy Warsztatowi Terapii Zaj\u0119ciowej \u015bw. Rity \u2013 osobom niepe\u0142nosprawnym i ich instruktorom, zw\u0142aszcza Pani Jolancie G\u0105ska i Katarzynie Pa\u015bko za przygotowanie Ciemnicy i Grobu Pa\u0144skiego<br \/>\n&#8211; dzi\u0119kujemy kwiaciarni Rose z Wieliszewa za dekoracje kwiatowe<br \/>\n&#8211; dzi\u0119kujemy osobom, kt\u00f3re co tydzie\u0144 dbaj\u0105 o teren, za porz\u0105dek na zewn\u0105trz \u015bwi\u0105tyni \u2013 za zamiatanie, grabienie, za nowe nasadzenie kwiat\u00f3w<br \/>\n&#8211; scholi Fatima Canta z prowadz\u0105c\u0105 Pani\u0105 Anit\u0105 Rodak za \u015bpiew w czasie Triduum Paschalnego, Drogi Krzy\u017cowej i Rezurekcji<br \/>\n&#8211; ministrantom, lektorom, bielankom, szafarzom nadzwyczajnym Komunii \u015bwi\u0119tej za aktywne zaanga\u017cowanie w liturgi\u0119<br \/>\n&#8211; Pani organistce Dorocie Bonis\u0142awskiej za opraw\u0119 muzyczn\u0105 uroczysto\u015bci, Panu Jackowi Zawadzie, ko\u015bcielnemu za przygotowanie uroczysto\u015bci<br \/>\n&#8211; Pa\u0144stwu Nawrockim za dba\u0142o\u015b\u0107 o czysto\u015b\u0107 naszej \u015bwi\u0105tyni<br \/>\n&#8211; Jakubowi Ma\u0142kowi za prowadzenie ciemnych jutrzni oraz za \u015bpiew Exultetu<br \/>\n&#8211; dzi\u0119kujemy Panom za przygotowanie ogniska na Wigili\u0119 Paschaln\u0105 oraz wszystkim kt\u00f3rzy w czasie procesji rezurekcyjnej nie\u015bli chor\u0105gwie, feretrony, poduszki i baldachim<br \/>\n&#8211; dzi\u0119kujemy policji, stra\u017cy miejskiej, w\u0142adzom miasta za przygotowanie ulic do procesji Drogi Krzy\u017cowej, procesji rezurekcyjnej i za bezpiecze\u0144stwo w czasie ich trwania<\/p>\n","protected":false},"excerpt":{"rendered":"<p>1. Obchodzimy dzisiaj najwi\u0119ksz\u0105 uroczysto\u015b\u0107 naszej wiary \u2013 Zmartwychwstanie Pa\u0144skie. O godz. 06.30 obwie\u015bcili\u015bmy ca\u0142emu \u015bwiatu, \u017ce Chrystus nie umar\u0142, ale \u017cyje, zmartwychwsta\u0142! Dzisiejszego dnia \u015bwi\u0105tecznego Msze \u015bwi\u0119te w naszej parafii o godz. 06.30, 11.00, 12.30 i 18.00. Nie b\u0119dzie mszy \u015bwi\u0119tej o godz. 09.00. Drugiego dnia \u015awi\u0105t Msze \u015bwi\u0119te wed\u0142ug porz\u0105dku niedzielnego. 2. 02 [&hellip;]<\/p>\n","protected":false},"author":1,"featured_media":30657,"comment_status":"closed","ping_status":"closed","sticky":false,"template":"","format":"standard","meta":{"footnotes":""},"categories":[2,14],"tags":[],"class_list":["post-22170","post","type-post","status-publish","format-standard","has-post-thumbnail","hentry","category-aktualnosci","category-ogloszenia-parafialne"],"_links":{"self":[{"href":"https:\/\/mbfatimska.ovh\/index.php\/wp-json\/wp\/v2\/posts\/22170","targetHints":{"allow":["GET"]}}],"collection":[{"href":"https:\/\/mbfatimska.ovh\/index.php\/wp-json\/wp\/v2\/posts"}],"about":[{"href":"https:\/\/mbfatimska.ovh\/index.php\/wp-json\/wp\/v2\/types\/post"}],"author":[{"embeddable":true,"href":"https:\/\/mbfatimska.ovh\/index.php\/wp-json\/wp\/v2\/users\/1"}],"replies":[{"embeddable":true,"href":"https:\/\/mbfatimska.ovh\/index.php\/wp-json\/wp\/v2\/comments?post=22170"}],"version-history":[{"count":0,"href":"https:\/\/mbfatimska.ovh\/index.php\/wp-json\/wp\/v2\/posts\/22170\/revisions"}],"wp:featuredmedia":[{"embeddable":true,"href":"https:\/\/mbfatimska.ovh\/index.php\/wp-json\/wp\/v2\/media\/30657"}],"wp:attachment":[{"href":"https:\/\/mbfatimska.ovh\/index.php\/wp-json\/wp\/v2\/media?parent=22170"}],"wp:term":[{"taxonomy":"category","embeddable":true,"href":"https:\/\/mbfatimska.ovh\/index.php\/wp-json\/wp\/v2\/categories?post=22170"},{"taxonomy":"post_tag","embeddable":true,"href":"https:\/\/mbfatimska.ovh\/index.php\/wp-json\/wp\/v2\/tags?post=22170"}],"curies":[{"name":"wp","href":"https:\/\/api.w.org\/{rel}","templated":true}]}}