{"id":22174,"date":"2024-03-31T01:55:37","date_gmt":"2024-03-31T00:55:37","guid":{"rendered":"https:\/\/www.mbfatimska.pl\/?p=22174"},"modified":"2024-03-31T01:55:37","modified_gmt":"2024-03-31T00:55:37","slug":"blogoslawionych-swiat","status":"publish","type":"post","link":"https:\/\/mbfatimska.ovh\/index.php\/2024\/03\/31\/blogoslawionych-swiat\/","title":{"rendered":"B\u0142ogos\u0142awionych \u015awi\u0105t"},"content":{"rendered":"<p>Drodzy Parafianie, Drodzy Go\u015bcie<\/p>\n<p>Wielkanoc \u2013 to noc, kt\u00f3rej spe\u0142nieniem jest<br \/>\nzwyci\u0119stwo \u017cycia nad \u015bmierci\u0105, mi\u0142o\u015bci nad<br \/>\nnienawi\u015bci\u0105 i mi\u0142osierdzia nad zemst\u0105.<\/p>\n<p>Otw\u00f3rzmy nasze serca na przes\u0142anie<br \/>\np\u0142yn\u0105ce ze Zmartwychwstania Pa\u0144skiego<br \/>\ni b\u0105d\u017amy Jego odwa\u017cnymi \u015bwiadkami wobec<br \/>\nwsp\u00f3\u0142czesnego \u015bwiata!<\/p>\n<p>\u017byczymy, by blask prawdy Wielkiej Nocy<br \/>\nroz\u015bwietli\u00a0\u0142 wszelkie mroki codzienno\u015bci;<br \/>\nNiech Chrystus zago\u015bci w naszych sercach,<br \/>\nrodzinach i wsp\u00f3lnotach, aby\u015bmy patrzyli<br \/>\nz nadziej\u0105 w przysz\u0142o\u015b\u0107 i na nowo podejmowali swoje powo\u0142anie.<\/p>\n<p>B\u0142ogos\u0142awionych i spokojnych \u015bwi\u0105t<br \/>\nsp\u0119dzonych w gronie najbli\u017cszych.<\/p>\n<p>Chrystus zmartwychwsta\u0142, Alleluja!<\/p>\n<p>\t\t\t\tDuszpasterze<\/p>\n","protected":false},"excerpt":{"rendered":"<p>Drodzy Parafianie, Drodzy Go\u015bcie Wielkanoc \u2013 to noc, kt\u00f3rej spe\u0142nieniem jest zwyci\u0119stwo \u017cycia nad \u015bmierci\u0105, mi\u0142o\u015bci nad nienawi\u015bci\u0105 i mi\u0142osierdzia nad zemst\u0105. Otw\u00f3rzmy nasze serca na przes\u0142anie p\u0142yn\u0105ce ze Zmartwychwstania Pa\u0144skiego i b\u0105d\u017amy Jego odwa\u017cnymi \u015bwiadkami wobec wsp\u00f3\u0142czesnego \u015bwiata! \u017byczymy, by blask prawdy Wielkiej Nocy roz\u015bwietli\u00a0\u0142 wszelkie mroki codzienno\u015bci; Niech Chrystus zago\u015bci w naszych sercach, [&hellip;]<\/p>\n","protected":false},"author":1,"featured_media":30657,"comment_status":"closed","ping_status":"closed","sticky":false,"template":"","format":"standard","meta":{"footnotes":""},"categories":[2],"tags":[],"class_list":["post-22174","post","type-post","status-publish","format-standard","has-post-thumbnail","hentry","category-aktualnosci"],"_links":{"self":[{"href":"https:\/\/mbfatimska.ovh\/index.php\/wp-json\/wp\/v2\/posts\/22174","targetHints":{"allow":["GET"]}}],"collection":[{"href":"https:\/\/mbfatimska.ovh\/index.php\/wp-json\/wp\/v2\/posts"}],"about":[{"href":"https:\/\/mbfatimska.ovh\/index.php\/wp-json\/wp\/v2\/types\/post"}],"author":[{"embeddable":true,"href":"https:\/\/mbfatimska.ovh\/index.php\/wp-json\/wp\/v2\/users\/1"}],"replies":[{"embeddable":true,"href":"https:\/\/mbfatimska.ovh\/index.php\/wp-json\/wp\/v2\/comments?post=22174"}],"version-history":[{"count":0,"href":"https:\/\/mbfatimska.ovh\/index.php\/wp-json\/wp\/v2\/posts\/22174\/revisions"}],"wp:featuredmedia":[{"embeddable":true,"href":"https:\/\/mbfatimska.ovh\/index.php\/wp-json\/wp\/v2\/media\/30657"}],"wp:attachment":[{"href":"https:\/\/mbfatimska.ovh\/index.php\/wp-json\/wp\/v2\/media?parent=22174"}],"wp:term":[{"taxonomy":"category","embeddable":true,"href":"https:\/\/mbfatimska.ovh\/index.php\/wp-json\/wp\/v2\/categories?post=22174"},{"taxonomy":"post_tag","embeddable":true,"href":"https:\/\/mbfatimska.ovh\/index.php\/wp-json\/wp\/v2\/tags?post=22174"}],"curies":[{"name":"wp","href":"https:\/\/api.w.org\/{rel}","templated":true}]}}