{"id":22194,"date":"2024-04-02T20:56:33","date_gmt":"2024-04-02T18:56:33","guid":{"rendered":"https:\/\/www.mbfatimska.pl\/?p=22194"},"modified":"2024-04-02T20:56:33","modified_gmt":"2024-04-02T18:56:33","slug":"stroje-komunijne","status":"publish","type":"post","link":"https:\/\/mbfatimska.ovh\/index.php\/2024\/04\/02\/stroje-komunijne\/","title":{"rendered":"STROJE KOMUNIJNE"},"content":{"rendered":"<p><strong><u>STROJE KOMUNIJNE<\/u><\/strong><\/p>\n<p>&nbsp;<\/p>\n<p><strong>PRZYMIARKA I ODBI\u00d3R SUKIENEK<\/strong><\/p>\n<ul>\n<li><strong>w dniach 08-13 kwietnia 2024<\/strong><\/li>\n<\/ul>\n<p>&nbsp;<\/p>\n<p><u>Miro-Mar, ul. Poprzeczna 26, 05-140 Serock<\/u><\/p>\n<p>poniedzia\u0142ek, \u015broda, pi\u0105tek 08.00 \u2013 16.00<\/p>\n<p>wtorek, czwartek 08.00 \u2013 18.00<\/p>\n<p>sobota 09.00 \u2013 14.00<\/p>\n<p>P\u0142atno\u015b\u0107 got\u00f3wk\u0105 lub blik na telefon.<\/p>\n<p>Na mierzenie nie trzeba umawia\u0107 si\u0119 telefonicznie.<\/p>\n<p>Prosimy przyjecha\u0107 co najmniej 1 h przed zamkni\u0119ciem.<\/p>\n<p>&nbsp;<\/p>\n<p><strong>ODBI\u00d3R ALB DLA CH\u0141OPC\u00d3W<\/strong><\/p>\n<ul>\n<li><strong>w dniu 07 kwietnia 2024 <\/strong><\/li>\n<\/ul>\n<p>(salka w ko\u015bciele pod kancelari\u0105)<\/p>\n<p>I grupa \u2013 godz. 15.00<\/p>\n<p>II grupa \u2013 godz. 15.30<\/p>\n<p>P\u0142atno\u015b\u0107 got\u00f3wk\u0105 lub blik na telefon.<\/p>\n","protected":false},"excerpt":{"rendered":"<p>STROJE KOMUNIJNE &nbsp; PRZYMIARKA I ODBI\u00d3R SUKIENEK w dniach 08-13 kwietnia 2024 &nbsp; Miro-Mar, ul. Poprzeczna 26, 05-140 Serock poniedzia\u0142ek, \u015broda, pi\u0105tek 08.00 \u2013 16.00 wtorek, czwartek 08.00 \u2013 18.00 sobota 09.00 \u2013 14.00 P\u0142atno\u015b\u0107 got\u00f3wk\u0105 lub blik na telefon. Na mierzenie nie trzeba umawia\u0107 si\u0119 telefonicznie. Prosimy przyjecha\u0107 co najmniej 1 h przed zamkni\u0119ciem. [&hellip;]<\/p>\n","protected":false},"author":1,"featured_media":30657,"comment_status":"closed","ping_status":"closed","sticky":false,"template":"","format":"standard","meta":{"footnotes":""},"categories":[9],"tags":[],"class_list":["post-22194","post","type-post","status-publish","format-standard","has-post-thumbnail","hentry","category-komunia"],"_links":{"self":[{"href":"https:\/\/mbfatimska.ovh\/index.php\/wp-json\/wp\/v2\/posts\/22194","targetHints":{"allow":["GET"]}}],"collection":[{"href":"https:\/\/mbfatimska.ovh\/index.php\/wp-json\/wp\/v2\/posts"}],"about":[{"href":"https:\/\/mbfatimska.ovh\/index.php\/wp-json\/wp\/v2\/types\/post"}],"author":[{"embeddable":true,"href":"https:\/\/mbfatimska.ovh\/index.php\/wp-json\/wp\/v2\/users\/1"}],"replies":[{"embeddable":true,"href":"https:\/\/mbfatimska.ovh\/index.php\/wp-json\/wp\/v2\/comments?post=22194"}],"version-history":[{"count":0,"href":"https:\/\/mbfatimska.ovh\/index.php\/wp-json\/wp\/v2\/posts\/22194\/revisions"}],"wp:featuredmedia":[{"embeddable":true,"href":"https:\/\/mbfatimska.ovh\/index.php\/wp-json\/wp\/v2\/media\/30657"}],"wp:attachment":[{"href":"https:\/\/mbfatimska.ovh\/index.php\/wp-json\/wp\/v2\/media?parent=22194"}],"wp:term":[{"taxonomy":"category","embeddable":true,"href":"https:\/\/mbfatimska.ovh\/index.php\/wp-json\/wp\/v2\/categories?post=22194"},{"taxonomy":"post_tag","embeddable":true,"href":"https:\/\/mbfatimska.ovh\/index.php\/wp-json\/wp\/v2\/tags?post=22194"}],"curies":[{"name":"wp","href":"https:\/\/api.w.org\/{rel}","templated":true}]}}