{"id":22196,"date":"2024-04-02T20:57:55","date_gmt":"2024-04-02T18:57:55","guid":{"rendered":"https:\/\/www.mbfatimska.pl\/?p=22196"},"modified":"2024-04-02T20:57:55","modified_gmt":"2024-04-02T18:57:55","slug":"rozklad-bialego-tygodnia","status":"publish","type":"post","link":"https:\/\/mbfatimska.ovh\/index.php\/2024\/04\/02\/rozklad-bialego-tygodnia\/","title":{"rendered":"ROZK\u0141AD BIA\u0141EGO TYGODNIA"},"content":{"rendered":"<p><strong>12 maja 2024 (niedziela) \u2013 godz. 11.00<\/strong><\/p>\n<ul>\n<li>odnowienie przyrzecze\u0144 chrzcielnych<\/li>\n<\/ul>\n<p><strong>13 maja 2024 (poniedzia\u0142ek)\u00a0 &#8211; godz. 18.00 \/ uroczysto\u015b\u0107 odpustowa<\/strong><\/p>\n<ul>\n<li>rozdanie obrazk\u00f3w komunijnych<\/li>\n<\/ul>\n<p><strong>14 maja 2024 (wtorek) \u2013 godz. 18.00 \/ Dzie\u0144 misyjny<\/strong><\/p>\n<ul>\n<li>wspieramy naszych r\u00f3wie\u015bnik\u00f3w w krajach misyjnych<\/li>\n<\/ul>\n<p><strong>15 maja 2024 (\u015broda) \u2013 godz. 18.00 \/ Jeste\u015bmy rodzin\u0105 \u2013 integracja<\/strong><\/p>\n<ul>\n<li>przychodzimy bez stroj\u00f3w komunijnych<\/li>\n<\/ul>\n<p><strong>16 maja 2024 (czwartek) \u2013 godz. 17.30<\/strong><\/p>\n<ul>\n<li>po\u015bwiecenie pami\u0105tek religijnych<\/li>\n<\/ul>\n<p><strong>17 maja 2024 (pi\u0105tek) \u2013 godz. 16.15<\/strong><\/p>\n<ul>\n<li>Uroczysto\u015bci nawiedzenia relikwii b\u0142. Rodziny Ulm\u00f3w<\/li>\n<\/ul>\n<p><strong>09 czerwca 2024 (niedziela) \u2013 godz. 11.00<\/strong><\/p>\n<ul>\n<li>otrzymanie uroczystych \u015bwiec komunijnych<\/li>\n<\/ul>\n","protected":false},"excerpt":{"rendered":"<p>12 maja 2024 (niedziela) \u2013 godz. 11.00 odnowienie przyrzecze\u0144 chrzcielnych 13 maja 2024 (poniedzia\u0142ek)\u00a0 &#8211; godz. 18.00 \/ uroczysto\u015b\u0107 odpustowa rozdanie obrazk\u00f3w komunijnych 14 maja 2024 (wtorek) \u2013 godz. 18.00 \/ Dzie\u0144 misyjny wspieramy naszych r\u00f3wie\u015bnik\u00f3w w krajach misyjnych 15 maja 2024 (\u015broda) \u2013 godz. 18.00 \/ Jeste\u015bmy rodzin\u0105 \u2013 integracja przychodzimy bez stroj\u00f3w komunijnych [&hellip;]<\/p>\n","protected":false},"author":1,"featured_media":30657,"comment_status":"closed","ping_status":"closed","sticky":false,"template":"","format":"standard","meta":{"footnotes":""},"categories":[9],"tags":[],"class_list":["post-22196","post","type-post","status-publish","format-standard","has-post-thumbnail","hentry","category-komunia"],"_links":{"self":[{"href":"https:\/\/mbfatimska.ovh\/index.php\/wp-json\/wp\/v2\/posts\/22196","targetHints":{"allow":["GET"]}}],"collection":[{"href":"https:\/\/mbfatimska.ovh\/index.php\/wp-json\/wp\/v2\/posts"}],"about":[{"href":"https:\/\/mbfatimska.ovh\/index.php\/wp-json\/wp\/v2\/types\/post"}],"author":[{"embeddable":true,"href":"https:\/\/mbfatimska.ovh\/index.php\/wp-json\/wp\/v2\/users\/1"}],"replies":[{"embeddable":true,"href":"https:\/\/mbfatimska.ovh\/index.php\/wp-json\/wp\/v2\/comments?post=22196"}],"version-history":[{"count":0,"href":"https:\/\/mbfatimska.ovh\/index.php\/wp-json\/wp\/v2\/posts\/22196\/revisions"}],"wp:featuredmedia":[{"embeddable":true,"href":"https:\/\/mbfatimska.ovh\/index.php\/wp-json\/wp\/v2\/media\/30657"}],"wp:attachment":[{"href":"https:\/\/mbfatimska.ovh\/index.php\/wp-json\/wp\/v2\/media?parent=22196"}],"wp:term":[{"taxonomy":"category","embeddable":true,"href":"https:\/\/mbfatimska.ovh\/index.php\/wp-json\/wp\/v2\/categories?post=22196"},{"taxonomy":"post_tag","embeddable":true,"href":"https:\/\/mbfatimska.ovh\/index.php\/wp-json\/wp\/v2\/tags?post=22196"}],"curies":[{"name":"wp","href":"https:\/\/api.w.org\/{rel}","templated":true}]}}