{"id":22702,"date":"2024-04-07T00:49:08","date_gmt":"2024-04-06T22:49:08","guid":{"rendered":"https:\/\/www.mbfatimska.pl\/?p=22702"},"modified":"2024-04-07T00:49:08","modified_gmt":"2024-04-06T22:49:08","slug":"ii-niedziela-wielkanocna-niedziela-milosierdzia-bozego","status":"publish","type":"post","link":"https:\/\/mbfatimska.ovh\/index.php\/2024\/04\/07\/ii-niedziela-wielkanocna-niedziela-milosierdzia-bozego\/","title":{"rendered":"II Niedziela Wielkanocna \u2013 Niedziela Mi\u0142osierdzia Bo\u017cego"},"content":{"rendered":"<p>1.\tDzisiaj z racji I niedzieli miesi\u0105ca po Mszy \u015bwi\u0119tej o godz. 12.30 wystawienie Naj\u015bwi\u0119tszego Sakramentu i mo\u017cliwo\u015b\u0107 adoracji do godz. 17.45.<br \/>\n2.\tW zwi\u0105zku z dzisiejsz\u0105 Uroczysto\u015bci\u0105 Bo\u017cego Mi\u0142osierdzia w godzinie szczeg\u00f3lnych \u0142ask, o godz. 15.00 zapraszamy na specjalne nabo\u017ce\u0144stwo do Bo\u017cego Mi\u0142osierdzia.<br \/>\n3.\tR\u00f3wnie\u017c dzisiaj po Mszy \u015bwi\u0119tej o godz. 11.00 zostanie podsumowane uczestnictwo dzieci w nabo\u017ce\u0144stwach wielkopostnych. B\u0119d\u0105 dyplomy i nagrody. Na spotkanie nale\u017cy przynie\u015b\u0107 kartoniki potwierdzaj\u0105ce uczestnictwo.<br \/>\n4.\tW dniu dzisiejszym o godz. 17.00 odb\u0119dzie si\u0119 spotkanie dla m\u0142odzie\u017cy przed sakramentem bierzmowania.<br \/>\n5.\tR\u00f3wnie\u017c dzisiaj o godz. 19.00 w kawiarence rozpocznie si\u0119 nowa edycja kursu przedma\u0142\u017ce\u0144skiego. Osoby planuj\u0105ce ma\u0142\u017ce\u0144stwo zapraszamy do wzi\u0119cia udzia\u0142u w kursie.<br \/>\n6.\tW tym tygodniu odb\u0119d\u0105 si\u0119 pierwsze pr\u00f3by w ko\u015bciele przed uroczysto\u015bci\u0105 I Komunii \u015bwi\u0119tej i Rocznicy:<br \/>\n&#8211; w poniedzia\u0142ek o godz. 19.00 \u2013 gr. I<br \/>\n&#8211; we wtorek o godz. 19.00 \u2013 gr. II<br \/>\n&#8211; w \u015brod\u0119 o godz. 19.00 \u2013 dzieci rocznicowe<br \/>\n7.\tJutro w Ko\u015bciele obchodzi\u0107 b\u0119dziemy Uroczysto\u015b\u0107 Zwiastowania Pa\u0144skiego, kt\u00f3re z racji na Wielki Tydzie\u0144 zosta\u0142a prze\u0142o\u017cona z dnia 25 marca na 8 kwietnia. Zapraszamy na Msze \u015bwi\u0119te o godz. 17.00 i 18.00.<br \/>\n8.      We wtorek w godz. 19.00-21.00 w budynku Centrum Wsparcia Fizycznego b\u0119dzie mo\u017cna skorzysta\u0107 z bezp\u0142atnych porad prawnika.<br \/>\n9.\tW dniach od 11 do 14 kwietnia w Zamku Kr\u00f3lewskim w Warszawie  odb\u0119d\u0105 si\u0119 29 Targi Wydawnictw Katolickich, a 13 kwietnia o godz. 19.30 w katedrze polowej Wojska Polskiego odb\u0119dzie si\u0119 wr\u0119czenie nagr\u00f3d FENIKS 2024 i okoliczno\u015bciowy koncert.<br \/>\n10.\tW przysz\u0142\u0105 niedziel\u0119 rozpocznie si\u0119 w Ko\u015bciele 16 Og\u00f3lnopolski Tydzie\u0144 Biblijny pod has\u0142em \u2013 \u201ePowo\u0142ani do Wsp\u00f3lnoty \u2013 Komunii z Bogiem i bli\u017animi w Ko\u015bciele\u201d. Zach\u0119camy w tym czasie do lektury Pisma \u015awi\u0119tego.<br \/>\n11.\tR\u00f3wnie\u017c za tydzie\u0144 w Warszawie odb\u0119dzie si\u0119 Narodowy Marsz \u017bycia pod has\u0142em \u2013 \u201eNiech \u017cyje Polska\u201d. Pocz\u0105tek o godz. 11.00 Msz\u0105 \u015bwi\u0119t\u0105 w katedrze \u015bw. Jana Chrzciciela na Starym Mie\u015bcie a nast\u0119pnie przemarsz na Plac Trzech Krzy\u017cy.<br \/>\n12.\tSzpital w Legionowie zaprasza panie w wieku 45-74 lat na badania mammograficzne piersi. Szpital zapewnia najlepszych specjalist\u00f3w, mi\u0142\u0105 obs\u0142ug\u0119 i szybkie terminy bada\u0144. Wi\u0119cej informacji na plakacie w gablocie.<br \/>\n13.\tW przysz\u0142\u0105 niedziel\u0119 o godz. 10.25 odb\u0119dzie si\u0119 katecheza dla dzieci klas III szko\u0142y podstawowej przed I Komuni\u0105 \u015bwi\u0119t\u0105.<br \/>\n14.\tR\u00f3wnie\u017c w przysz\u0142\u0105 niedziel\u0119 na Mszy \u015bwi\u0119tej o godz. 18.00 modli\u0107 si\u0119 b\u0119dziemy w intencji ofiar zbrodni katy\u0144skiej 1940 roku. Po Mszy \u015bwi\u0119tej nast\u0105pi sk\u0142adanie wie\u0144c\u00f3w przez delegacje pod pomnikiem katy\u0144skim, obok ko\u015bcio\u0142a, upami\u0119tniaj\u0105ce to wydarzenie.<br \/>\n15.\tS\u0105 ostatnie trzy wolne miejsca na czerwcow\u0105, 4 dniow\u0105 pielgrzymk\u0119 na Suwalszczyzn\u0119, do Wilna, Trok i Druskiennik. Bli\u017csze informacje w zakrystii.<\/p>\n","protected":false},"excerpt":{"rendered":"<p>1. Dzisiaj z racji I niedzieli miesi\u0105ca po Mszy \u015bwi\u0119tej o godz. 12.30 wystawienie Naj\u015bwi\u0119tszego Sakramentu i mo\u017cliwo\u015b\u0107 adoracji do godz. 17.45. 2. W zwi\u0105zku z dzisiejsz\u0105 Uroczysto\u015bci\u0105 Bo\u017cego Mi\u0142osierdzia w godzinie szczeg\u00f3lnych \u0142ask, o godz. 15.00 zapraszamy na specjalne nabo\u017ce\u0144stwo do Bo\u017cego Mi\u0142osierdzia. 3. R\u00f3wnie\u017c dzisiaj po Mszy \u015bwi\u0119tej o godz. 11.00 zostanie podsumowane [&hellip;]<\/p>\n","protected":false},"author":1,"featured_media":30657,"comment_status":"closed","ping_status":"closed","sticky":false,"template":"","format":"standard","meta":{"footnotes":""},"categories":[2,14],"tags":[],"class_list":["post-22702","post","type-post","status-publish","format-standard","has-post-thumbnail","hentry","category-aktualnosci","category-ogloszenia-parafialne"],"_links":{"self":[{"href":"https:\/\/mbfatimska.ovh\/index.php\/wp-json\/wp\/v2\/posts\/22702","targetHints":{"allow":["GET"]}}],"collection":[{"href":"https:\/\/mbfatimska.ovh\/index.php\/wp-json\/wp\/v2\/posts"}],"about":[{"href":"https:\/\/mbfatimska.ovh\/index.php\/wp-json\/wp\/v2\/types\/post"}],"author":[{"embeddable":true,"href":"https:\/\/mbfatimska.ovh\/index.php\/wp-json\/wp\/v2\/users\/1"}],"replies":[{"embeddable":true,"href":"https:\/\/mbfatimska.ovh\/index.php\/wp-json\/wp\/v2\/comments?post=22702"}],"version-history":[{"count":0,"href":"https:\/\/mbfatimska.ovh\/index.php\/wp-json\/wp\/v2\/posts\/22702\/revisions"}],"wp:featuredmedia":[{"embeddable":true,"href":"https:\/\/mbfatimska.ovh\/index.php\/wp-json\/wp\/v2\/media\/30657"}],"wp:attachment":[{"href":"https:\/\/mbfatimska.ovh\/index.php\/wp-json\/wp\/v2\/media?parent=22702"}],"wp:term":[{"taxonomy":"category","embeddable":true,"href":"https:\/\/mbfatimska.ovh\/index.php\/wp-json\/wp\/v2\/categories?post=22702"},{"taxonomy":"post_tag","embeddable":true,"href":"https:\/\/mbfatimska.ovh\/index.php\/wp-json\/wp\/v2\/tags?post=22702"}],"curies":[{"name":"wp","href":"https:\/\/api.w.org\/{rel}","templated":true}]}}