{"id":22797,"date":"2024-04-14T08:13:34","date_gmt":"2024-04-14T06:13:34","guid":{"rendered":"https:\/\/www.mbfatimska.pl\/?p=22797"},"modified":"2024-04-14T08:13:34","modified_gmt":"2024-04-14T06:13:34","slug":"iii-niedziela-wielkanocna-4","status":"publish","type":"post","link":"https:\/\/mbfatimska.ovh\/index.php\/2024\/04\/14\/iii-niedziela-wielkanocna-4\/","title":{"rendered":"III Niedziela Wielkanocna"},"content":{"rendered":"<p>1.\tDzisiejsza niedziela rozpoczyna 16 Og\u00f3lnopolski Tydzie\u0144 Biblijny, kt\u00f3remu w tym roku towarzyszy motto: \u201ePowo\u0142ani do Wsp\u00f3lnoty \u2013 Komunii z Bogiem i bli\u017anim w Ko\u015bciele\u201d. Obch\u00f3d tygodnia rozpoczyna 7 Narodowe Czytanie Pisma \u015awi\u0119tego, odbywaj\u0105ce si\u0119 pod has\u0142em: \u201eTrwali w nauce Aposto\u0142\u00f3w i we wsp\u00f3lnocie\u201d. Zach\u0119camy do codziennej lektury S\u0142owa Bo\u017cego.<br \/>\n2.\tW dniu dzisiejszym o godz. 18.00 zostanie odprawiona uroczysta Msza \u015bwi\u0119ta w intencji ofiar mordu katy\u0144skiego 1940 roku, a po Eucharystii nast\u0105pi z\u0142o\u017cenie wie\u0144c\u00f3w pod pomnikiem katy\u0144skim obok ko\u015bcio\u0142a. Pomnik upami\u0119tnia \u017co\u0142nierzy, policjant\u00f3w i kolejarzy, kt\u00f3rzy zgin\u0119li w tamtym czasie w Katyniu, Charkowie, Miednoje a zwi\u0105zanych z naszym miastem. Serdecznie zapraszamy na t\u0119 uroczysto\u015b\u0107.<br \/>\n3.\tJeszcze dzisiaj o godz. 10.25 odb\u0119dzie si\u0119 katecheza dla dzieci klas III szko\u0142y podstawowej przed I Komuni\u0105 \u015bwi\u0119t\u0105.<br \/>\n4.\tJutro w budynku Centrum Wsparcia Fizycznego b\u0119dzie mo\u017cna skorzysta\u0107 z darmowych porad psychologa w godz. 18.00-20.00.<br \/>\n5.\t19 kwietnia zapraszamy na kolejne nabo\u017ce\u0144stwo do \u015bw. J\u00f3zefa patrona ma\u0142\u017ce\u0144stw i rodzin. O godz. 18.00 zostanie odprawiona Msza \u015bwi\u0119ta i bezpo\u015brednio po niej modlitwy do \u015bw. J\u00f3zefa.<br \/>\n6.\tW sobot\u0119 o godz. 10.00 grupa I dzieci przygotowuj\u0105cych si\u0119 do uroczysto\u015bci I Komunii \u015bwi\u0119tej, odb\u0119dzie rozmow\u0119 z ksi\u0119dzem przed uroczysto\u015bci\u0105. Zapraszamy dzieci z rodzicami, b\u0105d\u017a z jednym rodzicem na spotkanie, na kt\u00f3re nale\u017cy przynie\u015b\u0107:<br \/>\n&#8211; podr\u0119cznik z zaliczeniami modlitw<br \/>\n&#8211; indeks z naklejkami uczestnictwa we Mszach \u015bwi\u0119tych niedzielnych<br \/>\n&#8211; zeszyt z potwierdzeniem obecno\u015bci na katechezie w ko\u015bciele<br \/>\n&#8211; wyklejanki \u2013 obrazki z nabo\u017ce\u0144stw pa\u017adziernikowych, Rorat, Drogi Krzy\u017cowej i Gorzkich \u017bali<br \/>\n7.\tR\u00f3wnie\u017c w sobot\u0119, po Mszy \u015bwi\u0119tej o godz. 18.00, odb\u0119dzie si\u0119 w ko\u015bciele specjalny koncert pie\u015bni maryjnych w wykonaniu znanych artyst\u00f3w, w po\u0142\u0105czeniu z nasz\u0105 schol\u0105 Fatima Canta. B\u0119dzie to niebywa\u0142a okazja uczestniczenia w duchowym wydarzeniu kulturalnym, kt\u00f3ry wprowadzi nas w atmosfer\u0119 maryjnego miesi\u0105ca jakim jest maj, a w nim uroczysto\u015b\u0107 Matki Bo\u017cej Kr\u00f3lowej Polski i pocz\u0105tek nabo\u017ce\u0144stw fatimskich.<br \/>\n8.\tW sobot\u0119 w godz. 10.00-14.00 zapraszamy do budynku Klubu Seniora na kolejne warsztaty kulinarne. W tym tygodniu b\u0119d\u0105 wykonywane kolejne przepisy. Obok uczenia si\u0119 kunsztu ciastkarskiego b\u0119d\u0105 konkursy i wiele ciekawostek kulinarnych. Zapraszamy ca\u0142e rodziny do konstruktywnego i tw\u00f3rczego sp\u0119dzenia razem sobotniego czasu.<br \/>\n9.\tZa tydzie\u0144 w niedziel\u0119 odb\u0119d\u0105 si\u0119 nast\u0119puj\u0105ce spotkania:<br \/>\n&#8211; o godz. 10.25 dla dzieci klas IV przed rocznic\u0105 Komunii \u015bwi\u0119tej<br \/>\n&#8211; o godz. 17.00 dla m\u0142odzie\u017cy przed sakramentem bierzmowania<br \/>\n&#8211; godz. 19.00 dla narzeczonych w ramach kursu przedma\u0142\u017ce\u0144skiego<br \/>\n10.\tW przysz\u0142\u0105 niedziel\u0119 o godz. 15.30 w Muzeum Historycznym na Piaskach odb\u0119dzie si\u0119 spotkanie z dr Adamem Kaczy\u0144skim i dr Arturem Bojarskim na temat przemys\u0142u legionowskiego \u2013 o rzeczach wytwarzanych w Legionowie dawniej i dzisiaj. Wst\u0119p wolny.<br \/>\n11.\tR\u00f3wnie\u017c za tydzie\u0144 o godz. 16.15 w salce pod zakrysti\u0105 odb\u0119dzie si\u0119 spotkanie dla os\u00f3b, kt\u00f3re na prze\u0142omie wrze\u015bnia i pa\u017adziernika udaj\u0105 si\u0119 na pielgrzymk\u0119 do Gruzji i Armenii.<br \/>\n12.\tW przysz\u0142\u0105 niedziel\u0119 po Mszy \u015bwi\u0119tej o godz. 18.00 zapraszamy na modlitewne uwielbienie i adoracj\u0119 Naj\u015bwi\u0119tszego Sakramentu. Czuwanie przygotowuje wsp\u00f3lnota Odnowa w Duchu \u015awi\u0119tym. Po uwielbieniu b\u0119dzie mo\u017cliwo\u015b\u0107 skorzystania z pos\u0142ugi modlitwy wstawienniczej.<br \/>\n13.\tW \u015brod\u0119 8 maja organizujemy autokarow\u0105 pielgrzymk\u0119 szlakiem historii Polski do Malborka, na pole Grunwaldzkie. W czasie wyjazdu b\u0119dzie mo\u017cliwo\u015b\u0107 zwiedzenia zamku krzy\u017cackiego w Malborku z przewodnikiem z poznaniem historii tamtej epoki, jak r\u00f3wnie\u017c wsp\u00f3lny obiad Zapisy i bli\u017csze informacje w zakrystii.<br \/>\n14.\tOd prawie 2 lat dzia\u0142a w parafii punkt rehabilitacyjny i fizykoterapeutyczny. Mo\u017cna w nim skorzysta\u0107 z masa\u017cu leczniczego, \u0107wicze\u0144 usprawniaj\u0105cych, pola magnetycznego, biopr\u0105d\u00f3w, lampy soluks, laseru, fali uderzeniowej a od maja z zabieg\u00f3w krioterapeutycznych i wielu jeszcze innych przydatnych prozdrowotnych zabieg\u00f3w. Nie trzeba mie\u0107 \u017cadnych skierowa\u0144. Obs\u0142ug\u0105 zajmuj\u0105 si\u0119 wykwalifikowani fizykoterapeuci. Zapraszamy od poniedzia\u0142ku do pi\u0105tku w godz. 15.30-18.00. Stosowne ulotki znajduj\u0105 si\u0119 na stolikach za \u0142awkami.<br \/>\n15.\tW przysz\u0142\u0105 niedziel\u0119 na Mszach \u015bwi\u0119tych b\u0119dziemy wyra\u017ca\u0107 nasz\u0105 wdzi\u0119czno\u015b\u0107 i sk\u0142ada\u0107 najserdeczniejsze \u017cyczenia ksi\u0119dzu Markowi z racji przypadaj\u0105cych 25 kwietnia jego imienin. Zapraszamy grupy parafialne i pojedyncze osoby do okazania sympatii ks. Markowi.<br \/>\n16.\tW pi\u0105tek 12 kwietnia zmar\u0142 ks. pra\u0142. Witold Och, d\u0142ugoletni proboszcz parafii Mi\u0142osierdzia Bo\u017cego w Legionowie. Uroczysto\u015bci pogrzebowe odb\u0119d\u0105 si\u0119 w dw\u00f3ch etapach:<br \/>\n&#8211; we wtorek o godz. 19.00 \u2013 Msza \u015bwi\u0119ta pogrzebowa dla dekanatu legionowskiego i tych, kt\u00f3rzy nie b\u0119d\u0105 mogli wzi\u0105\u0107 udzia\u0142u w pogrzebie w \u015brod\u0119 w ci\u0105gu dnia<br \/>\n&#8211; w \u015brod\u0119 o godz. 12.00 \u2013 g\u0142\u00f3wne ceremonie pogrzebowe z udzia\u0142em ks. Biskupa i odprowadzeniem trumny z cia\u0142em ksi\u0119dza pra\u0142ata na cmentarz legionowski do kwatery kap\u0142a\u0144skiej.<br \/>\nPolecamy \u015b.p. ksi\u0119dza pra\u0142ata Witolda Ocha naszej modlitwie i liczymy, \u017ce spotkamy si\u0119 w parafii Mi\u0142osierdzia Bo\u017cego na Mszach \u015bwi\u0119tych w intencji zmar\u0142ego.<\/p>\n","protected":false},"excerpt":{"rendered":"<p>1. Dzisiejsza niedziela rozpoczyna 16 Og\u00f3lnopolski Tydzie\u0144 Biblijny, kt\u00f3remu w tym roku towarzyszy motto: \u201ePowo\u0142ani do Wsp\u00f3lnoty \u2013 Komunii z Bogiem i bli\u017anim w Ko\u015bciele\u201d. Obch\u00f3d tygodnia rozpoczyna 7 Narodowe Czytanie Pisma \u015awi\u0119tego, odbywaj\u0105ce si\u0119 pod has\u0142em: \u201eTrwali w nauce Aposto\u0142\u00f3w i we wsp\u00f3lnocie\u201d. Zach\u0119camy do codziennej lektury S\u0142owa Bo\u017cego. 2. W dniu dzisiejszym o [&hellip;]<\/p>\n","protected":false},"author":1,"featured_media":30657,"comment_status":"closed","ping_status":"closed","sticky":false,"template":"","format":"standard","meta":{"footnotes":""},"categories":[2,14],"tags":[],"class_list":["post-22797","post","type-post","status-publish","format-standard","has-post-thumbnail","hentry","category-aktualnosci","category-ogloszenia-parafialne"],"_links":{"self":[{"href":"https:\/\/mbfatimska.ovh\/index.php\/wp-json\/wp\/v2\/posts\/22797","targetHints":{"allow":["GET"]}}],"collection":[{"href":"https:\/\/mbfatimska.ovh\/index.php\/wp-json\/wp\/v2\/posts"}],"about":[{"href":"https:\/\/mbfatimska.ovh\/index.php\/wp-json\/wp\/v2\/types\/post"}],"author":[{"embeddable":true,"href":"https:\/\/mbfatimska.ovh\/index.php\/wp-json\/wp\/v2\/users\/1"}],"replies":[{"embeddable":true,"href":"https:\/\/mbfatimska.ovh\/index.php\/wp-json\/wp\/v2\/comments?post=22797"}],"version-history":[{"count":0,"href":"https:\/\/mbfatimska.ovh\/index.php\/wp-json\/wp\/v2\/posts\/22797\/revisions"}],"wp:featuredmedia":[{"embeddable":true,"href":"https:\/\/mbfatimska.ovh\/index.php\/wp-json\/wp\/v2\/media\/30657"}],"wp:attachment":[{"href":"https:\/\/mbfatimska.ovh\/index.php\/wp-json\/wp\/v2\/media?parent=22797"}],"wp:term":[{"taxonomy":"category","embeddable":true,"href":"https:\/\/mbfatimska.ovh\/index.php\/wp-json\/wp\/v2\/categories?post=22797"},{"taxonomy":"post_tag","embeddable":true,"href":"https:\/\/mbfatimska.ovh\/index.php\/wp-json\/wp\/v2\/tags?post=22797"}],"curies":[{"name":"wp","href":"https:\/\/api.w.org\/{rel}","templated":true}]}}