{"id":22801,"date":"2024-04-14T23:48:07","date_gmt":"2024-04-14T21:48:07","guid":{"rendered":"https:\/\/www.mbfatimska.pl\/?p=22801"},"modified":"2024-04-14T23:48:07","modified_gmt":"2024-04-14T21:48:07","slug":"informacja-dla-rodzicow-dzieci-rocznicowych-2024","status":"publish","type":"post","link":"https:\/\/mbfatimska.ovh\/index.php\/2024\/04\/14\/informacja-dla-rodzicow-dzieci-rocznicowych-2024\/","title":{"rendered":"INFORMACJA DLA RODZIC\u00d3W DZIECI ROCZNICOWYCH 2024"},"content":{"rendered":"<ul>\n<li><strong>Droga Krzy\u017cowa<\/strong> \u2013 pi\u0105tek godz. 16.30<\/li>\n<li><strong>Gorzkie \u017bale<\/strong> \u2013 niedziela godz. 17.15<\/li>\n<\/ul>\n<p><strong>\u00a0<\/strong><\/p>\n<ul>\n<li><strong>Rekolekcje Wielkopostne \u2013 21, 22, 23 marca<\/strong><\/li>\n<\/ul>\n<p>(czwartek, pi\u0105tek, sobota)<\/p>\n<p><strong>godz. 16.30<\/strong><\/p>\n<p>&nbsp;<\/p>\n<p>&#8211; <strong>sobota<\/strong> \u2013 dzieci rocznicowe otrzymuj\u0105 obrazki do spowiedzi rocznicowej<\/p>\n<p>&nbsp;<\/p>\n<ul>\n<li><strong>PR\u00d3BY W KO\u015aCIELE PRZED UROCZYSTO\u015aCI\u0104<\/strong><\/li>\n<\/ul>\n<p><strong>\u00a0<\/strong><\/p>\n<p>10.04.2024 godz. 19.00<\/p>\n<p>24.04.2024 godz. 19.00<\/p>\n<p>06.05.2024 godz. 17.00<\/p>\n<p>14.05.2024 godz. 17.00<\/p>\n<p>&nbsp;<\/p>\n<ul>\n<li><strong>SPOWIED\u0179 PRZED UROCZYSTO\u015aCI\u0104<\/strong><\/li>\n<\/ul>\n<p><strong>16.05.2024\u00a0\u00a0\u00a0\u00a0\u00a0\u00a0\u00a0\u00a0\u00a0\u00a0\u00a0\u00a0\u00a0\u00a0 godz. 16.00-17.30<\/strong><\/p>\n<p>&nbsp;<\/p>\n<p><strong>17.05.2024\u00a0 \u00a0 \u00a0 \u00a0 \u00a0 \u00a0 \u00a0 \u00a0godz. 16.15<\/strong><\/p>\n<p>\u2013 dzieci bior\u0105 udzia\u0142 we Mszy \u015bwi\u0119tej z relikwiami b\u0142ogos\u0142awionej rodziny Ulm\u00f3w<\/p>\n<p><strong>09.06.2024\u00a0 \u00a0 \u00a0 \u00a0 \u00a0 \u00a0 \u00a0 godz. 11.00<\/strong><\/p>\n<p>&#8211; dzieci otrzymuj\u0105 pami\u0105tkow\u0105 \u015bwiec\u0119 rocznicy Komunii \u015bwi\u0119tej<\/p>\n","protected":false},"excerpt":{"rendered":"<p>Droga Krzy\u017cowa \u2013 pi\u0105tek godz. 16.30 Gorzkie \u017bale \u2013 niedziela godz. 17.15 \u00a0 Rekolekcje Wielkopostne \u2013 21, 22, 23 marca (czwartek, pi\u0105tek, sobota) godz. 16.30 &nbsp; &#8211; sobota \u2013 dzieci rocznicowe otrzymuj\u0105 obrazki do spowiedzi rocznicowej &nbsp; PR\u00d3BY W KO\u015aCIELE PRZED UROCZYSTO\u015aCI\u0104 \u00a0 10.04.2024 godz. 19.00 24.04.2024 godz. 19.00 06.05.2024 godz. 17.00 14.05.2024 godz. 17.00 [&hellip;]<\/p>\n","protected":false},"author":1,"featured_media":30657,"comment_status":"closed","ping_status":"closed","sticky":false,"template":"","format":"standard","meta":{"footnotes":""},"categories":[9],"tags":[],"class_list":["post-22801","post","type-post","status-publish","format-standard","has-post-thumbnail","hentry","category-komunia"],"_links":{"self":[{"href":"https:\/\/mbfatimska.ovh\/index.php\/wp-json\/wp\/v2\/posts\/22801","targetHints":{"allow":["GET"]}}],"collection":[{"href":"https:\/\/mbfatimska.ovh\/index.php\/wp-json\/wp\/v2\/posts"}],"about":[{"href":"https:\/\/mbfatimska.ovh\/index.php\/wp-json\/wp\/v2\/types\/post"}],"author":[{"embeddable":true,"href":"https:\/\/mbfatimska.ovh\/index.php\/wp-json\/wp\/v2\/users\/1"}],"replies":[{"embeddable":true,"href":"https:\/\/mbfatimska.ovh\/index.php\/wp-json\/wp\/v2\/comments?post=22801"}],"version-history":[{"count":0,"href":"https:\/\/mbfatimska.ovh\/index.php\/wp-json\/wp\/v2\/posts\/22801\/revisions"}],"wp:featuredmedia":[{"embeddable":true,"href":"https:\/\/mbfatimska.ovh\/index.php\/wp-json\/wp\/v2\/media\/30657"}],"wp:attachment":[{"href":"https:\/\/mbfatimska.ovh\/index.php\/wp-json\/wp\/v2\/media?parent=22801"}],"wp:term":[{"taxonomy":"category","embeddable":true,"href":"https:\/\/mbfatimska.ovh\/index.php\/wp-json\/wp\/v2\/categories?post=22801"},{"taxonomy":"post_tag","embeddable":true,"href":"https:\/\/mbfatimska.ovh\/index.php\/wp-json\/wp\/v2\/tags?post=22801"}],"curies":[{"name":"wp","href":"https:\/\/api.w.org\/{rel}","templated":true}]}}