{"id":22880,"date":"2024-04-21T07:22:09","date_gmt":"2024-04-21T05:22:09","guid":{"rendered":"https:\/\/www.mbfatimska.pl\/?p=22880"},"modified":"2024-04-21T07:22:09","modified_gmt":"2024-04-21T05:22:09","slug":"iv-niedziela-wielkanocna-3","status":"publish","type":"post","link":"https:\/\/mbfatimska.ovh\/index.php\/2024\/04\/21\/iv-niedziela-wielkanocna-3\/","title":{"rendered":"IV Niedziela Wielkanocna"},"content":{"rendered":"<p>1.\tW dniu wczorajszym odby\u0142 si\u0119 w naszej parafii koncert pie\u015bni maryjnych pt.: \u201ePi\u0119knie \u017cy\u0107\u201d w wykonaniu Krzysztofa Gwiazdy, ks. Piotra Nowaka i naszej scholi \u201eFatima Canta\u201d. Dzi\u0119kujemy wykonawcom za wspania\u0142e doznania duchowe, a wszystkim za uczestnictwo w tym niecodziennym wydarzeniu.<br \/>\n2.\tDzisiejsza niedziela jest Niedziel\u0105 Dobrego Pasterza, kt\u00f3r\u0105 rozpoczniemy Tydzie\u0144 powszechnej modlitwy o powo\u0142ania do kap\u0142a\u0144stwa i \u017cycia konsekrowanego.<br \/>\n3.\tJeszcze dzisiaj o godz. 15.30 w Muzeum Historycznym na Piaskach odb\u0119dzie si\u0119  prelekcja na temat przemys\u0142u w Legionowie dawniej i dzisiaj \u2013 jakie towary by\u0142y wytwarzane kiedy\u015b i obecnie.<br \/>\n4.\tJeszcze dzisiaj odb\u0119d\u0105 si\u0119 nast\u0119puj\u0105ce spotkania:<br \/>\n&#8211; godz. 10.25 dla dzieci klas IV szko\u0142y podstawowej przed Komuni\u0105 \u015bwi\u0119t\u0105 rocznicow\u0105<br \/>\n&#8211; o godz. 16.15 dla os\u00f3b wyje\u017cd\u017caj\u0105cych na prze\u0142omie wrze\u015bnia i pa\u017adziernika do Gruzji<br \/>\n&#8211; o godz. 17.00 dla m\u0142odzie\u017cy przed sakramentem bierzmowania<br \/>\n&#8211; o godz. 19.00 dla narzeczonych w ramach kursu przedma\u0142\u017ce\u0144skiego<br \/>\n5.      W dniu dzisiejszym po Mszy \u015bwi\u0119tej o godz. 18.00 zapraszamy na modlitewne uwielbienie i adoracj\u0119 Naj\u015bwi\u0119tszego Sakramentu. Czuwanie przygotowuje wsp\u00f3lnota Odnowa w Duchu \u015awi\u0119tym. Po uwielbieniu b\u0119dzie mo\u017cliwo\u015b\u0107 skorzystania z pos\u0142ugi modlitwy wstawienniczej.<br \/>\n6.\tW tym tygodniu odb\u0119d\u0105 si\u0119 kolejne pr\u00f3by przed I Komuni\u0105 \u015bwi\u0119t\u0105 i rocznic\u0105 Komunii \u015bwi\u0119tej:<br \/>\n&#8211; w poniedzia\u0142ek o godz. 19.00 \u2013 I grupa komunijna<br \/>\n&#8211; we wtorek o godz. 19.00 \u2013 II grupa komunijna<br \/>\n&#8211; w \u015brod\u0119 o godz. 19.00 \u2013 grupa rocznicowa<br \/>\n7.\tW sobot\u0119 od godz. 10.00 do 12.00 odb\u0119dzie si\u0119 spotkanie dzieci i rodzic\u00f3w grupy drugiej komunijnej z ksi\u0119dzem w ramach przygotowania do uroczysto\u015bci I Komunii \u015bwi\u0119tej.<br \/>\n8.\tW poniedzia\u0142ek 22 kwietnia zapraszamy na kolejne nabo\u017ce\u0144stwo do \u015bw. Rity, patronki spraw trudnych i beznadziejnych. W ramach Mszy \u015bwi\u0119tej o godz 18.00 zostan\u0105 po\u015bwi\u0119cone r\u00f3\u017ce, a po Eucharystii zaniesiemy wsp\u00f3lne modlitwy do patronki trudnych spraw.<br \/>\n9.\t23 kwietnia we wtorek obchodzi\u0107 b\u0119dziemy w ko\u015bciele uroczysto\u015b\u0107 \u015bw. Wojciecha g\u0142\u00f3wnego patrona Polski. Zapraszamy na Msze \u015bwi\u0119te o godz. 17.00 i 18.00.<br \/>\n10.\tWe czwartek, 25 kwietnia, b\u0119dziemy oddawa\u0107 cze\u015b\u0107 \u015bw. Markowi Ewangeli\u015bcie obchodz\u0105c jego \u015bwi\u0119to. W tym dniu pami\u0119tajmy o ks. Marku, naszym ksi\u0119dzu wikariuszu w dniu jego imienin. Zapraszamy na Msz\u0119 \u015bwi\u0119t\u0105 o godz. 18.00 sprawowawnej w Jego intencji. W dniu dzisiejszym na Mszach \u015bwi\u0119tych b\u0119dziemy wyra\u017ca\u0107 nasz\u0105 wdzi\u0119czno\u015b\u0107 ks. Markowi . Ju\u017c dzisiaj \u017cyczymy solenizantowi wiele zdrowia, ludzkiej \u017cyczliwo\u015bci i mocy Bo\u017cej w jego pos\u0142udze.<br \/>\n11.\tW pi\u0105tek o godz. 18.00 zostanie odprawiona Msza \u015bwi\u0119ta wypominkowa za naszych bliskich zmar\u0142ych.<br \/>\n12.\tW \u015brod\u0119 w godz. 18.00-19.00 w budynku Centrum Wsparcia Fizycznego b\u0119dziemy mogli skorzysta\u0107 z darmowych konsultacji logopedy szkolnego.<br \/>\n13.\tW sobot\u0119 w godz. 10.00-14.00 odb\u0119d\u0105 si\u0119 kolejne warsztaty cukierniczo-kulinarne. Tym razem b\u0119dziemy poznawa\u0107 tajniki cukrowych niespodzianek. Warsztaty to cudowny czas bardzo mi\u0142ego i tw\u00f3rczego sp\u0119dzenia czasu dla ma\u0142ych i du\u017cych.<br \/>\n14.\tPo wielu tygodniach rozm\u00f3w i ustale\u0144, od 1 lipca w naszym szpitalu zostanie uruchomiony Szpitalny Oddzia\u0142 Ratunkowy, kt\u00f3ry zwi\u0119kszy zakres pomocy potencjalnym chorym. Karetka w razie potrzeby nie b\u0119dzie ju\u017c jecha\u0107 do Warszawy, Nowego Dworu Mazowieckiego, Wo\u0142omina czy Pu\u0142tuska ale w szybszy spos\u00f3b pomoc b\u0119dzie udzielona w Legionowie.<br \/>\n15.\tS\u0105 jeszcze wolne miejsca na autokarow\u0105 pielgrzymk\u0119 do Malborka, na Pola Grunwaldzkie i do Pelplina w dniu 8 maja. Zapisy do przysz\u0142ej niedzieli w\u0142\u0105cznie.<\/p>\n","protected":false},"excerpt":{"rendered":"<p>1. W dniu wczorajszym odby\u0142 si\u0119 w naszej parafii koncert pie\u015bni maryjnych pt.: \u201ePi\u0119knie \u017cy\u0107\u201d w wykonaniu Krzysztofa Gwiazdy, ks. Piotra Nowaka i naszej scholi \u201eFatima Canta\u201d. Dzi\u0119kujemy wykonawcom za wspania\u0142e doznania duchowe, a wszystkim za uczestnictwo w tym niecodziennym wydarzeniu. 2. Dzisiejsza niedziela jest Niedziel\u0105 Dobrego Pasterza, kt\u00f3r\u0105 rozpoczniemy Tydzie\u0144 powszechnej modlitwy o powo\u0142ania [&hellip;]<\/p>\n","protected":false},"author":1,"featured_media":30657,"comment_status":"closed","ping_status":"closed","sticky":false,"template":"","format":"standard","meta":{"footnotes":""},"categories":[2,14],"tags":[],"class_list":["post-22880","post","type-post","status-publish","format-standard","has-post-thumbnail","hentry","category-aktualnosci","category-ogloszenia-parafialne"],"_links":{"self":[{"href":"https:\/\/mbfatimska.ovh\/index.php\/wp-json\/wp\/v2\/posts\/22880","targetHints":{"allow":["GET"]}}],"collection":[{"href":"https:\/\/mbfatimska.ovh\/index.php\/wp-json\/wp\/v2\/posts"}],"about":[{"href":"https:\/\/mbfatimska.ovh\/index.php\/wp-json\/wp\/v2\/types\/post"}],"author":[{"embeddable":true,"href":"https:\/\/mbfatimska.ovh\/index.php\/wp-json\/wp\/v2\/users\/1"}],"replies":[{"embeddable":true,"href":"https:\/\/mbfatimska.ovh\/index.php\/wp-json\/wp\/v2\/comments?post=22880"}],"version-history":[{"count":0,"href":"https:\/\/mbfatimska.ovh\/index.php\/wp-json\/wp\/v2\/posts\/22880\/revisions"}],"wp:featuredmedia":[{"embeddable":true,"href":"https:\/\/mbfatimska.ovh\/index.php\/wp-json\/wp\/v2\/media\/30657"}],"wp:attachment":[{"href":"https:\/\/mbfatimska.ovh\/index.php\/wp-json\/wp\/v2\/media?parent=22880"}],"wp:term":[{"taxonomy":"category","embeddable":true,"href":"https:\/\/mbfatimska.ovh\/index.php\/wp-json\/wp\/v2\/categories?post=22880"},{"taxonomy":"post_tag","embeddable":true,"href":"https:\/\/mbfatimska.ovh\/index.php\/wp-json\/wp\/v2\/tags?post=22880"}],"curies":[{"name":"wp","href":"https:\/\/api.w.org\/{rel}","templated":true}]}}