{"id":22886,"date":"2024-04-28T07:10:50","date_gmt":"2024-04-28T05:10:50","guid":{"rendered":"https:\/\/www.mbfatimska.pl\/?p=22886"},"modified":"2024-04-28T07:10:50","modified_gmt":"2024-04-28T05:10:50","slug":"v-niedziela-wielkanocna-4","status":"publish","type":"post","link":"https:\/\/mbfatimska.ovh\/index.php\/2024\/04\/28\/v-niedziela-wielkanocna-4\/","title":{"rendered":"V Niedziela Wielkanocna"},"content":{"rendered":"<p>1.\tJeszcze dzisiaj odb\u0119d\u0105 si\u0119 nast\u0119puj\u0105ce spotkania:<br \/>\n&#8211; o godz. 10.25 dla dzieci klas III szko\u0142y podstawowej przed I Komuni\u0105 \u015bwi\u0119t\u0105<br \/>\n&#8211; o godz. 19.00 dla narzeczonych w ramach kursu przedma\u0142\u017ce\u0144skiego<br \/>\n2.\tJeszcze dzisiaj z racji 28 dnia miesi\u0105ca o godz. 17.40 zostanie odprawione nabo\u017ce\u0144stwo do patrona naszego miasta, b\u0142. Kardyna\u0142a Stefana Wyszy\u0144skiego.<br \/>\n3.\tW tym tygodniu  w poniedzia\u0142ek i wtorek odb\u0119d\u0105 si\u0119 pr\u00f3by w ko\u015bciele dla dzieci komunijnych:<br \/>\n&#8211; w poniedzia\u0142ek o godz. 19.00 \u2013 I grupa komunijna<br \/>\n&#8211; we wtorek o godz. 19.00 \u2013 II grupa komunijna<br \/>\n4.\tW tym tygodniu rozpoczynamy miesi\u0105c maj. Od 1 maja do 30 wrze\u015bnia ulegaj\u0105 zmianie popo\u0142udniowe Msze \u015bwi\u0119te i godziny urz\u0119dowania kancelarii parafialnej:<br \/>\n&#8211; w dni powszednie od poniedzia\u0142ku do soboty Msze \u015bwi\u0119te b\u0119d\u0105 sprawowane o godz. 18.00 i 19.00, w niedziel\u0119 popo\u0142udniu r\u00f3wnie\u017c o godz. 19.00<br \/>\n&#8211; kancelaria b\u0119dzie czynna od poniedzia\u0142ku do \u015brody w godz. 19.30-20.15 i w sobot\u0119 w godz. 09.00-10.00<br \/>\n5.\tW miesi\u0105cu maju zapraszamy na nabo\u017ce\u0144stwa majowe:<br \/>\n&#8211; w dni powszednie o godz. 19.30<br \/>\n&#8211; w niedziele i uroczysto\u015bci o godz. 18.30<br \/>\n6.\tW tym tygodniu przypada:<br \/>\n&#8211; I czwartek miesi\u0105ca \u2013 adoracja Naj\u015bwi\u0119tszego Sakramentu po nabo\u017ce\u0144stwie majowym do godz. 22.00<br \/>\n&#8211; I pi\u0105tek miesi\u0105ca \u2013 spowied\u017a podczas ka\u017cdej Mszy \u015bwi\u0119tej<br \/>\n&#8211; I sobota miesi\u0105ca \u2013 nabo\u017ce\u0144stwo wynagradzaj\u0105ce Niepokalanemu Sercu Naj\u015bwi\u0119tszej Maryi Panny po Mszy \u015bwi\u0119tej o godz. 19.00 i trwa\u0107 b\u0119dzie do godz. 21.00<br \/>\n&#8211; I niedziela miesi\u0105ca \u2013 po Mszy \u015bwi\u0119tej o godz. 12.30 wystawienie Naj\u015bwi\u0119tszego Sakramentu, procesja eucharystyczna i mo\u017cliwo\u015b\u0107 adoracji do godz. 18.30<br \/>\n7.\t2 maja w Polsce obchodzimy \u015awi\u0119to Flagi i Dzie\u0144 Polonii i Polak\u00f3w mieszkaj\u0105cych za granic\u0105. Mi\u0142o nam poinformowa\u0107, \u017ce Legionowskie Stowarzyszenie AMICUS, w dow\u00f3d zaanga\u017cowania w niesienie pomocy Polakom na Litwie, zosta\u0142o wyr\u00f3\u017cnione przez Pana Prezydenta Andrzeja Dud\u0119 i zosta\u0142o zaproszone tego dnia do Belwederu na uroczyste wr\u0119czenie Flagi Narodowej przez G\u0142ow\u0119 Pa\u0144stwa.<br \/>\n8.\t3 maja, w pi\u0105tek, obchodzi\u0107 b\u0119dziemy uroczysto\u015b\u0107 Matki Bo\u017cej Kr\u00f3lowej Polski. Jest to r\u00f3wnie\u017c rocznica uchwalenia Konstytucji 3 Maja. Zapraszamy tego dnia na Msze \u015bwi\u0119te o godz. 07.30, 09.00, 11.00 i 19.00. Nie b\u0119dzie tego dnia Mszy \u015bwi\u0119tej o godz. 12.30.<br \/>\n9.\tW pi\u0105tek o godz. 20.00 odb\u0119dzie si\u0119 w kawiarence konferencja przed chrztem dziecka. Bior\u0105 w niej udzia\u0142 rodzice dziecka, kt\u00f3re b\u0119dzie ochrzczone w naszej parafii, b\u0105d\u017a b\u0119dzie brana zgoda do innej parafii oraz kandydaci na rodzic\u00f3w chrzestnych mieszkaj\u0105cych w naszej parafii.<br \/>\n10.\tOd przysz\u0142ej niedzieli zmienia si\u0119 spos\u00f3b dystrybucji katolickich tygodnik\u00f3w. Najnowsze numery b\u0119d\u0105  wy\u0142o\u017cone na specjalnym stojaku pod ch\u00f3rem. Op\u0142aty za gazety nale\u017cy wrzuci\u0107 do skarbony obok stolika . Liczymy na wi\u0119ksze zainteresowanie si\u0119 pras\u0105 katolick\u0105 oraz uczciwo\u015b\u0107 w zakupie.<br \/>\n11.\tW przysz\u0142\u0105 niedziel\u0119 o godz. 15.30 w Muzeum Historycznym na Piaskach odb\u0119dzie si\u0119 prelekcja pana dr Artura Bojarskiego pt.: \u201ePowiat Legionowski. Co jeszcze do odbudowy?\u201d. Wst\u0119p wolny.<br \/>\n12.\tR\u00f3wnie\u017c w przysz\u0142\u0105 niedziel\u0119 o godz. 18.00 w salce pod zakrysti\u0105 odb\u0119dzie si\u0119 spotkanie dla os\u00f3b wyje\u017cd\u017caj\u0105cych w czerwcu na pielgrzymk\u0119 na Suwalszczyzn\u0119 i na Litw\u0119. Obecno\u015b\u0107 obowi\u0105zkowa.<br \/>\n13.\tW przysz\u0142ym roku uroczysto\u015b\u0107 I Komunii \u015bwi\u0119tej odb\u0119dzie si\u0119 w sobot\u0119 24 maja.<\/p>\n","protected":false},"excerpt":{"rendered":"<p>1. Jeszcze dzisiaj odb\u0119d\u0105 si\u0119 nast\u0119puj\u0105ce spotkania: &#8211; o godz. 10.25 dla dzieci klas III szko\u0142y podstawowej przed I Komuni\u0105 \u015bwi\u0119t\u0105 &#8211; o godz. 19.00 dla narzeczonych w ramach kursu przedma\u0142\u017ce\u0144skiego 2. Jeszcze dzisiaj z racji 28 dnia miesi\u0105ca o godz. 17.40 zostanie odprawione nabo\u017ce\u0144stwo do patrona naszego miasta, b\u0142. Kardyna\u0142a Stefana Wyszy\u0144skiego. 3. W [&hellip;]<\/p>\n","protected":false},"author":1,"featured_media":30657,"comment_status":"closed","ping_status":"closed","sticky":false,"template":"","format":"standard","meta":{"footnotes":""},"categories":[2,14],"tags":[],"class_list":["post-22886","post","type-post","status-publish","format-standard","has-post-thumbnail","hentry","category-aktualnosci","category-ogloszenia-parafialne"],"_links":{"self":[{"href":"https:\/\/mbfatimska.ovh\/index.php\/wp-json\/wp\/v2\/posts\/22886","targetHints":{"allow":["GET"]}}],"collection":[{"href":"https:\/\/mbfatimska.ovh\/index.php\/wp-json\/wp\/v2\/posts"}],"about":[{"href":"https:\/\/mbfatimska.ovh\/index.php\/wp-json\/wp\/v2\/types\/post"}],"author":[{"embeddable":true,"href":"https:\/\/mbfatimska.ovh\/index.php\/wp-json\/wp\/v2\/users\/1"}],"replies":[{"embeddable":true,"href":"https:\/\/mbfatimska.ovh\/index.php\/wp-json\/wp\/v2\/comments?post=22886"}],"version-history":[{"count":0,"href":"https:\/\/mbfatimska.ovh\/index.php\/wp-json\/wp\/v2\/posts\/22886\/revisions"}],"wp:featuredmedia":[{"embeddable":true,"href":"https:\/\/mbfatimska.ovh\/index.php\/wp-json\/wp\/v2\/media\/30657"}],"wp:attachment":[{"href":"https:\/\/mbfatimska.ovh\/index.php\/wp-json\/wp\/v2\/media?parent=22886"}],"wp:term":[{"taxonomy":"category","embeddable":true,"href":"https:\/\/mbfatimska.ovh\/index.php\/wp-json\/wp\/v2\/categories?post=22886"},{"taxonomy":"post_tag","embeddable":true,"href":"https:\/\/mbfatimska.ovh\/index.php\/wp-json\/wp\/v2\/tags?post=22886"}],"curies":[{"name":"wp","href":"https:\/\/api.w.org\/{rel}","templated":true}]}}