{"id":22917,"date":"2024-05-06T10:43:23","date_gmt":"2024-05-06T08:43:23","guid":{"rendered":"https:\/\/www.mbfatimska.pl\/?p=22917"},"modified":"2026-02-09T14:03:51","modified_gmt":"2026-02-09T14:03:51","slug":"swieto-flagi","status":"publish","type":"post","link":"https:\/\/mbfatimska.ovh\/index.php\/2024\/05\/06\/swieto-flagi\/","title":{"rendered":"\u015awi\u0119to Flagi"},"content":{"rendered":"\t\t<div data-elementor-type=\"wp-post\" data-elementor-id=\"22917\" class=\"elementor elementor-22917\" data-elementor-post-type=\"post\">\n\t\t\t\t<div class=\"elementor-element elementor-element-c182a59 e-flex e-con-boxed e-con e-parent\" data-id=\"c182a59\" data-element_type=\"container\" data-e-type=\"container\">\n\t\t\t\t\t<div class=\"e-con-inner\">\n\t\t\t\t<div class=\"elementor-element elementor-element-dac3ebe elementor-widget elementor-widget-text-editor\" data-id=\"dac3ebe\" data-element_type=\"widget\" data-e-type=\"widget\" data-widget_type=\"text-editor.default\">\n\t\t\t\t<div class=\"elementor-widget-container\">\n\t\t\t\t\t\t\t\t\t<p>2 maja w \u015awi\u0119to Flagi i Dzie\u0144 Polonii i Polak\u00f3w mieszkaj\u0105cych poza granicami kraju, w Belwederze, nasze Legionowskie Stowarzyszenie Amicus z r\u0105k Pana Prezydenta RP, Andrzeja Dudy otrzyma\u0142o Flag\u0119 Narodow\u0105. Zostali\u015bmy wyr\u00f3\u017cnieni i nagrodzeni za wieloletni\u0105 pomoc naszym rodakom na Wile\u0144szczy\u017anie oraz prac\u0119 na rzecz senior\u00f3w. Dar od pana Prezydenta podczas uroczysto\u015bci odebra\u0142a wiceprezes stowarzyszenia &#8211; pani Ewa Stolc.<\/p><p>Jako spo\u0142eczno\u015b\u0107 stowarzyszenia jeste\u015bmy dumni z tego wyr\u00f3\u017cnienia, kt\u00f3re b\u0119dzie jeszcze wi\u0119ksz\u0105 aspiracj\u0105 i si\u0142\u0105 do pracy w dziele pomocy drugiemu cz\u0142owiekowi, zw\u0142aszcza naszym rodakom mieszkaj\u0105cym za wschodnia granic\u0105.<\/p><p>Ju\u017c dzisiaj zaczynamy si\u0119 przygotowywa\u0107 poprzez zakup plecak\u00f3w do kolejnej akcji \u201eWe\u017a plecak, daj wyprawk\u0119\u201d z my\u015bl\u0105 o dzieciach w Kowalczukach, Ja\u0142\u00f3wce, Turmontach czy Ignalinie na Litwie.<\/p>\t\t\t\t\t\t\t\t<\/div>\n\t\t\t\t<\/div>\n\t\t\t\t\t<\/div>\n\t\t\t\t<\/div>\n\t\t<div class=\"elementor-element elementor-element-1be2c00 e-flex e-con-boxed e-con e-parent\" data-id=\"1be2c00\" data-element_type=\"container\" data-e-type=\"container\">\n\t\t\t\t\t<div class=\"e-con-inner\">\n\t\t\t\t<div class=\"elementor-element elementor-element-7317158 elementor-widget elementor-widget-image-gallery\" data-id=\"7317158\" data-element_type=\"widget\" data-e-type=\"widget\" data-widget_type=\"image-gallery.default\">\n\t\t\t\t<div class=\"elementor-widget-container\">\n\t\t\t\t\t\t\t<div class=\"elementor-image-gallery\">\n\t\t\t<div id='gallery-1' class='gallery galleryid-22917 gallery-columns-1 gallery-size-full'><figure class='gallery-item'>\n\t\t\t<div class='gallery-icon landscape'>\n\t\t\t\t<a data-elementor-open-lightbox=\"yes\" data-elementor-lightbox-slideshow=\"7317158\" data-elementor-lightbox-title=\"IMG-20240506-WA0001-e1714984923560\" data-e-action-hash=\"#elementor-action%3Aaction%3Dlightbox%26settings%3DeyJpZCI6MzgxODIsInVybCI6Imh0dHBzOlwvXC9tYmZhdGltc2thLm92aFwvd3AtY29udGVudFwvdXBsb2Fkc1wvMjAyNFwvMDVcL0lNRy0yMDI0MDUwNi1XQTAwMDEtZTE3MTQ5ODQ5MjM1NjAtMi5qcGciLCJzbGlkZXNob3ciOiI3MzE3MTU4In0%3D\" href='https:\/\/mbfatimska.ovh\/wp-content\/uploads\/2024\/05\/IMG-20240506-WA0001-e1714984923560-2.jpg'><img fetchpriority=\"high\" width=\"1250\" height=\"834\" src=\"https:\/\/mbfatimska.ovh\/wp-content\/uploads\/2024\/05\/IMG-20240506-WA0001-e1714984923560-2.jpg\" class=\"attachment-full size-full\" alt=\"\" decoding=\"async\" srcset=\"https:\/\/mbfatimska.ovh\/wp-content\/uploads\/2024\/05\/IMG-20240506-WA0001-e1714984923560-2.jpg 1250w, https:\/\/mbfatimska.ovh\/wp-content\/uploads\/2024\/05\/IMG-20240506-WA0001-e1714984923560-2-300x200.jpg 300w, https:\/\/mbfatimska.ovh\/wp-content\/uploads\/2024\/05\/IMG-20240506-WA0001-e1714984923560-2-1024x683.jpg 1024w, https:\/\/mbfatimska.ovh\/wp-content\/uploads\/2024\/05\/IMG-20240506-WA0001-e1714984923560-2-768x512.jpg 768w\" sizes=\"(max-width: 1250px) 100vw, 1250px\" \/><\/a>\n\t\t\t<\/div><\/figure>\n\t\t<\/div>\n\t\t<\/div>\n\t\t\t\t\t\t<\/div>\n\t\t\t\t<\/div>\n\t\t\t\t\t<\/div>\n\t\t\t\t<\/div>\n\t\t<div class=\"elementor-element elementor-element-dcf6043 e-flex e-con-boxed e-con e-parent\" data-id=\"dcf6043\" data-element_type=\"container\" data-e-type=\"container\">\n\t\t\t\t\t<div class=\"e-con-inner\">\n\t\t\t\t<div class=\"elementor-element elementor-element-eb89cb1 elementor-widget elementor-widget-image-gallery\" data-id=\"eb89cb1\" data-element_type=\"widget\" data-e-type=\"widget\" data-widget_type=\"image-gallery.default\">\n\t\t\t\t<div class=\"elementor-widget-container\">\n\t\t\t\t\t\t\t<div class=\"elementor-image-gallery\">\n\t\t\t<div id='gallery-2' class='gallery galleryid-22917 gallery-columns-1 gallery-size-full'><figure class='gallery-item'>\n\t\t\t<div class='gallery-icon landscape'>\n\t\t\t\t<a data-elementor-open-lightbox=\"yes\" data-elementor-lightbox-slideshow=\"eb89cb1\" data-elementor-lightbox-title=\"Oplus_131072\" data-e-action-hash=\"#elementor-action%3Aaction%3Dlightbox%26settings%3DeyJpZCI6MzgxODQsInVybCI6Imh0dHBzOlwvXC9tYmZhdGltc2thLm92aFwvd3AtY29udGVudFwvdXBsb2Fkc1wvMjAyNlwvMDJcL0lNR18yMDI0MDUwNl8xMDQ3NTEtZTE3MTQ5ODU0OTM2NTkuanBnIiwic2xpZGVzaG93IjoiZWI4OWNiMSJ9\" href='https:\/\/mbfatimska.ovh\/wp-content\/uploads\/2026\/02\/IMG_20240506_104751-e1714985493659.jpg'><img width=\"1250\" height=\"1164\" src=\"https:\/\/mbfatimska.ovh\/wp-content\/uploads\/2026\/02\/IMG_20240506_104751-e1714985493659.jpg\" class=\"attachment-full size-full\" alt=\"\" decoding=\"async\" srcset=\"https:\/\/mbfatimska.ovh\/wp-content\/uploads\/2026\/02\/IMG_20240506_104751-e1714985493659.jpg 1250w, https:\/\/mbfatimska.ovh\/wp-content\/uploads\/2026\/02\/IMG_20240506_104751-e1714985493659-300x279.jpg 300w, https:\/\/mbfatimska.ovh\/wp-content\/uploads\/2026\/02\/IMG_20240506_104751-e1714985493659-1024x954.jpg 1024w, https:\/\/mbfatimska.ovh\/wp-content\/uploads\/2026\/02\/IMG_20240506_104751-e1714985493659-768x715.jpg 768w\" sizes=\"(max-width: 1250px) 100vw, 1250px\" \/><\/a>\n\t\t\t<\/div><\/figure>\n\t\t<\/div>\n\t\t<\/div>\n\t\t\t\t\t\t<\/div>\n\t\t\t\t<\/div>\n\t\t\t\t\t<\/div>\n\t\t\t\t<\/div>\n\t\t<div class=\"elementor-element elementor-element-e17ba90 e-flex e-con-boxed e-con e-parent\" data-id=\"e17ba90\" data-element_type=\"container\" data-e-type=\"container\">\n\t\t\t\t\t<div class=\"e-con-inner\">\n\t\t\t\t<div class=\"elementor-element elementor-element-3fbea75 elementor-widget elementor-widget-image-gallery\" data-id=\"3fbea75\" data-element_type=\"widget\" data-e-type=\"widget\" data-widget_type=\"image-gallery.default\">\n\t\t\t\t<div class=\"elementor-widget-container\">\n\t\t\t\t\t\t\t<div class=\"elementor-image-gallery\">\n\t\t\t<div id='gallery-3' class='gallery galleryid-22917 gallery-columns-1 gallery-size-full'><figure class='gallery-item'>\n\t\t\t<div class='gallery-icon portrait'>\n\t\t\t\t<a data-elementor-open-lightbox=\"yes\" data-elementor-lightbox-slideshow=\"3fbea75\" data-elementor-lightbox-title=\"IMG20240506104659-scaled-e1714985477144\" data-e-action-hash=\"#elementor-action%3Aaction%3Dlightbox%26settings%3DeyJpZCI6MzgxODUsInVybCI6Imh0dHBzOlwvXC9tYmZhdGltc2thLm92aFwvd3AtY29udGVudFwvdXBsb2Fkc1wvMjAyNlwvMDJcL0lNRzIwMjQwNTA2MTA0NjU5LXNjYWxlZC1lMTcxNDk4NTQ3NzE0NC5qcGciLCJzbGlkZXNob3ciOiIzZmJlYTc1In0%3D\" href='https:\/\/mbfatimska.ovh\/wp-content\/uploads\/2026\/02\/IMG20240506104659-scaled-e1714985477144.jpg'><img width=\"705\" height=\"1250\" src=\"https:\/\/mbfatimska.ovh\/wp-content\/uploads\/2026\/02\/IMG20240506104659-scaled-e1714985477144.jpg\" class=\"attachment-full size-full\" alt=\"\" decoding=\"async\" srcset=\"https:\/\/mbfatimska.ovh\/wp-content\/uploads\/2026\/02\/IMG20240506104659-scaled-e1714985477144.jpg 705w, https:\/\/mbfatimska.ovh\/wp-content\/uploads\/2026\/02\/IMG20240506104659-scaled-e1714985477144-169x300.jpg 169w, https:\/\/mbfatimska.ovh\/wp-content\/uploads\/2026\/02\/IMG20240506104659-scaled-e1714985477144-578x1024.jpg 578w\" sizes=\"(max-width: 705px) 100vw, 705px\" \/><\/a>\n\t\t\t<\/div><\/figure>\n\t\t<\/div>\n\t\t<\/div>\n\t\t\t\t\t\t<\/div>\n\t\t\t\t<\/div>\n\t\t\t\t\t<\/div>\n\t\t\t\t<\/div>\n\t\t<div class=\"elementor-element elementor-element-f1748e9 e-flex e-con-boxed e-con e-parent\" data-id=\"f1748e9\" data-element_type=\"container\" data-e-type=\"container\">\n\t\t\t\t\t<div class=\"e-con-inner\">\n\t\t\t\t<div class=\"elementor-element elementor-element-13ab2f6 elementor-widget elementor-widget-video\" data-id=\"13ab2f6\" data-element_type=\"widget\" data-e-type=\"widget\" data-settings=\"{&quot;video_type&quot;:&quot;hosted&quot;,&quot;controls&quot;:&quot;yes&quot;}\" data-widget_type=\"video.default\">\n\t\t\t\t<div class=\"elementor-widget-container\">\n\t\t\t\t\t\t\t<div class=\"e-hosted-video elementor-wrapper elementor-open-inline\">\n\t\t\t\t\t<video class=\"elementor-video\" src=\"http:\/\/mbfatimska.ovh\/wp-content\/uploads\/2024\/05\/VID-20240506-WA0002-1.mp4\" controls=\"\" preload=\"metadata\" controlsList=\"nodownload\"><\/video>\n\t\t\t\t<\/div>\n\t\t\t\t\t\t<\/div>\n\t\t\t\t<\/div>\n\t\t\t\t\t<\/div>\n\t\t\t\t<\/div>\n\t\t\t\t<\/div>\n\t\t","protected":false},"excerpt":{"rendered":"<p>2 maja w \u015awi\u0119to Flagi i Dzie\u0144 Polonii i Polak\u00f3w mieszkaj\u0105cych poza granicami kraju, w Belwederze, nasze Legionowskie Stowarzyszenie Amicus z r\u0105k Pana Prezydenta RP, Andrzeja Dudy otrzyma\u0142o Flag\u0119 Narodow\u0105. Zostali\u015bmy wyr\u00f3\u017cnieni i nagrodzeni za wieloletni\u0105 pomoc naszym rodakom na Wile\u0144szczy\u017anie oraz prac\u0119 na rzecz senior\u00f3w. Dar od pana Prezydenta podczas uroczysto\u015bci odebra\u0142a wiceprezes stowarzyszenia [&hellip;]<\/p>\n","protected":false},"author":1,"featured_media":38182,"comment_status":"closed","ping_status":"closed","sticky":false,"template":"","format":"standard","meta":{"footnotes":""},"categories":[2,15],"tags":[],"class_list":["post-22917","post","type-post","status-publish","format-standard","has-post-thumbnail","hentry","category-aktualnosci","category-parafia"],"_links":{"self":[{"href":"https:\/\/mbfatimska.ovh\/index.php\/wp-json\/wp\/v2\/posts\/22917","targetHints":{"allow":["GET"]}}],"collection":[{"href":"https:\/\/mbfatimska.ovh\/index.php\/wp-json\/wp\/v2\/posts"}],"about":[{"href":"https:\/\/mbfatimska.ovh\/index.php\/wp-json\/wp\/v2\/types\/post"}],"author":[{"embeddable":true,"href":"https:\/\/mbfatimska.ovh\/index.php\/wp-json\/wp\/v2\/users\/1"}],"replies":[{"embeddable":true,"href":"https:\/\/mbfatimska.ovh\/index.php\/wp-json\/wp\/v2\/comments?post=22917"}],"version-history":[{"count":4,"href":"https:\/\/mbfatimska.ovh\/index.php\/wp-json\/wp\/v2\/posts\/22917\/revisions"}],"predecessor-version":[{"id":38189,"href":"https:\/\/mbfatimska.ovh\/index.php\/wp-json\/wp\/v2\/posts\/22917\/revisions\/38189"}],"wp:featuredmedia":[{"embeddable":true,"href":"https:\/\/mbfatimska.ovh\/index.php\/wp-json\/wp\/v2\/media\/38182"}],"wp:attachment":[{"href":"https:\/\/mbfatimska.ovh\/index.php\/wp-json\/wp\/v2\/media?parent=22917"}],"wp:term":[{"taxonomy":"category","embeddable":true,"href":"https:\/\/mbfatimska.ovh\/index.php\/wp-json\/wp\/v2\/categories?post=22917"},{"taxonomy":"post_tag","embeddable":true,"href":"https:\/\/mbfatimska.ovh\/index.php\/wp-json\/wp\/v2\/tags?post=22917"}],"curies":[{"name":"wp","href":"https:\/\/api.w.org\/{rel}","templated":true}]}}