{"id":22940,"date":"2024-05-12T07:23:27","date_gmt":"2024-05-12T05:23:27","guid":{"rendered":"https:\/\/www.mbfatimska.pl\/?p=22940"},"modified":"2024-05-12T07:23:27","modified_gmt":"2024-05-12T05:23:27","slug":"uroczystosc-wniebowstapienia-panskiego-2","status":"publish","type":"post","link":"https:\/\/mbfatimska.ovh\/index.php\/2024\/05\/12\/uroczystosc-wniebowstapienia-panskiego-2\/","title":{"rendered":"Uroczysto\u015b\u0107 Wniebowst\u0105pienia Pa\u0144skiego"},"content":{"rendered":"<p>1.\tW dniu wczorajszym grupa 79 dzieci na Mszach \u015bwi\u0119tych o godz. 10.00 i 12.00 przyst\u0105pi\u0142a do uroczystej I Komunii \u015bwi\u0119tej. Dzieciom \u017cyczymy trwa\u0142ego zaprzyja\u017anienia si\u0119 z Chrystusem Eucharystycznym i rodzicom aby podj\u0119li dalszy wysi\u0142ek przekazywania wiary s\u0142owem i przyk\u0142adem \u017cycia.<br \/>\n2.\tJeszcze dzisiaj o godz. 18.00 odb\u0119dzie si\u0119 katecheza dla m\u0142odzie\u017cy przed sakramentem bierzmowania.<br \/>\n3.\tTak\u017ce dzisiaj o godz. 20.00 w Radio Warszawa 106,2 fm b\u0119dzie emitowana audycja o naszej parafii. Serdecznie zach\u0119camy do zapoznania si\u0119 z tre\u015bci\u0105 audycji.<br \/>\n4.\tJutro, 13 maja, prze\u017cywa\u0107 b\u0119dziemy w naszej parafii uroczysto\u015b\u0107 odpustow\u0105. Zapraszamy na Msze \u015bwi\u0119te:<br \/>\n&#8211; o godz. 07.30 w intencji firm i w\u0142a\u015bcicieli dzia\u0142aj\u0105cych na naszym legionowskim rynku<br \/>\n&#8211; o godz. 10.00, 18.00 i 19.00<br \/>\nPo Mszy \u015bwi\u0119tej o godz. 19.00 odb\u0119dzie si\u0119 pierwsza w tym roku procesja fatimska podczas kt\u00f3rej \u015bpiewa\u0107 b\u0119dziemy Litani\u0119 Loreta\u0144sk\u0105 do Naj\u015bwi\u0119tszej Maryi Panny w ramach nabo\u017ce\u0144stwa majowego oraz modli\u0107 si\u0119 b\u0119dziemy na r\u00f3\u017ca\u0144cu. Mszy \u015bwi\u0119tej o godz. 19.00 przewodniczy\u0107 b\u0119dzie i wyg\u0142osi S\u0142owo Bo\u017ce ks. Piotr Doma\u0144ski, dawny nasz ksi\u0105dz wikariusz a obecnie wicedyrektor wydzia\u0142u katechetycznego naszej kurii. Serdecznie zapraszamy na nasze wsp\u00f3lne \u015bwi\u0119towanie.<br \/>\n5.\tWe wtorek w godz. 19.00-21.00 w budynku Centrum Wsparcia Fizycznego nieodp\u0142atnie b\u0119dzie przyjmowa\u0142 prawnik.<br \/>\n6.\t 16 i 17 maja, tj. z czwartku na pi\u0105tek, go\u015bci\u0107 b\u0119dziemy w naszej parafii peregrynuj\u0105ce po Polsce relikwie b\u0142ogos\u0142awionej rodziny Ulm\u00f3w. O godz. 18.45 powitamy relikwie w bramie naszej parafii, a nast\u0119pnie przejdziemy do ko\u015bcio\u0142a, aby uczestniczy\u0107 w uroczystej Mszy \u015bwi\u0119tej pod przewodnictwem Ks. Biskupa Rafa\u0142a Markowskiego. W czasie nawiedzenia b\u0119dzie wiele czasu na wsp\u00f3ln\u0105 i prywatn\u0105 modlitw\u0119. O p\u00f3\u0142nocy b\u0119dzie sprawowana Msza \u015bwi\u0119ta , tak samo o godz. 09.00 i 12.00 w pi\u0105tek i o godz. 16.15 gdzie po\u017cegnamy relikwie i przeka\u017cemy je do Radzymina. Czas nawiedzin b\u0142ogos\u0142awionej rodziny Ulm\u00f3w w znaku relikwii to niebywa\u0142y moment oddania naszych ma\u0142\u017ce\u0144stw i rodzin w ich opiek\u0119. Moi Drodzy znajd\u017amy czas , aby spotka\u0107 si\u0119 z niebywa\u0142\u0105, \u015bwi\u0119t\u0105, heroiczn\u0105 rodzin\u0105, kt\u00f3ra mo\u017ce rzuci\u0107 \u015bwiat\u0142o mi\u0142o\u015bci na nasze domy i rodziny. Szczeg\u00f3\u0142owy program znajduje si\u0119 w biuletynie, na stronie internetowej i na ulotkach na ko\u0144cu \u0142awek.<br \/>\n7.\tW sobot\u0119 o godz. 10.00 grupa 50 dzieci przyst\u0105pi do Komunii \u015bwi\u0119tej rocznicowej. Wcze\u015bniej dzieci odb\u0119d\u0105 ostatni\u0105 pr\u00f3b\u0119 przed uroczysto\u015bci\u0105 we wtorek o godz. 17.00, w czwartek od godz. 16.00 przyst\u0105pi\u0105 do spowiedzi, a w pi\u0105tek o godz. 16.15 wezm\u0105 udzia\u0142 we Mszy \u015bwi\u0119tej z relikwiami b\u0142ogos\u0142awionej rodziny Ulm\u00f3w.<br \/>\n8.\tR\u00f3wnie\u017c w sobot\u0119 przezywa\u0107 b\u0119dziemy wigili\u0119 uroczysto\u015bci Zes\u0142ania Ducha \u015awi\u0119tego, kt\u00f3ra b\u0119dzie przypada\u0107 w przysz\u0142\u0105 niedziel\u0119. Wsp\u00f3lnota Odnowa w Duchu \u015awi\u0119tym zaprasza na modlitewne czuwanie, kt\u00f3re rozpocznie si\u0119 Msz\u0105 \u015bwi\u0119t\u0105 o godz. 19.00 i nabo\u017ce\u0144stwem majowym. O godz. 20.00 b\u0119dzie sprawowana Liturgia S\u0142owa po\u0142\u0105czona z katechez\u0105 i czas modlitwy o otwarcie si\u0119 na Ducha \u015awi\u0119tego. Serdecznie zapraszamy do naszego parafialnego wieczernika w oczekiwaniu na Ducha \u015awi\u0119tego.<br \/>\n9.\tSalezja\u0144ska Szko\u0142a Podstawowa w Legionowie organizuje dodatkowy dzie\u0144 otwarty, kt\u00f3ry odb\u0119dzie si\u0119 w sobot\u0119 18 maja od godz. 10.00 do 13.00. B\u0119dzie to okazja dla rodzic\u00f3w i dzieci, aby zobaczy\u0107 t\u0119 katolick\u0105 szko\u0142\u0119 od \u015brodka oraz spotka\u0107 si\u0119 z salezjanami, nauczycielami i uczniami. Wi\u0119cej informacji na stronie www.salezy.pl.<br \/>\n10.\tW przysz\u0142\u0105 niedziel\u0119 o godz. 17.45 w salce pod zakrysti\u0105 odb\u0119dzie si\u0119 spotkanie dla rodzic\u00f3w dzieci, kt\u00f3re w lipcu wyje\u017cd\u017caj\u0105 na wakacyjny wyjazd na Suwalszczyzn\u0119 i Litw\u0119. Obecno\u015b\u0107 obowi\u0105zkowa.<br \/>\n11.\tW przysz\u0142\u0105 niedziel\u0119 go\u015bci\u0107 b\u0119dziemy ks. Romana Kota, proboszcza parafii Matki Bo\u017cej Pompeja\u0144skiej w Warszawie, kt\u00f3ry g\u0142osi\u0107 b\u0119dzie S\u0142owo Bo\u017ce i b\u0119dzie prosi\u0142 nas o ofiary na rzecz buduj\u0105cego si\u0119 ko\u015bcio\u0142a po\u015bwi\u0119conego Matce Bo\u017cej. R\u00f3wnie\u017c przysz\u0142a niedziela ko\u0144czy okres wielkanocny w kt\u00f3rym nale\u017ca\u0142o skorzysta\u0107 z sakramentu pokuty i Eucharystii.<br \/>\n12.\t Zbli\u017ca si\u0119 r\u00f3wnie\u017c uroczysto\u015b\u0107 Bo\u017cego Cia\u0142a. Na wtorek, na godz. 19.45 do ko\u015bcio\u0142a zapraszam przedstawicieli poszczeg\u00f3lnych rejon\u00f3w buduj\u0105cych o\u0142tarz, na spotkanie organizacyjne.<\/p>\n","protected":false},"excerpt":{"rendered":"<p>1. W dniu wczorajszym grupa 79 dzieci na Mszach \u015bwi\u0119tych o godz. 10.00 i 12.00 przyst\u0105pi\u0142a do uroczystej I Komunii \u015bwi\u0119tej. Dzieciom \u017cyczymy trwa\u0142ego zaprzyja\u017anienia si\u0119 z Chrystusem Eucharystycznym i rodzicom aby podj\u0119li dalszy wysi\u0142ek przekazywania wiary s\u0142owem i przyk\u0142adem \u017cycia. 2. Jeszcze dzisiaj o godz. 18.00 odb\u0119dzie si\u0119 katecheza dla m\u0142odzie\u017cy przed sakramentem bierzmowania. [&hellip;]<\/p>\n","protected":false},"author":1,"featured_media":30657,"comment_status":"closed","ping_status":"closed","sticky":false,"template":"","format":"standard","meta":{"footnotes":""},"categories":[2,14],"tags":[],"class_list":["post-22940","post","type-post","status-publish","format-standard","has-post-thumbnail","hentry","category-aktualnosci","category-ogloszenia-parafialne"],"_links":{"self":[{"href":"https:\/\/mbfatimska.ovh\/index.php\/wp-json\/wp\/v2\/posts\/22940","targetHints":{"allow":["GET"]}}],"collection":[{"href":"https:\/\/mbfatimska.ovh\/index.php\/wp-json\/wp\/v2\/posts"}],"about":[{"href":"https:\/\/mbfatimska.ovh\/index.php\/wp-json\/wp\/v2\/types\/post"}],"author":[{"embeddable":true,"href":"https:\/\/mbfatimska.ovh\/index.php\/wp-json\/wp\/v2\/users\/1"}],"replies":[{"embeddable":true,"href":"https:\/\/mbfatimska.ovh\/index.php\/wp-json\/wp\/v2\/comments?post=22940"}],"version-history":[{"count":0,"href":"https:\/\/mbfatimska.ovh\/index.php\/wp-json\/wp\/v2\/posts\/22940\/revisions"}],"wp:featuredmedia":[{"embeddable":true,"href":"https:\/\/mbfatimska.ovh\/index.php\/wp-json\/wp\/v2\/media\/30657"}],"wp:attachment":[{"href":"https:\/\/mbfatimska.ovh\/index.php\/wp-json\/wp\/v2\/media?parent=22940"}],"wp:term":[{"taxonomy":"category","embeddable":true,"href":"https:\/\/mbfatimska.ovh\/index.php\/wp-json\/wp\/v2\/categories?post=22940"},{"taxonomy":"post_tag","embeddable":true,"href":"https:\/\/mbfatimska.ovh\/index.php\/wp-json\/wp\/v2\/tags?post=22940"}],"curies":[{"name":"wp","href":"https:\/\/api.w.org\/{rel}","templated":true}]}}