{"id":23385,"date":"2024-05-19T07:04:55","date_gmt":"2024-05-19T05:04:55","guid":{"rendered":"https:\/\/www.mbfatimska.pl\/?p=23385"},"modified":"2024-05-19T07:04:55","modified_gmt":"2024-05-19T05:04:55","slug":"uroczystosc-zeslania-ducha-swietego-3","status":"publish","type":"post","link":"https:\/\/mbfatimska.ovh\/index.php\/2024\/05\/19\/uroczystosc-zeslania-ducha-swietego-3\/","title":{"rendered":"Uroczysto\u015b\u0107 Zes\u0142ania Ducha \u015awi\u0119tego"},"content":{"rendered":"<p>1.\tW minionym tygodniu go\u015bcili\u015bmy w parafii relikwie b\u0142ogos\u0142awionej rodziny Ulm\u00f3w. Dzi\u0119kujemy tym, kt\u00f3rzy aktywnie w\u0142\u0105czyli si\u0119 w ten szczeg\u00f3lny czas nawiedzenia. Dzi\u0119kujemy za udzia\u0142 we Mszach \u015bwi\u0119tych, modlitwach r\u00f3\u017ca\u0144cowych, prywatnych spotkaniach z b\u0142ogos\u0142awionymi m\u0119czennikami.<br \/>\n2.\tWczoraj wieczorem prze\u017cywali\u015bmy wigili\u0119 uroczysto\u015bci Zes\u0142ania Ducha \u015awi\u0119tego. Dzi\u0119kujemy wsp\u00f3lnocie Odnowa w Duchu \u015awi\u0119tym za zainicjowanie i przeprowadzenie modlitewnego czuwania. Dzi\u0119kujemy r\u00f3wnie\u017c innym wsp\u00f3lnotom i poszczeg\u00f3lnym osobom za aktywne w\u0142\u0105czenie si\u0119 w czas oczekiwania na Ducha \u015awi\u0119tego.<br \/>\n3.\tR\u00f3wnie\u017c wczoraj na Mszy \u015bwi\u0119tej o godz. 10.00 grupa 62 dzieci przyst\u0105pi\u0142a do Komunii \u015bwi\u0119tej rocznicowej. Dzi\u0119kujemy rodzicom i dzieciom za \u015bwiadectwo wiary i przyznawanie si\u0119 do Chrystusa, \u017cycz\u0105c jednocze\u015bnie jeszcze g\u0142\u0119bszego przylgni\u0119cia do Chrystusa Eucharystycznego. Dzieci, kt\u00f3re w sobot\u0119 przyst\u0105pi\u0142y do uroczysto\u015bci rocznicy Komunii \u015bwi\u0119tej, do \u015brody w\u0142\u0105cznie b\u0119d\u0105 prze\u017cywa\u0107 bia\u0142y tydzie\u0144. W niedziel\u0119 na Mszy \u015bwi\u0119tej o godz. 11.00 a w dni powszednie o godz. 18.00.<br \/>\n4.\tJeszcze dzisiaj odb\u0119d\u0105 si\u0119 nast\u0119puj\u0105ce spotkania:<br \/>\n&#8211; o godz. 17.45 dla rodzic\u00f3w dzieci, kt\u00f3re w lipcu wyje\u017cd\u017caj\u0105 na wakacyjny wyjazd na Suwalszczyzn\u0119 i Litw\u0119<br \/>\n&#8211; o godz. 20.00 kolejne spotkanie dla narzeczonych w ramach kursu przedma\u0142\u017ce\u0144skiego.<br \/>\n5.\tR\u00f3wnie\u017c dzisiaj w ramach nabo\u017ce\u0144stwa majowego zapraszamy na kolejne nabo\u017ce\u0144stwo do \u015bw. J\u00f3zefa, patrona ma\u0142\u017ce\u0144stw i rodzin. Intencje b\u0119dzie mo\u017cna z\u0142o\u017cy\u0107 przed nabo\u017ce\u0144stwem pod o\u0142tarzem.<br \/>\n6.\tJutro drugi dzie\u0144 Zielonych \u015awi\u0105tek \u2013 \u015bwi\u0119to Naj\u015bwi\u0119tszej Maryi Panny Matki Ko\u015bcio\u0142a. Zapraszamy na Msze \u015bwi\u0119te o godz. 18.00 i 19.00.<br \/>\n7.\tW \u015brod\u0119 zapraszamy na kolejne nabo\u017ce\u0144stwo do \u015bw. Rity, patronki spraw trudnych i beznadziejnych. O godz. 19.00 b\u0119dzie Msza \u015bwi\u0119ta i p\u00f3\u017aniej po Mszy \u015bwi\u0119tej modlitwy do \u015bw. Rity po\u0142\u0105czone z nabo\u017ce\u0144stwem majowym.<br \/>\n8.\tW czwartek w Ko\u015bciele b\u0119dziemy obchodzi\u0107 \u015bwi\u0119to Jezusa Chrystusa Najwy\u017cszego i Wiecznego Kap\u0142ana, a w pi\u0105tek \u015bwi\u0119to Naj\u015bwi\u0119tszej Maryi Panny Wspomo\u017cycielki Wiernych. Zapraszamy na Msze \u015bwi\u0119te o godz. 18.00 i 19.00.<br \/>\n9.\t25 maja w sobot\u0119 w Legionowie organizowane jest  przez Legionowskie Muzeum Historyczne  wydarzenie \u201eNoc Muze\u00f3w\u201d. Szczeg\u00f3\u0142owy program znajduje si\u0119 na plakacie w gablocie. R\u00f3wnie\u017c w Muzeum Historycznym na Piaskach zaplanowanych jest szereg wydarze\u0144. Pocz\u0105tek ju\u017c o godz. 18.00.<br \/>\n10.\tR\u00f3wnie\u017c w sobot\u0119 w ratuszu w Sali widowiskowej, o godz. 19.00 odb\u0119dzie si\u0119 przedstawienie Teatru ADONAJ pt.: \u201ePrzebudzenie\u201d. Wst\u0119p wolny.<br \/>\n11.\tW sobot\u0119 w godz. 10.00-14.00 w budynku Klubu Seniora AMICUS zapraszamy na kolejne warsztaty kulinarne. W tym tygodniu b\u0119d\u0105 wykonywane s\u0142odko\u015bci z my\u015bl\u0105 o mamach w zwi\u0105zku z ich \u015bwi\u0119tem. Zapraszamy ca\u0142e rodziny do konstruktywnego sp\u0119dzenia czasu w gronie najbli\u017cszych.<br \/>\n12.\tZa tydzie\u0144 obchodzi\u0107 b\u0119dziemy uroczysto\u015b\u0107 Naj\u015bwi\u0119tszej Tr\u00f3jcy. W tym dniu go\u015bci\u0107 b\u0119dziemy ks. pra\u0142ata Jerzego Daneckiego, proboszcza z Siennicy, kt\u00f3ry b\u0119dzie g\u0142osi\u0142 S\u0142owo Bo\u017ce i prosi\u0142 nas o wsparcie w dziele remontu zabytkowej \u015bwi\u0105tyni i ca\u0142ego kompleksu budynk\u00f3w pozakonnych.<br \/>\n13.\tR\u00f3wnie\u017c w przysz\u0142\u0105 niedziel\u0119 na Mszy \u015bwi\u0119tej o godz. 09.00 go\u015bci\u0107 b\u0119dziemy ch\u00f3r senior\u00f3w \u201eM\u0142odzie\u017c 50+\u201d ze Stanis\u0142awowa II, kt\u00f3ry zapewni opraw\u0119 muzyczn\u0105 Mszy \u015bwi\u0119tej, a nast\u0119pnie po Mszy \u015bwi\u0119tej zaprasza nas na koncert pie\u015bni maryjnych i nie tylko w zwi\u0105zku z przypadaj\u0105cym tego dna Dniem Matki.<br \/>\n14.\tW niedziel\u0119, za tydzie\u0144 o godz. 17.45 odb\u0119dzie si\u0119 kolejna katecheza dla m\u0142odzie\u017cy przed sakramentem bierzmowania.<br \/>\n15.\tZbli\u017ca si\u0119 czas uroczysto\u015bci Bo\u017cego Cia\u0142a i procesji eucharystycznej do 4 o\u0142tarzy. Trasa procesji b\u0119dzie przebiega\u0107 tak jak w ubieg\u0142ym roku. W tym tygodniu przedstawiciele naszej parafii b\u0119d\u0105 puka\u0107 do naszych dom\u00f3w i mieszka\u0144 prosz\u0105c nas o wsparcie finansowe w zakupie kwiat\u00f3w i krzew\u00f3w do poszczeg\u00f3lnych o\u0142tarzy eucharystycznych.<br \/>\n16.\tDzisiaj przed ko\u015bcio\u0142em mo\u017cemy zakupi\u0107 obrazki z modlitw\u0105 do b\u0142. Rodziny Ulm\u00f3w, kt\u00f3r\u0105 go\u015bcili\u015bmy w minionym tygodniu.<br \/>\n17.\tBardzo serdecznie dzi\u0119kujemy tym wszystkim, kt\u00f3rzy w minionym tygodniu: w czwartek, pi\u0105tek i sobot\u0119 pracowali przy porz\u0105dkach na terenie ko\u015bcielnym. Pracy by\u0142o du\u017co ze wzgl\u0119du na silne wiatry, kt\u00f3re nas nawiedzi\u0142y.  W tym tygodniu r\u00f3wnie\u017c w pi\u0105tek i sobot\u0119 zapraszamy na godz. 08.00 do wsp\u00f3lnych prac porz\u0105dkowych.<\/p>\n","protected":false},"excerpt":{"rendered":"<p>1. W minionym tygodniu go\u015bcili\u015bmy w parafii relikwie b\u0142ogos\u0142awionej rodziny Ulm\u00f3w. Dzi\u0119kujemy tym, kt\u00f3rzy aktywnie w\u0142\u0105czyli si\u0119 w ten szczeg\u00f3lny czas nawiedzenia. Dzi\u0119kujemy za udzia\u0142 we Mszach \u015bwi\u0119tych, modlitwach r\u00f3\u017ca\u0144cowych, prywatnych spotkaniach z b\u0142ogos\u0142awionymi m\u0119czennikami. 2. Wczoraj wieczorem prze\u017cywali\u015bmy wigili\u0119 uroczysto\u015bci Zes\u0142ania Ducha \u015awi\u0119tego. Dzi\u0119kujemy wsp\u00f3lnocie Odnowa w Duchu \u015awi\u0119tym za zainicjowanie i przeprowadzenie modlitewnego [&hellip;]<\/p>\n","protected":false},"author":1,"featured_media":30657,"comment_status":"closed","ping_status":"closed","sticky":false,"template":"","format":"standard","meta":{"footnotes":""},"categories":[2,14],"tags":[],"class_list":["post-23385","post","type-post","status-publish","format-standard","has-post-thumbnail","hentry","category-aktualnosci","category-ogloszenia-parafialne"],"_links":{"self":[{"href":"https:\/\/mbfatimska.ovh\/index.php\/wp-json\/wp\/v2\/posts\/23385","targetHints":{"allow":["GET"]}}],"collection":[{"href":"https:\/\/mbfatimska.ovh\/index.php\/wp-json\/wp\/v2\/posts"}],"about":[{"href":"https:\/\/mbfatimska.ovh\/index.php\/wp-json\/wp\/v2\/types\/post"}],"author":[{"embeddable":true,"href":"https:\/\/mbfatimska.ovh\/index.php\/wp-json\/wp\/v2\/users\/1"}],"replies":[{"embeddable":true,"href":"https:\/\/mbfatimska.ovh\/index.php\/wp-json\/wp\/v2\/comments?post=23385"}],"version-history":[{"count":0,"href":"https:\/\/mbfatimska.ovh\/index.php\/wp-json\/wp\/v2\/posts\/23385\/revisions"}],"wp:featuredmedia":[{"embeddable":true,"href":"https:\/\/mbfatimska.ovh\/index.php\/wp-json\/wp\/v2\/media\/30657"}],"wp:attachment":[{"href":"https:\/\/mbfatimska.ovh\/index.php\/wp-json\/wp\/v2\/media?parent=23385"}],"wp:term":[{"taxonomy":"category","embeddable":true,"href":"https:\/\/mbfatimska.ovh\/index.php\/wp-json\/wp\/v2\/categories?post=23385"},{"taxonomy":"post_tag","embeddable":true,"href":"https:\/\/mbfatimska.ovh\/index.php\/wp-json\/wp\/v2\/tags?post=23385"}],"curies":[{"name":"wp","href":"https:\/\/api.w.org\/{rel}","templated":true}]}}