{"id":23478,"date":"2024-05-22T14:48:09","date_gmt":"2024-05-22T12:48:09","guid":{"rendered":"https:\/\/www.mbfatimska.pl\/?p=23478"},"modified":"2026-02-05T12:27:39","modified_gmt":"2026-02-05T12:27:39","slug":"radio-warszawa","status":"publish","type":"post","link":"https:\/\/mbfatimska.ovh\/index.php\/2024\/05\/22\/radio-warszawa\/","title":{"rendered":"Nasze Stowarzyszenie w Radio Warszawa"},"content":{"rendered":"\t\t<div data-elementor-type=\"wp-post\" data-elementor-id=\"23478\" class=\"elementor elementor-23478\" data-elementor-post-type=\"post\">\n\t\t\t\t<div class=\"elementor-element elementor-element-86ae420 e-flex e-con-boxed e-con e-parent\" data-id=\"86ae420\" data-element_type=\"container\" data-e-type=\"container\">\n\t\t\t\t\t<div class=\"e-con-inner\">\n\t\t\t\t<div class=\"elementor-element elementor-element-ca5b757 elementor-widget elementor-widget-text-editor\" data-id=\"ca5b757\" data-element_type=\"widget\" data-e-type=\"widget\" data-widget_type=\"text-editor.default\">\n\t\t\t\t<div class=\"elementor-widget-container\">\n\t\t\t\t\t\t\t\t\t<p>Dzisiaj w porannej audycji w Radio Warszawa wyst\u0105pili ks. Tomasz Chcia\u0142owski, proboszcz naszej Parafii Matki Bo\u017cej Fatimskiej w Legionowie, oraz pani Magdalena Wojciechowska, kierownik Warsztatu Terapii Zaj\u0119ciowej \u015bw. Rity.<\/p><p>Zapraszamy do ods\u0142uchania audycji!\u00a0<img decoding=\"async\" class=\"emoji\" role=\"img\" draggable=\"false\" src=\"https:\/\/s.w.org\/images\/core\/emoji\/17.0.2\/svg\/1f31f.svg\" alt=\"\ud83c\udf1f\" \/><img decoding=\"async\" class=\"emoji\" role=\"img\" draggable=\"false\" src=\"https:\/\/s.w.org\/images\/core\/emoji\/17.0.2\/svg\/1f399.svg\" alt=\"\ud83c\udf99\ufe0f\" \/><\/p><p><a href=\"https:\/\/soundcloud.com\/radio-warszawa\/poranek-8-15-2024-05-22?in=radio-warszawa\/sets\/poranek-z-radiem-warszawa-3\">https:\/\/soundcloud.com\/radio-warszawa\/poranek-8-15-2024-05-22?in=radio-warszawa\/sets\/poranek-z-radiem-warszawa-3<\/a><\/p>\t\t\t\t\t\t\t\t<\/div>\n\t\t\t\t<\/div>\n\t\t\t\t\t<\/div>\n\t\t\t\t<\/div>\n\t\t<div class=\"elementor-element elementor-element-1b0cb3b e-flex e-con-boxed e-con e-parent\" data-id=\"1b0cb3b\" data-element_type=\"container\" data-e-type=\"container\">\n\t\t\t\t\t<div class=\"e-con-inner\">\n\t\t\t\t<div class=\"elementor-element elementor-element-40b4e61 elementor-widget elementor-widget-image-gallery\" data-id=\"40b4e61\" data-element_type=\"widget\" data-e-type=\"widget\" data-widget_type=\"image-gallery.default\">\n\t\t\t\t<div class=\"elementor-widget-container\">\n\t\t\t\t\t\t\t<div class=\"elementor-image-gallery\">\n\t\t\t<div id='gallery-1' class='gallery galleryid-23478 gallery-columns-1 gallery-size-full'><figure class='gallery-item'>\n\t\t\t<div class='gallery-icon landscape'>\n\t\t\t\t<a data-elementor-open-lightbox=\"yes\" data-elementor-lightbox-slideshow=\"40b4e61\" data-elementor-lightbox-title=\"IMG-20240522-WA0001\" data-e-action-hash=\"#elementor-action%3Aaction%3Dlightbox%26settings%3DeyJpZCI6MzcyNTUsInVybCI6Imh0dHBzOlwvXC9tYmZhdGltc2thLm92aFwvd3AtY29udGVudFwvdXBsb2Fkc1wvMjAyNFwvMDVcL0lNRy0yMDI0MDUyMi1XQTAwMDEtMi5qcGciLCJzbGlkZXNob3ciOiI0MGI0ZTYxIn0%3D\" href='https:\/\/mbfatimska.ovh\/wp-content\/uploads\/2024\/05\/IMG-20240522-WA0001-2.jpg'><img fetchpriority=\"high\" width=\"1080\" height=\"825\" src=\"https:\/\/mbfatimska.ovh\/wp-content\/uploads\/2024\/05\/IMG-20240522-WA0001-2.jpg\" class=\"attachment-full size-full\" alt=\"\" decoding=\"async\" srcset=\"https:\/\/mbfatimska.ovh\/wp-content\/uploads\/2024\/05\/IMG-20240522-WA0001-2.jpg 1080w, https:\/\/mbfatimska.ovh\/wp-content\/uploads\/2024\/05\/IMG-20240522-WA0001-2-300x229.jpg 300w, https:\/\/mbfatimska.ovh\/wp-content\/uploads\/2024\/05\/IMG-20240522-WA0001-2-1024x782.jpg 1024w, https:\/\/mbfatimska.ovh\/wp-content\/uploads\/2024\/05\/IMG-20240522-WA0001-2-768x587.jpg 768w\" sizes=\"(max-width: 1080px) 100vw, 1080px\" \/><\/a>\n\t\t\t<\/div><\/figure>\n\t\t<\/div>\n\t\t<\/div>\n\t\t\t\t\t\t<\/div>\n\t\t\t\t<\/div>\n\t\t\t\t\t<\/div>\n\t\t\t\t<\/div>\n\t\t\t\t<\/div>\n\t\t","protected":false},"excerpt":{"rendered":"<p>Dzisiaj w porannej audycji w Radio Warszawa wyst\u0105pili ks. Tomasz Chcia\u0142owski, proboszcz naszej Parafii Matki Bo\u017cej Fatimskiej w Legionowie, oraz pani Magdalena Wojciechowska, kierownik Warsztatu Terapii Zaj\u0119ciowej \u015bw. Rity. Zapraszamy do ods\u0142uchania audycji!\u00a0 https:\/\/soundcloud.com\/radio-warszawa\/poranek-8-15-2024-05-22?in=radio-warszawa\/sets\/poranek-z-radiem-warszawa-3<\/p>\n","protected":false},"author":1,"featured_media":37255,"comment_status":"closed","ping_status":"closed","sticky":false,"template":"","format":"standard","meta":{"footnotes":""},"categories":[2,3,6,15],"tags":[],"class_list":["post-23478","post","type-post","status-publish","format-standard","has-post-thumbnail","hentry","category-aktualnosci","category-bez-kategorii","category-galerie","category-parafia"],"_links":{"self":[{"href":"https:\/\/mbfatimska.ovh\/index.php\/wp-json\/wp\/v2\/posts\/23478","targetHints":{"allow":["GET"]}}],"collection":[{"href":"https:\/\/mbfatimska.ovh\/index.php\/wp-json\/wp\/v2\/posts"}],"about":[{"href":"https:\/\/mbfatimska.ovh\/index.php\/wp-json\/wp\/v2\/types\/post"}],"author":[{"embeddable":true,"href":"https:\/\/mbfatimska.ovh\/index.php\/wp-json\/wp\/v2\/users\/1"}],"replies":[{"embeddable":true,"href":"https:\/\/mbfatimska.ovh\/index.php\/wp-json\/wp\/v2\/comments?post=23478"}],"version-history":[{"count":4,"href":"https:\/\/mbfatimska.ovh\/index.php\/wp-json\/wp\/v2\/posts\/23478\/revisions"}],"predecessor-version":[{"id":37259,"href":"https:\/\/mbfatimska.ovh\/index.php\/wp-json\/wp\/v2\/posts\/23478\/revisions\/37259"}],"wp:featuredmedia":[{"embeddable":true,"href":"https:\/\/mbfatimska.ovh\/index.php\/wp-json\/wp\/v2\/media\/37255"}],"wp:attachment":[{"href":"https:\/\/mbfatimska.ovh\/index.php\/wp-json\/wp\/v2\/media?parent=23478"}],"wp:term":[{"taxonomy":"category","embeddable":true,"href":"https:\/\/mbfatimska.ovh\/index.php\/wp-json\/wp\/v2\/categories?post=23478"},{"taxonomy":"post_tag","embeddable":true,"href":"https:\/\/mbfatimska.ovh\/index.php\/wp-json\/wp\/v2\/tags?post=23478"}],"curies":[{"name":"wp","href":"https:\/\/api.w.org\/{rel}","templated":true}]}}