{"id":23554,"date":"2024-05-12T14:59:31","date_gmt":"2024-05-12T12:59:31","guid":{"rendered":"https:\/\/www.mbfatimska.pl\/?p=23554"},"modified":"2026-02-09T12:22:31","modified_gmt":"2026-02-09T12:22:31","slug":"i-komunia-swieta","status":"publish","type":"post","link":"https:\/\/mbfatimska.ovh\/index.php\/2024\/05\/12\/i-komunia-swieta\/","title":{"rendered":"I KOMUNIA \u015aWI\u0118TA"},"content":{"rendered":"\t\t<div data-elementor-type=\"wp-post\" data-elementor-id=\"23554\" class=\"elementor elementor-23554\" data-elementor-post-type=\"post\">\n\t\t\t\t<div class=\"elementor-element elementor-element-0e6055b e-flex e-con-boxed e-con e-parent\" data-id=\"0e6055b\" data-element_type=\"container\" data-e-type=\"container\">\n\t\t\t\t\t<div class=\"e-con-inner\">\n\t\t\t\t<div class=\"elementor-element elementor-element-1d48504 elementor-widget elementor-widget-text-editor\" data-id=\"1d48504\" data-element_type=\"widget\" data-e-type=\"widget\" data-widget_type=\"text-editor.default\">\n\t\t\t\t<div class=\"elementor-widget-container\">\n\t\t\t\t\t\t\t\t\t<p>11 maja (sobota) grupa 79 dzieci na dw\u00f3ch Mszach \u015bw. o godzinie 10.00 i 12.00 przyst\u0105pi\u0142o do uroczystej I Komunii \u015bw. Wcze\u015bniej dzieci przez ca\u0142y rok obok katechezy szkolnej uczestniczy\u0142y w spotkaniach w parafii (II i IV niedziel\u0119 miesi\u0105ca), nabo\u017ce\u0144stwach, a w ostatnim czasie pr\u00f3bach w \u015bwi\u0105tyni przed uroczysto\u015bci\u0105. R\u00f3wnie\u017c przed uroczystym wydarzeniem odby\u0142y si\u0119 spotkania wraz z rodzicami z ks. proboszczem czy ks. Markiem.<\/p><p align=\"justify\">Sama uroczysto\u015b\u0107 by\u0142a bardzo podnios\u0142a. Rozpocz\u0119\u0142a si\u0119 na placu przed ko\u015bcio\u0142em od b\u0142ogos\u0142awie\u0144stwa rodzic\u00f3w i procesyjnie dzieci zosta\u0142y wprowadzone przez ks. pra\u0142. Tomasza Chcia\u0142owskiego &#8211; proboszcza do \u015bwi\u0105tyni.<\/p><p align=\"justify\">\u015awi\u0105tyni\u0119 pi\u0119knie udekorowano w kwiaty, szarfy, a nade wszystko w zaproszonych go\u015bci. Ka\u017cde dziecko w czasie Eucharystii by\u0142o aktywnie zaanga\u017cowane w przebieg uroczysto\u015bci.<\/p><p align=\"justify\">Ka\u017cde dziecko pojedynczo, z wielk\u0105 powag\u0105 podchodzi\u0142o do o\u0142tarza, by otrzyma\u0107 Chrystusa Eucharystycznego. Na koniec dzieci otrzyma\u0142y specjalne chlebki, kt\u00f3rymi mia\u0142y podzieli\u0107 si\u0119 w gronie najbli\u017cszych w drugiej cz\u0119\u015bci uroczysto\u015bci. Chlebki dosta\u0142y r\u00f3wnie\u017c wychowawczynie dzieci, by podzieli\u0107 si\u0119 nimi w klasie z innymi dzie\u0107mi, kt\u00f3re przyst\u0105pi\u0142y do komunii w innych parafiach.<\/p><p align=\"justify\">Po uroczysto\u015bci I Komunii \u015bw. dzieci zosta\u0142y zaproszone do uczestniczenia w bia\u0142ym tygodniu. Ka\u017cdy dzie\u0144 po\u015bwi\u0119cony by\u0142 innemu wydarzeniu.<\/p>\t\t\t\t\t\t\t\t<\/div>\n\t\t\t\t<\/div>\n\t\t\t\t\t<\/div>\n\t\t\t\t<\/div>\n\t\t<div class=\"elementor-element elementor-element-27253d5 e-flex e-con-boxed e-con e-parent\" data-id=\"27253d5\" data-element_type=\"container\" data-e-type=\"container\">\n\t\t\t\t\t<div class=\"e-con-inner\">\n\t\t\t\t<div class=\"elementor-element elementor-element-4baafa7 elementor-widget elementor-widget-image-gallery\" data-id=\"4baafa7\" data-element_type=\"widget\" data-e-type=\"widget\" data-widget_type=\"image-gallery.default\">\n\t\t\t\t<div class=\"elementor-widget-container\">\n\t\t\t\t\t\t\t<div class=\"elementor-image-gallery\">\n\t\t\t<div id='gallery-1' class='gallery galleryid-23554 gallery-columns-4 gallery-size-thumbnail'><figure class='gallery-item'>\n\t\t\t<div class='gallery-icon landscape'>\n\t\t\t\t<a data-elementor-open-lightbox=\"yes\" data-elementor-lightbox-slideshow=\"4baafa7\" data-elementor-lightbox-title=\"IMG-20240530-WA0004\" data-e-action-hash=\"#elementor-action%3Aaction%3Dlightbox%26settings%3DeyJpZCI6MzgwMzEsInVybCI6Imh0dHBzOlwvXC9tYmZhdGltc2thLm92aFwvd3AtY29udGVudFwvdXBsb2Fkc1wvMjAyNlwvMDJcL0lNRy0yMDI0MDUzMC1XQTAwMDQuanBnIiwic2xpZGVzaG93IjoiNGJhYWZhNyJ9\" href='https:\/\/mbfatimska.ovh\/wp-content\/uploads\/2026\/02\/IMG-20240530-WA0004.jpg'><img width=\"150\" height=\"150\" src=\"https:\/\/mbfatimska.ovh\/wp-content\/uploads\/2026\/02\/IMG-20240530-WA0004-150x150.jpg\" class=\"attachment-thumbnail size-thumbnail\" alt=\"\" decoding=\"async\" \/><\/a>\n\t\t\t<\/div><\/figure><figure class='gallery-item'>\n\t\t\t<div class='gallery-icon landscape'>\n\t\t\t\t<a data-elementor-open-lightbox=\"yes\" data-elementor-lightbox-slideshow=\"4baafa7\" data-elementor-lightbox-title=\"IMG-20240530-WA0000\" data-e-action-hash=\"#elementor-action%3Aaction%3Dlightbox%26settings%3DeyJpZCI6MzgwMzIsInVybCI6Imh0dHBzOlwvXC9tYmZhdGltc2thLm92aFwvd3AtY29udGVudFwvdXBsb2Fkc1wvMjAyNlwvMDJcL0lNRy0yMDI0MDUzMC1XQTAwMDAuanBnIiwic2xpZGVzaG93IjoiNGJhYWZhNyJ9\" href='https:\/\/mbfatimska.ovh\/wp-content\/uploads\/2026\/02\/IMG-20240530-WA0000.jpg'><img width=\"150\" height=\"150\" src=\"https:\/\/mbfatimska.ovh\/wp-content\/uploads\/2026\/02\/IMG-20240530-WA0000-150x150.jpg\" class=\"attachment-thumbnail size-thumbnail\" alt=\"\" decoding=\"async\" \/><\/a>\n\t\t\t<\/div><\/figure><figure class='gallery-item'>\n\t\t\t<div class='gallery-icon landscape'>\n\t\t\t\t<a data-elementor-open-lightbox=\"yes\" data-elementor-lightbox-slideshow=\"4baafa7\" data-elementor-lightbox-title=\"IMG-20240530-WA0003\" data-e-action-hash=\"#elementor-action%3Aaction%3Dlightbox%26settings%3DeyJpZCI6MzgwMzMsInVybCI6Imh0dHBzOlwvXC9tYmZhdGltc2thLm92aFwvd3AtY29udGVudFwvdXBsb2Fkc1wvMjAyNlwvMDJcL0lNRy0yMDI0MDUzMC1XQTAwMDMuanBnIiwic2xpZGVzaG93IjoiNGJhYWZhNyJ9\" href='https:\/\/mbfatimska.ovh\/wp-content\/uploads\/2026\/02\/IMG-20240530-WA0003.jpg'><img width=\"150\" height=\"150\" src=\"https:\/\/mbfatimska.ovh\/wp-content\/uploads\/2026\/02\/IMG-20240530-WA0003-150x150.jpg\" class=\"attachment-thumbnail size-thumbnail\" alt=\"\" decoding=\"async\" \/><\/a>\n\t\t\t<\/div><\/figure><figure class='gallery-item'>\n\t\t\t<div class='gallery-icon portrait'>\n\t\t\t\t<a data-elementor-open-lightbox=\"yes\" data-elementor-lightbox-slideshow=\"4baafa7\" data-elementor-lightbox-title=\"IMG-20240530-WA0002\" data-e-action-hash=\"#elementor-action%3Aaction%3Dlightbox%26settings%3DeyJpZCI6MzgwMzQsInVybCI6Imh0dHBzOlwvXC9tYmZhdGltc2thLm92aFwvd3AtY29udGVudFwvdXBsb2Fkc1wvMjAyNlwvMDJcL0lNRy0yMDI0MDUzMC1XQTAwMDIuanBnIiwic2xpZGVzaG93IjoiNGJhYWZhNyJ9\" href='https:\/\/mbfatimska.ovh\/wp-content\/uploads\/2026\/02\/IMG-20240530-WA0002.jpg'><img loading=\"lazy\" width=\"150\" height=\"150\" src=\"https:\/\/mbfatimska.ovh\/wp-content\/uploads\/2026\/02\/IMG-20240530-WA0002-150x150.jpg\" class=\"attachment-thumbnail size-thumbnail\" alt=\"\" decoding=\"async\" \/><\/a>\n\t\t\t<\/div><\/figure><figure class='gallery-item'>\n\t\t\t<div class='gallery-icon portrait'>\n\t\t\t\t<a data-elementor-open-lightbox=\"yes\" data-elementor-lightbox-slideshow=\"4baafa7\" data-elementor-lightbox-title=\"IMG-20240530-WA0001\" data-e-action-hash=\"#elementor-action%3Aaction%3Dlightbox%26settings%3DeyJpZCI6MzgwMzUsInVybCI6Imh0dHBzOlwvXC9tYmZhdGltc2thLm92aFwvd3AtY29udGVudFwvdXBsb2Fkc1wvMjAyNlwvMDJcL0lNRy0yMDI0MDUzMC1XQTAwMDEuanBnIiwic2xpZGVzaG93IjoiNGJhYWZhNyJ9\" href='https:\/\/mbfatimska.ovh\/wp-content\/uploads\/2026\/02\/IMG-20240530-WA0001.jpg'><img loading=\"lazy\" width=\"150\" height=\"150\" src=\"https:\/\/mbfatimska.ovh\/wp-content\/uploads\/2026\/02\/IMG-20240530-WA0001-150x150.jpg\" class=\"attachment-thumbnail size-thumbnail\" alt=\"\" decoding=\"async\" \/><\/a>\n\t\t\t<\/div><\/figure>\n\t\t<\/div>\n\t\t<\/div>\n\t\t\t\t\t\t<\/div>\n\t\t\t\t<\/div>\n\t\t\t\t\t<\/div>\n\t\t\t\t<\/div>\n\t\t\t\t<\/div>\n\t\t","protected":false},"excerpt":{"rendered":"<p>11 maja (sobota) grupa 79 dzieci na dw\u00f3ch Mszach \u015bw. o godzinie 10.00 i 12.00 przyst\u0105pi\u0142o do uroczystej I Komunii \u015bw. Wcze\u015bniej dzieci przez ca\u0142y rok obok katechezy szkolnej uczestniczy\u0142y w spotkaniach w parafii (II i IV niedziel\u0119 miesi\u0105ca), nabo\u017ce\u0144stwach, a w ostatnim czasie pr\u00f3bach w \u015bwi\u0105tyni przed uroczysto\u015bci\u0105. R\u00f3wnie\u017c przed uroczystym wydarzeniem odby\u0142y si\u0119 [&hellip;]<\/p>\n","protected":false},"author":1,"featured_media":38029,"comment_status":"closed","ping_status":"closed","sticky":false,"template":"","format":"standard","meta":{"footnotes":""},"categories":[2,3,15],"tags":[],"class_list":["post-23554","post","type-post","status-publish","format-standard","has-post-thumbnail","hentry","category-aktualnosci","category-bez-kategorii","category-parafia"],"_links":{"self":[{"href":"https:\/\/mbfatimska.ovh\/index.php\/wp-json\/wp\/v2\/posts\/23554","targetHints":{"allow":["GET"]}}],"collection":[{"href":"https:\/\/mbfatimska.ovh\/index.php\/wp-json\/wp\/v2\/posts"}],"about":[{"href":"https:\/\/mbfatimska.ovh\/index.php\/wp-json\/wp\/v2\/types\/post"}],"author":[{"embeddable":true,"href":"https:\/\/mbfatimska.ovh\/index.php\/wp-json\/wp\/v2\/users\/1"}],"replies":[{"embeddable":true,"href":"https:\/\/mbfatimska.ovh\/index.php\/wp-json\/wp\/v2\/comments?post=23554"}],"version-history":[{"count":4,"href":"https:\/\/mbfatimska.ovh\/index.php\/wp-json\/wp\/v2\/posts\/23554\/revisions"}],"predecessor-version":[{"id":38038,"href":"https:\/\/mbfatimska.ovh\/index.php\/wp-json\/wp\/v2\/posts\/23554\/revisions\/38038"}],"wp:featuredmedia":[{"embeddable":true,"href":"https:\/\/mbfatimska.ovh\/index.php\/wp-json\/wp\/v2\/media\/38029"}],"wp:attachment":[{"href":"https:\/\/mbfatimska.ovh\/index.php\/wp-json\/wp\/v2\/media?parent=23554"}],"wp:term":[{"taxonomy":"category","embeddable":true,"href":"https:\/\/mbfatimska.ovh\/index.php\/wp-json\/wp\/v2\/categories?post=23554"},{"taxonomy":"post_tag","embeddable":true,"href":"https:\/\/mbfatimska.ovh\/index.php\/wp-json\/wp\/v2\/tags?post=23554"}],"curies":[{"name":"wp","href":"https:\/\/api.w.org\/{rel}","templated":true}]}}