{"id":23583,"date":"2024-05-26T07:09:39","date_gmt":"2024-05-26T05:09:39","guid":{"rendered":"https:\/\/www.mbfatimska.pl\/?p=23583"},"modified":"2024-05-26T07:09:39","modified_gmt":"2024-05-26T05:09:39","slug":"niedziela-najswietszej-trojcy-2","status":"publish","type":"post","link":"https:\/\/mbfatimska.ovh\/index.php\/2024\/05\/26\/niedziela-najswietszej-trojcy-2\/","title":{"rendered":"Niedziela Naj\u015bwi\u0119tszej Tr\u00f3jcy"},"content":{"rendered":"<p>1.\tW dniu dzisiejszym na Mszy \u015bwi\u0119tej o godz. 09.00 go\u015bci\u0107 b\u0119dziemy zesp\u00f3\u0142 M\u0142odzie\u017c 50+ ze Stanis\u0142awowa II, kt\u00f3ry zapewni opraw\u0119 Mszy \u015bwi\u0119tej i bezpo\u015brednio po niej da kr\u00f3tki koncert pie\u015bni maryjnych i nie tylko, z my\u015bl\u0105 o mamach z okazji przypadaj\u0105cego dzisiaj Dnia Matki.<br \/>\n2.\tR\u00f3wnie\u017c dzisiaj o godz. 17.45 odb\u0119dzie si\u0119 katecheza dla m\u0142odzie\u017cy przed  sakramentem bierzmowania, a o godz. 20.00 kolejna nauka przedma\u0142\u017ce\u0144ska w ramach kursu przedma\u0142\u017ce\u0144skiego.<br \/>\n3.\tW czwartek uroczysto\u015b\u0107 Bo\u017cego Cia\u0142a. Zapraszamy na Msze \u015bwi\u0119te o godz. 07.30, 09.00, 11.00 i 19.00. Nie b\u0119dzie tego dnia Mszy \u015bwi\u0119tej o godz. 12.30, gdy\u017c b\u0119dziemy wtedy uczestniczy\u0107 w procesji eucharystycznej. Procesja wyruszy po Mszy \u015bwi\u0119tej o godz. 11.00 tras\u0105 z ubieg\u0142ego roku: ul. D\u0142ug\u0105, serwis\u00f3wk\u0105 ul. Zegrzy\u0144skiej, ul. Tatrza\u0144sk\u0105 a nast\u0119pnie ul. Orl\u0105t Lwowskich do ko\u015bcio\u0142a. Zach\u0119camy wiernych poszczeg\u00f3lnych rejon\u00f3w do w\u0142\u0105czenia si\u0119 w dekoracje o\u0142tarzy eucharystycznych.<br \/>\n4.\tZach\u0119camy wszystkich, zw\u0142aszcza dzieci komunijne i rocznicowe w strojach komunijnych, do w\u0142\u0105czenia si\u0119 w procesj\u0119 eucharystyczn\u0105. Zapraszamy bielanki, ministrant\u00f3w, lektor\u00f3w, schol\u0119 do jak najliczniejszego uczestnictwa w uroczysto\u015bci Bo\u017cego Cia\u0142a.<br \/>\n5.\tPrzez oktaw\u0119 uroczysto\u015bci Bo\u017cego Cia\u0142a zapraszamy na procesje eucharystyczne, kt\u00f3re b\u0119d\u0105 si\u0119 odbywa\u0107 po Mszy \u015bwi\u0119tej o godz. 19.00 i nabo\u017ce\u0144stwie majowym czy czerwcowym. W niedziel\u0119 procesja b\u0119dzie po Mszy \u015bwi\u0119tej o godz. 12.30 z racji I niedzieli miesi\u0105ca.<br \/>\n6.\tW pi\u0105tek o godz. 19.00 zostanie odprawiona Msza \u015bwi\u0119ta wypominkowa za naszych bliskich zmar\u0142ych.<br \/>\n7.\tW tym tygodniu przypada :<br \/>\n&#8211; I sobota miesi\u0105ca \u2013 po Mszy \u015bwi\u0119tej o godz. 19.00 nabo\u017ce\u0144stwo wynagradzaj\u0105ce Niepokalanemu Sercu Naj\u015bwi\u0119tszej Maryi Panny, kt\u00f3re b\u0119dzie trwa\u0107 do godz. 21.00<br \/>\n&#8211; I niedziela miesi\u0105ca \u2013 po Mszy \u015bwi\u0119tej o godz. 12.30 procesja eucharystyczna i mo\u017cliwo\u015b\u0107 adoracji Naj\u015bwi\u0119tszego Sakramentu do godz. 18.30 czyli do momentu rozpocz\u0119cia nabo\u017ce\u0144stwa czerwcowego.<br \/>\n8.\tW tym tygodniu rozpoczynaj\u0105 si\u0119 nabo\u017ce\u0144stwa czerwcowe po\u015bwi\u0119cone Naj\u015bwi\u0119tszemu Sercu Pana Jezusa. W dni powszednie nabo\u017ce\u0144stwo jest sprawowane o godz. 19.30 a w niedziele i \u015bwi\u0119ta o godz. 18.30.<br \/>\n9.\tW przysz\u0142\u0105 niedziel\u0119 obchodzi\u0107 b\u0119dziemy kolejny Dzie\u0144 Dzi\u0119kczynienia. Tradycyjnie w ca\u0142ej Polsce przed ko\u015bcio\u0142ami zbierane s\u0105 ofiary na doko\u0144czenie budowy \u015bwi\u0105tyni Opatrzno\u015bci Bo\u017cej.<br \/>\n10.\tR\u00f3wnie\u017c w przysz\u0142\u0105 niedziel\u0119 o godz. 17.45 odb\u0119dzie si\u0119 katecheza dla m\u0142odzie\u017cy przed sakramentem bierzmowania.<br \/>\n11.\tZa tydzie\u0144, w niedziel\u0119, w Muzeum Historycznym na Piaskach o godz. 15.30 odb\u0119dzie si\u0119 wyk\u0142ad pana dr Artura Bojarskiego pt.: \u201eLata dwudzieste, lata trzydzieste\u2026Historyzm i modernizm w architekturze Legionowa\u201d. Wst\u0119p wolny.<br \/>\n12.\tDzi\u0119kujemy za pe\u0142ne po\u015bwi\u0119cenia prace porz\u0105dkowe w pi\u0105tek i w sobot\u0119. Pracy by\u0142o bardzo wiele, tym gor\u0119cej dzi\u0119kujemy tym, kt\u00f3rym dobro ko\u015bcio\u0142a parafialnego le\u017cy na sercu. Na \u015brod\u0119 i na sobot\u0119 na godz. 08.00 zapraszamy do dalszych prac na naszym terenie ko\u015bcielnym.<\/p>\n","protected":false},"excerpt":{"rendered":"<p>1. W dniu dzisiejszym na Mszy \u015bwi\u0119tej o godz. 09.00 go\u015bci\u0107 b\u0119dziemy zesp\u00f3\u0142 M\u0142odzie\u017c 50+ ze Stanis\u0142awowa II, kt\u00f3ry zapewni opraw\u0119 Mszy \u015bwi\u0119tej i bezpo\u015brednio po niej da kr\u00f3tki koncert pie\u015bni maryjnych i nie tylko, z my\u015bl\u0105 o mamach z okazji przypadaj\u0105cego dzisiaj Dnia Matki. 2. R\u00f3wnie\u017c dzisiaj o godz. 17.45 odb\u0119dzie si\u0119 katecheza dla [&hellip;]<\/p>\n","protected":false},"author":1,"featured_media":30657,"comment_status":"closed","ping_status":"closed","sticky":false,"template":"","format":"standard","meta":{"footnotes":""},"categories":[2,14],"tags":[],"class_list":["post-23583","post","type-post","status-publish","format-standard","has-post-thumbnail","hentry","category-aktualnosci","category-ogloszenia-parafialne"],"_links":{"self":[{"href":"https:\/\/mbfatimska.ovh\/index.php\/wp-json\/wp\/v2\/posts\/23583","targetHints":{"allow":["GET"]}}],"collection":[{"href":"https:\/\/mbfatimska.ovh\/index.php\/wp-json\/wp\/v2\/posts"}],"about":[{"href":"https:\/\/mbfatimska.ovh\/index.php\/wp-json\/wp\/v2\/types\/post"}],"author":[{"embeddable":true,"href":"https:\/\/mbfatimska.ovh\/index.php\/wp-json\/wp\/v2\/users\/1"}],"replies":[{"embeddable":true,"href":"https:\/\/mbfatimska.ovh\/index.php\/wp-json\/wp\/v2\/comments?post=23583"}],"version-history":[{"count":0,"href":"https:\/\/mbfatimska.ovh\/index.php\/wp-json\/wp\/v2\/posts\/23583\/revisions"}],"wp:featuredmedia":[{"embeddable":true,"href":"https:\/\/mbfatimska.ovh\/index.php\/wp-json\/wp\/v2\/media\/30657"}],"wp:attachment":[{"href":"https:\/\/mbfatimska.ovh\/index.php\/wp-json\/wp\/v2\/media?parent=23583"}],"wp:term":[{"taxonomy":"category","embeddable":true,"href":"https:\/\/mbfatimska.ovh\/index.php\/wp-json\/wp\/v2\/categories?post=23583"},{"taxonomy":"post_tag","embeddable":true,"href":"https:\/\/mbfatimska.ovh\/index.php\/wp-json\/wp\/v2\/tags?post=23583"}],"curies":[{"name":"wp","href":"https:\/\/api.w.org\/{rel}","templated":true}]}}