{"id":23778,"date":"2024-06-02T07:47:30","date_gmt":"2024-06-02T05:47:30","guid":{"rendered":"https:\/\/www.mbfatimska.pl\/?p=23778"},"modified":"2024-06-02T07:47:30","modified_gmt":"2024-06-02T05:47:30","slug":"ix-niedziela-zwykla","status":"publish","type":"post","link":"https:\/\/mbfatimska.ovh\/index.php\/2024\/06\/02\/ix-niedziela-zwykla\/","title":{"rendered":"IX niedziela zwyk\u0142a"},"content":{"rendered":"<p>1. W czwartek prze\u017cywali\u015bmy uroczysto\u015b\u0107 Bo\u017cego Cia\u0142a. Bardzo serdecznie dzi\u0119kujemy tym, kt\u00f3rzy aktywnie w\u0142\u0105czyli si\u0119 w przygotowanie i u\u015bwietnienie naszej wsp\u00f3lnej procesji eucharystycznej. Dzi\u0119kujemy budowniczym poszczeg\u00f3lnych o\u0142tarzy, asy\u015bcie parafialnej (ministrantom, lektorom, osobom nios\u0105cym poszczeg\u00f3lne chor\u0105gwie, r\u00f3\u017caniec, figury, baldachim, podtrzymuj\u0105cych kap\u0142ana z Naj\u015bwi\u0119tszym Sakramentem), scholi Fatima Canta, dzieciom sypi\u0105cym kwiatki, trzymaj\u0105cym wst\u0105\u017cki, stra\u017cy miejskiej, w\u0142adzom miasta za uporz\u0105dkowanie terenu trasy procesji i wszystkim tak licznie zebranym i \u015bwi\u0119tuj\u0105cym nasz\u0105 uroczysto\u015b\u0107.<br \/>\n2. Do czwartku w\u0142\u0105cznie zapraszamy na procesje eucharystyczne w ramach oktawy Bo\u017cego Cia\u0142a. W dni powszednie o godz. 19.30, w niedziele po Mszy \u015bwi\u0119tej o godz. 12.30. W czwartek na Mszy \u015bwi\u0119tej o godz. 18.00 i 19.00, na zako\u0144czenie oktawy odb\u0119dzie si\u0119 po\u015bwi\u0119cenie wiank\u00f3w z tegorocznych pierwocin kwiat\u00f3w i zi\u00f3\u0142.<br \/>\n3. Dzisiaj z racji wczorajszego Dnia Dziecka zapraszamy wszystkie dzieci do kawiarenki na loda. Wychodz\u0105c z ko\u015bcio\u0142a dzieci otrzymaj\u0105 specjalny talon, kt\u00f3ry wymieni\u0105 na loda.<br \/>\n4. R\u00f3wnie\u017c dzisiaj o godz. 17.45 odb\u0119dzie si\u0119 kolejna katecheza dla m\u0142odzie\u017cy przed sakramentem bierzmowania a o godz. 20.00 spotkanie dla narzeczonych w ramach kursu przedma\u0142\u017ce\u0144skiego.<br \/>\n5. W pi\u0105tek obchodzi\u0107 b\u0119dziemy \u015bwi\u0119to Naj\u015bwi\u0119tszego Serca Pana Jezusa a w sobot\u0119 wspomnienie Niepokalanego Serca Naj\u015bwi\u0119tszej Maryi Panny.<br \/>\n6. W tym tygodniu przypada:<br \/>\n&#8211; I czwartek miesi\u0105ca \u2013 po procesji mo\u017cliwo\u015b\u0107 adoracji Naj\u015bwi\u0119tszego Sakramentu do godz. 21.00<br \/>\n&#8211; I pi\u0105tek miesi\u0105ca \u2013 spowied\u017a od godz. 17.30 do 19.30<br \/>\n7. W czwartek na Mszy \u015bwi\u0119tej o godz. 19.00 modli\u0107 si\u0119 b\u0119dziemy w intencji kap\u0142an\u00f3w pracuj\u0105cych i wspomagaj\u0105cych nas w parafii z racji przypadaj\u0105cych w maju i czerwcu rocznic kap\u0142a\u0144skich. Ksi\u0105dz Proboszcz w tym roku obchodzi 32 rocznic\u0119, ks. Marek 18, a ks. Arkadiusz 28. Zapraszamy do wsp\u00f3lnej modlitwy dzi\u0119kczynnej.<br \/>\n8. W pi\u0105tek o godz. 20.00 w kawiarence odb\u0119dzie si\u0119 katecheza dla kandydat\u00f3w na rodzic\u00f3w chrzestnych i rodzic\u00f3w dziecka, kt\u00f3remu b\u0119dzie udzielany sakrament chrztu a mieszkaj\u0105cych w naszej parafii.<br \/>\n9. W niedziel\u0119, 09 czerwca, prze\u017cywa\u0107 b\u0119dziemy wizytacj\u0119 kanoniczn\u0105 Ksi\u0119dza Biskupa Jacka Grzybowskiego. Takie wizytacje odbywaj\u0105 si\u0119 w parafii co 5 lat. Na Mszy \u015bwi\u0119tej o godz. 07.30 w spos\u00f3b uroczysty powitamy i wprowadzimy Ksi\u0119dza Biskupa do \u015bwi\u0105tyni. Na ka\u017cdej Mszy \u015bwi\u0119tej poszczeg\u00f3lne grupy parafialne b\u0119d\u0105 sk\u0142ada\u0107 sprawozdanie z dzia\u0142alno\u015bci wsp\u00f3lnot. Ksi\u0105dz Biskup b\u0119dzie w\u015br\u00f3d nas przez ca\u0142y dzie\u0144. 14 czerwca, w pi\u0105tek, Ksi\u0105dz Biskup b\u0119dzie wizytowa\u0142 parafialn\u0105 kancelari\u0119 i poszczeg\u00f3lne dokumenty.<br \/>\n10. R\u00f3wnie\u017c za tydzie\u0144 na Mszy \u015bwi\u0119tej o godz. 11.00 dzieci komunijne i rocznicowe b\u0119d\u0105 otrzymywa\u0107 pami\u0105tkowe \u015bwiece upami\u0119tniaj\u0105ce to wydarzenie. Dzieci tego dnia przychodz\u0105 w strojach komunijnych. Prosimy rodzic\u00f3w o trosk\u0119, aby dzieci mog\u0142y wzi\u0105\u0107 udzia\u0142 w tym wydarzeniu.<br \/>\n11. Dzi\u0119kujemy za \u015brodowe i sobotnie prace porz\u0105dkowe. Pracy by\u0142o bardzo du\u017co. Jej nigdy nie mo\u017cna przerobi\u0107. Bardzo jeste\u015bmy wdzi\u0119czni za ch\u0119ci, czas i wyt\u0119\u017con\u0105 prac\u0119 dla dobra estetyki naszego parafialnego terenu.<\/p>\n","protected":false},"excerpt":{"rendered":"<p>1. W czwartek prze\u017cywali\u015bmy uroczysto\u015b\u0107 Bo\u017cego Cia\u0142a. Bardzo serdecznie dzi\u0119kujemy tym, kt\u00f3rzy aktywnie w\u0142\u0105czyli si\u0119 w przygotowanie i u\u015bwietnienie naszej wsp\u00f3lnej procesji eucharystycznej. Dzi\u0119kujemy budowniczym poszczeg\u00f3lnych o\u0142tarzy, asy\u015bcie parafialnej (ministrantom, lektorom, osobom nios\u0105cym poszczeg\u00f3lne chor\u0105gwie, r\u00f3\u017caniec, figury, baldachim, podtrzymuj\u0105cych kap\u0142ana z Naj\u015bwi\u0119tszym Sakramentem), scholi Fatima Canta, dzieciom sypi\u0105cym kwiatki, trzymaj\u0105cym wst\u0105\u017cki, stra\u017cy miejskiej, w\u0142adzom miasta [&hellip;]<\/p>\n","protected":false},"author":1,"featured_media":30657,"comment_status":"closed","ping_status":"closed","sticky":false,"template":"","format":"standard","meta":{"footnotes":""},"categories":[2,14],"tags":[],"class_list":["post-23778","post","type-post","status-publish","format-standard","has-post-thumbnail","hentry","category-aktualnosci","category-ogloszenia-parafialne"],"_links":{"self":[{"href":"https:\/\/mbfatimska.ovh\/index.php\/wp-json\/wp\/v2\/posts\/23778","targetHints":{"allow":["GET"]}}],"collection":[{"href":"https:\/\/mbfatimska.ovh\/index.php\/wp-json\/wp\/v2\/posts"}],"about":[{"href":"https:\/\/mbfatimska.ovh\/index.php\/wp-json\/wp\/v2\/types\/post"}],"author":[{"embeddable":true,"href":"https:\/\/mbfatimska.ovh\/index.php\/wp-json\/wp\/v2\/users\/1"}],"replies":[{"embeddable":true,"href":"https:\/\/mbfatimska.ovh\/index.php\/wp-json\/wp\/v2\/comments?post=23778"}],"version-history":[{"count":0,"href":"https:\/\/mbfatimska.ovh\/index.php\/wp-json\/wp\/v2\/posts\/23778\/revisions"}],"wp:featuredmedia":[{"embeddable":true,"href":"https:\/\/mbfatimska.ovh\/index.php\/wp-json\/wp\/v2\/media\/30657"}],"wp:attachment":[{"href":"https:\/\/mbfatimska.ovh\/index.php\/wp-json\/wp\/v2\/media?parent=23778"}],"wp:term":[{"taxonomy":"category","embeddable":true,"href":"https:\/\/mbfatimska.ovh\/index.php\/wp-json\/wp\/v2\/categories?post=23778"},{"taxonomy":"post_tag","embeddable":true,"href":"https:\/\/mbfatimska.ovh\/index.php\/wp-json\/wp\/v2\/tags?post=23778"}],"curies":[{"name":"wp","href":"https:\/\/api.w.org\/{rel}","templated":true}]}}