{"id":23789,"date":"2024-06-09T06:35:06","date_gmt":"2024-06-09T04:35:06","guid":{"rendered":"https:\/\/www.mbfatimska.pl\/?p=23789"},"modified":"2024-06-09T06:35:06","modified_gmt":"2024-06-09T04:35:06","slug":"x-niedziela-zwykla-2","status":"publish","type":"post","link":"https:\/\/mbfatimska.ovh\/index.php\/2024\/06\/09\/x-niedziela-zwykla-2\/","title":{"rendered":"X niedziela zwyk\u0142a"},"content":{"rendered":"<p>1.\tW dniu dzisiejszym go\u015bcimy w naszej parafii Ksi\u0119dza Biskupa Jacka Grzybowskiego, kt\u00f3ry przeprowadza wizytacj\u0119 kanoniczn\u0105. Na ka\u017cdej Mszy \u015bwi\u0119tej poszczeg\u00f3lne grupy parafialne b\u0119d\u0105 zdawa\u0107 sprawozdanie ze swej dzia\u0142alno\u015bci. Wizytacja b\u0119dzie kontynuowana w pi\u0105tek, gdzie Ksi\u0105dz Biskup dokona kontroli biura parafialnego \u2013 kancelarii, sprawdzaj\u0105c merytoryczne prowadzenie ksi\u0105g parafialnych i sam\u0105 dzia\u0142alno\u015b\u0107 parafii pod wzgl\u0119dem formalno-prawno-finansowym.<br \/>\n2.\tW poniedzia\u0142ek i we wtorek mo\u017cna skorzysta\u0107 z darmowych porad psychologa i prawnika. Psycholog b\u0119dzie przyjmowa\u0142 w poniedzia\u0142ek w godz. 18.00-20.00. Prawnik b\u0119dzie udziela\u0142 porad we wtorek w godz. 19.00-21.00. Porady odbywaj\u0105 si\u0119 w budynku Centrum Wsparcia Fizycznego.<br \/>\n3.\tR\u00f3wnie\u017c w poniedzia\u0142ek o godz. 20.00 odb\u0119dzie si\u0119 spotkanie dla m\u0142odzie\u017cy przed sakramentem bierzmowania. Katecheza b\u0119dzie odbywa\u0107 si\u0119  w kawiarence.<br \/>\n4.\tJutro o godz. 19.00 zostanie odprawiona Msza \u015bwi\u0119ta wotywna o Duchu \u015awi\u0119tym. Zapraszamy na t\u0119 Msz\u0119 \u015bwi\u0119t\u0105 bo jak\u017ce potrzeba nam dar\u00f3w Ducha \u015awi\u0119tego.<br \/>\n5.\tW \u015brod\u0119 Klub Seniora AMICUS wyjedzie do Pa\u0142acu Prezydenckiego w Warszawie na spotkanie z Pani\u0105 Prezydentow\u0105 Agat\u0105 Kornhauser-Duda. W czasie spotkania b\u0119dzie mo\u017cliwo\u015b\u0107 zwiedzania pa\u0142acu.<br \/>\n6.\tW czwartek, 13 czerwca, zapraszamy na kolejne nabo\u017ce\u0144stwo fatimskie. O godz. 19.00 zostanie odprawiona Msza \u015bwi\u0119ta i bezpo\u015brednio po niej nast\u0105pi procesja fatimska z figur\u0105 Matki Bo\u017cej Fatimskiej. W czasie procesji b\u0119dziemy modli\u0107 si\u0119 na r\u00f3\u017ca\u0144cu. Intencje do r\u00f3\u017ca\u0144ca nale\u017cy z\u0142o\u017cy\u0107 przed o\u0142tarzem przed Msz\u0105 \u015bwi\u0119t\u0105. Wcze\u015bniej, o godz. 07.30 b\u0119dzie odprawiona Msza \u015bwi\u0119ta w intencji przedsi\u0119biorc\u00f3w, w\u0142a\u015bcicieli, pracownik\u00f3w i ich rodzin z terenu Legionowa.<br \/>\n7.\tW sobot\u0119 o godz. 15.00 zostanie odprawiona Msza \u015bwi\u0119ta dzi\u0119kczynna dla wszystkich wsp\u00f3lnot dzia\u0142aj\u0105cych w parafii. Po Mszy \u015bwi\u0119tej w kawiarence i terenie przy kawiarence odb\u0119dzie si\u0119 integracja i pocz\u0119stunek. Zapraszamy wszystkich cz\u0142onk\u00f3w grup parafialnych do w\u0142\u0105czenia si\u0119 we wsp\u00f3lne dzie\u0142o uwielbienia uwielbienia i dzi\u0119kczynienia.<br \/>\n8.\tW najbli\u017csz\u0105 sobot\u0119 w godz. 10.00-14.00 zapraszamy na kolejne warsztaty z dusz\u0105. Tym razem b\u0119dziemy przygotowywa\u0107 chlebki na grilla.<br \/>\n9.\tW przysz\u0142\u0105 niedziel\u0119 w Warszawie odb\u0119dzie si\u0119 Marsz dla \u017cycia i rodziny. Pocz\u0105tek o godz. 11.30 Msz\u0105 \u015bwi\u0119t\u0105 w ko\u015bciele na Placu Trzech Krzy\u017cy i wymarsz w kierunku placu przy Belwederze. Wi\u0119cej informacji na plakacie w gablocie.<br \/>\n10.\tR\u00f3wnie\u017c w przysz\u0142\u0105 niedziel\u0119 w naszej parafii odb\u0119dzie si\u0119 doroczny piknik rodzinny. Zaczynamy o godz. 13.45 pod krzy\u017cem misyjnym od po\u015bwi\u0119cenia rower\u00f3w i rajdem rowerowym. Wszyscy rowerzy\u015bci otrzymaj\u0105 opaski odblaskowe. Od godz. 13.45 na g\u00f3rnym parkingu b\u0119dzie co\u015b dla doros\u0142ych  i dzieci: gry, zabawy, dmucha\u0144ce, szko\u0142a gladiator\u00f3w, strzelnica, manufaktura, kuchnia rzymska, przeja\u017cd\u017cki na osio\u0142ku, zabawy plebejskie i oczywi\u015bcie s\u0142odko\u015bci, wata cukrowa, popcorn, groch\u00f3wka, zestawy grillowe, kawa, herbata. Zapraszamy ca\u0142e rodziny do wsp\u00f3lnej rado\u015bci przebywania ze sob\u0105, sp\u0119dzania czasu i poznawania siebie. Wi\u0119cej informacji na plakacie.<br \/>\n11.\tR\u00f3wnie\u017c za tydzie\u0144 o godz. 16.00 w ko\u015bciele ministranci, lektorzy, schola i bielanki b\u0119d\u0105 mie\u0107 zako\u0144czenie swego roku formacyjnego.<br \/>\n12.\tZa tydzie\u0144 o godz. 18.00 w salce pod zakrysti\u0105 odb\u0119dzie si\u0119 spotkanie dla os\u00f3b, kt\u00f3re 20 czerwca udaj\u0105 si\u0119 na 4 dniow\u0105 pielgrzymk\u0119 na suwalszczyzn\u0119 i Litw\u0119. Obecno\u015b\u0107 obowi\u0105zkowa.<br \/>\n13.\tJest jeszcze jedno wolne miejsce na pielgrzymk\u0119 do Gruzji i Armenii na prze\u0142omie wrze\u015bnia i pa\u017adziernika. Na zainteresowanych czekamy tylko w tym tygodniu. Program pielgrzymki jest bardzo bogaty bo wyjazd trwa 12 dni. Bli\u017csze informacje w kancelarii.<br \/>\n14.\tPrzypominamy rodzicom o uregulowaniu odp\u0142atno\u015bci za letni wyjazd dzieci w miesi\u0105cu lipcu. Termin up\u0142ywa w przysz\u0142\u0105 niedziel\u0119.<br \/>\n15.\tW przysz\u0142\u0105 niedziel\u0119 przed ko\u015bcio\u0142em odb\u0119dzie si\u0119 promocja ksi\u0105\u017cki pana Paw\u0142a Piotra Pietrzaka pt.: \u201eMaki\u201d. B\u0119dzie mo\u017cna r\u00f3wnie\u017c spotka\u0107 si\u0119 z autorem i uzyska\u0107 autograf. \u201eMaki\u201d to ksi\u0105\u017cka mocna i trudna. Nie\u0142atwo przyswaja si\u0119 jej tre\u015b\u0107. To przejmuj\u0105ce \u015bwiadectwo ocalenia swego cz\u0142owiecze\u0144stwa przed rozpacz\u0105, rezygnacj\u0105 i nienawi\u015bci\u0105 \u2013 w nieludzkim cierpieniu, w arcytrudnych warunkach obozu \u015bmierci. To opowie\u015b\u0107 o promieniowaniu mi\u0142o\u015bci, praktyczna lekcja kochania nieprzyjaci\u00f3\u0142. A przede wszystkim spotkanie z cz\u0142owiekiem, kt\u00f3ry patrzy w oczy z\u0142u i czyni wszystko, by kocha\u0107 tych, kt\u00f3rzy to z\u0142o generuj\u0105 i przebacza\u0107 im. Kocha ich mi\u0142o\u015bci\u0105, kt\u00f3rej sam, od nikogo z ludzi, nie otrzymuje.<br \/>\n16.\tDzi\u0119kujemy wszystkim tym, kt\u00f3rzy w minionym tygodniu pracowali spo\u0142ecznie na terenie parafialnym. Pracy by\u0142o du\u017co. Dzi\u0119kujemy za koszenie, zamiatanie, podcinanie krzew\u00f3w i nowe nasadzenia kwiat\u00f3w. W tym tygodniu prosimy r\u00f3wnie\u017c o pomoc. B\u0119d\u0105 nowe kwiaty, kt\u00f3re trzeba b\u0119dzie powsadza\u0107 w rabatkach.<\/p>\n","protected":false},"excerpt":{"rendered":"<p>1. W dniu dzisiejszym go\u015bcimy w naszej parafii Ksi\u0119dza Biskupa Jacka Grzybowskiego, kt\u00f3ry przeprowadza wizytacj\u0119 kanoniczn\u0105. Na ka\u017cdej Mszy \u015bwi\u0119tej poszczeg\u00f3lne grupy parafialne b\u0119d\u0105 zdawa\u0107 sprawozdanie ze swej dzia\u0142alno\u015bci. Wizytacja b\u0119dzie kontynuowana w pi\u0105tek, gdzie Ksi\u0105dz Biskup dokona kontroli biura parafialnego \u2013 kancelarii, sprawdzaj\u0105c merytoryczne prowadzenie ksi\u0105g parafialnych i sam\u0105 dzia\u0142alno\u015b\u0107 parafii pod wzgl\u0119dem formalno-prawno-finansowym. [&hellip;]<\/p>\n","protected":false},"author":1,"featured_media":30657,"comment_status":"closed","ping_status":"closed","sticky":false,"template":"","format":"standard","meta":{"footnotes":""},"categories":[2,14],"tags":[],"class_list":["post-23789","post","type-post","status-publish","format-standard","has-post-thumbnail","hentry","category-aktualnosci","category-ogloszenia-parafialne"],"_links":{"self":[{"href":"https:\/\/mbfatimska.ovh\/index.php\/wp-json\/wp\/v2\/posts\/23789","targetHints":{"allow":["GET"]}}],"collection":[{"href":"https:\/\/mbfatimska.ovh\/index.php\/wp-json\/wp\/v2\/posts"}],"about":[{"href":"https:\/\/mbfatimska.ovh\/index.php\/wp-json\/wp\/v2\/types\/post"}],"author":[{"embeddable":true,"href":"https:\/\/mbfatimska.ovh\/index.php\/wp-json\/wp\/v2\/users\/1"}],"replies":[{"embeddable":true,"href":"https:\/\/mbfatimska.ovh\/index.php\/wp-json\/wp\/v2\/comments?post=23789"}],"version-history":[{"count":0,"href":"https:\/\/mbfatimska.ovh\/index.php\/wp-json\/wp\/v2\/posts\/23789\/revisions"}],"wp:featuredmedia":[{"embeddable":true,"href":"https:\/\/mbfatimska.ovh\/index.php\/wp-json\/wp\/v2\/media\/30657"}],"wp:attachment":[{"href":"https:\/\/mbfatimska.ovh\/index.php\/wp-json\/wp\/v2\/media?parent=23789"}],"wp:term":[{"taxonomy":"category","embeddable":true,"href":"https:\/\/mbfatimska.ovh\/index.php\/wp-json\/wp\/v2\/categories?post=23789"},{"taxonomy":"post_tag","embeddable":true,"href":"https:\/\/mbfatimska.ovh\/index.php\/wp-json\/wp\/v2\/tags?post=23789"}],"curies":[{"name":"wp","href":"https:\/\/api.w.org\/{rel}","templated":true}]}}