{"id":23888,"date":"2024-06-16T07:16:40","date_gmt":"2024-06-16T05:16:40","guid":{"rendered":"https:\/\/www.mbfatimska.pl\/?p=23888"},"modified":"2024-06-16T07:16:40","modified_gmt":"2024-06-16T05:16:40","slug":"xi-niedziela-zwykla-3","status":"publish","type":"post","link":"https:\/\/mbfatimska.ovh\/index.php\/2024\/06\/16\/xi-niedziela-zwykla-3\/","title":{"rendered":"XI niedziela zwyk\u0142a"},"content":{"rendered":"<p>1.\tW dniu dzisiejszym odb\u0119dzie si\u0119 doroczny piknik rodzinny. Zapraszamy o godz. 13.45. To wtedy zostan\u0105 po\u015bwi\u0119cone rowery i odb\u0119dzie si\u0119 kr\u00f3tki rajd rowerowy  (ok 4 km). W tym samym czasie na g\u00f3rnym parkingu b\u0119dzie mo\u017cna skorzysta\u0107 ze stoisk kulinarnych, a dzieci ze s\u0142odko\u015bci. Dla dzieci b\u0119d\u0105 specjalne animacje w duchu \u015bwiata antycznego oraz dmucha\u0144ce. Nasz\u0105 zabaw\u0119 zako\u0144czymy ok godz. 18.00. W czasie pikniku b\u0119dzie uruchomiona strefa kibica bo o godz. 15.00 mecz polskiej reprezentacji.<br \/>\n2.\tDzisiaj o godz. 16.00 w ko\u015bciele odb\u0119dzie si\u0119 zako\u0144czenie roku formacyjnego dla ministrant\u00f3w, lektor\u00f3w, bielanek i scholi.<br \/>\n3.\tR\u00f3wnie\u017c dzisiaj o godz. 18.00 w salce pod zakrysti\u0105 odb\u0119dzie si\u0119 spotkanie dla os\u00f3b wyje\u017cd\u017caj\u0105cych w czwartek na pielgrzymk\u0119 na Suwalszczyzn\u0119 i Litw\u0119. Obecno\u015b\u0107 obowi\u0105zkowa.<br \/>\n4.\tWe wtorek podczas Mszy \u015bwi\u0119tej o godz. 19.00 grupa 14 os\u00f3b przyst\u0105pi do sakramentu bierzmowania. W zwi\u0105zku z tym ulegaj\u0105 zmianie tego dnia godziny nabo\u017ce\u0144stw. R\u00f3\u017caniec b\u0119dzie o godz. 17.30 a nabo\u017ce\u0144stwo czerwcowe  po Mszy \u015bwi\u0119tej o godz. 18.00. Kancelaria tego dnia b\u0119dzie nieczynna.<br \/>\n5.\tW \u015brod\u0119 zapraszamy na nabo\u017ce\u0144stwo do \u015bw. J\u00f3zefa. O godz. 19.00 zostanie odprawiona Msza \u015bwi\u0119ta i bezpo\u015brednio po niej nabo\u017ce\u0144stwo czerwcowe po\u0142\u0105czone z modlitwami do \u015bw. J\u00f3zefa.<br \/>\n6.\tW czwartek grupa naszych parafian udaje si\u0119 na 4 dniow\u0105 pielgrzymk\u0119 na Suwalszczyzn\u0119 i Litw\u0119. W programie zwiedzanie Supra\u015bla, Sok\u00f3\u0142ki, klasztoru na Wigrach, Studzienicznej, Sejn, Trok, Wilna, Druskiennik. Wyjazd o godz. 07.00.<br \/>\n7.\tW pi\u0105tek dzieci i m\u0142odzie\u017c ko\u0144cz\u0105 rok szkolny. W przysz\u0142\u0105 niedziel\u0119 na Mszach \u015bwi\u0119tych b\u0119dziemy dzi\u0119kowa\u0107 Panu Bogu za \u0142aski w czasie nauki i prosi\u0107 o szcz\u0119\u015bliwy czas wakacji. Spowied\u017a dla dzieci podczas ka\u017cdej niedzielnej Mszy \u015bwi\u0119tej.<br \/>\n8.\tW sobot\u0119 zapraszamy na kolejne nabo\u017ce\u0144stwo do \u015bw. Rity. O godz. 19.00 podczas Mszy \u015bwi\u0119tej zostan\u0105 po\u015bwi\u0119cone r\u00f3\u017ce, a po Eucharystii dalsze modlitwy do patronki spraw trudnych i beznadziejnych z wyczytywaniem intencji, kt\u00f3re z\u0142o\u017cymy pod o\u0142tarzem przed Msz\u0105 \u015bwi\u0119t\u0105.<br \/>\n9.\tOd przysz\u0142ego poniedzia\u0142ku (24.06) zapraszamy dzieci do naszej parafialnej \u015bwietlicy. \u015awietlica b\u0119dzie czynna od poniedzia\u0142ku do pi\u0105tku w godz. 09.00-14.00. B\u0119dzie wiele zabaw na \u015bwie\u017cym powietrzu, dmucha\u0144ce, gry zespo\u0142owe, zabawy plastyczne i oczywi\u015bcie wycieczki integracyjne.<br \/>\n10.\tW okresie wakacji b\u0119d\u0105 sprawowane Msze \u015bwi\u0119te w intencji budowniczych o\u0142tarzy na Bo\u017ce Cia\u0142o. W intencji I o\u0142tarza \u2013 09.07 \u2013 godz. 19.00, II o\u0142tarza \u2013 11.07 \u2013 godz. 18.00, III o\u0142tarza \u2013 12.07 \u2013 godz. 18.00, IV o\u0142tarza \u2013 15.07 \u2013 godz. 19.00.<br \/>\n11.\tWychodz\u0105c dzisiaj z ko\u015bcio\u0142a mo\u017cemy wzi\u0105\u0107 udzia\u0142 w promocji ksi\u0105\u017cki pana Paw\u0142a Pietrzaka pt.: \u201eMaki\u201d. B\u0119dzie mo\u017cna r\u00f3wnie\u017c spotka\u0107 si\u0119 z autorem i uzyska\u0107 autograf. \u201eMaki\u201d to ksi\u0105\u017cka mocna i trudna. Nie\u0142atwo przyswaja si\u0119 jej tre\u015b\u0107. To przejmuj\u0105ce \u015bwiadectwo ocalenia swego cz\u0142owiecze\u0144stwa przed rozpacz\u0105, rezygnacj\u0105 i nienawi\u015bci\u0105 \u2013 w nieludzkim cierpieniu, w arcytrudnych warunkach obozu \u015bmierci. To opowie\u015b\u0107 o promieniowaniu mi\u0142o\u015bci, praktyczna lekcja kochania nieprzyjaci\u00f3\u0142. A przede wszystkim spotkanie z cz\u0142owiekiem, kt\u00f3ry patrzy w oczy z\u0142u i czyni wszystko, by kocha\u0107 tych, kt\u00f3rzy to z\u0142o generuj\u0105 i przebacza\u0107 im. Kocha ich mi\u0142o\u015bci\u0105, kt\u00f3rej sam, od nikogo z ludzi, nie otrzymuje.<\/p>\n","protected":false},"excerpt":{"rendered":"<p>1. W dniu dzisiejszym odb\u0119dzie si\u0119 doroczny piknik rodzinny. Zapraszamy o godz. 13.45. To wtedy zostan\u0105 po\u015bwi\u0119cone rowery i odb\u0119dzie si\u0119 kr\u00f3tki rajd rowerowy (ok 4 km). W tym samym czasie na g\u00f3rnym parkingu b\u0119dzie mo\u017cna skorzysta\u0107 ze stoisk kulinarnych, a dzieci ze s\u0142odko\u015bci. Dla dzieci b\u0119d\u0105 specjalne animacje w duchu \u015bwiata antycznego oraz dmucha\u0144ce. [&hellip;]<\/p>\n","protected":false},"author":1,"featured_media":30657,"comment_status":"closed","ping_status":"closed","sticky":false,"template":"","format":"standard","meta":{"footnotes":""},"categories":[2,14],"tags":[],"class_list":["post-23888","post","type-post","status-publish","format-standard","has-post-thumbnail","hentry","category-aktualnosci","category-ogloszenia-parafialne"],"_links":{"self":[{"href":"https:\/\/mbfatimska.ovh\/index.php\/wp-json\/wp\/v2\/posts\/23888","targetHints":{"allow":["GET"]}}],"collection":[{"href":"https:\/\/mbfatimska.ovh\/index.php\/wp-json\/wp\/v2\/posts"}],"about":[{"href":"https:\/\/mbfatimska.ovh\/index.php\/wp-json\/wp\/v2\/types\/post"}],"author":[{"embeddable":true,"href":"https:\/\/mbfatimska.ovh\/index.php\/wp-json\/wp\/v2\/users\/1"}],"replies":[{"embeddable":true,"href":"https:\/\/mbfatimska.ovh\/index.php\/wp-json\/wp\/v2\/comments?post=23888"}],"version-history":[{"count":0,"href":"https:\/\/mbfatimska.ovh\/index.php\/wp-json\/wp\/v2\/posts\/23888\/revisions"}],"wp:featuredmedia":[{"embeddable":true,"href":"https:\/\/mbfatimska.ovh\/index.php\/wp-json\/wp\/v2\/media\/30657"}],"wp:attachment":[{"href":"https:\/\/mbfatimska.ovh\/index.php\/wp-json\/wp\/v2\/media?parent=23888"}],"wp:term":[{"taxonomy":"category","embeddable":true,"href":"https:\/\/mbfatimska.ovh\/index.php\/wp-json\/wp\/v2\/categories?post=23888"},{"taxonomy":"post_tag","embeddable":true,"href":"https:\/\/mbfatimska.ovh\/index.php\/wp-json\/wp\/v2\/tags?post=23888"}],"curies":[{"name":"wp","href":"https:\/\/api.w.org\/{rel}","templated":true}]}}