{"id":24264,"date":"2024-06-23T07:17:11","date_gmt":"2024-06-23T05:17:11","guid":{"rendered":"https:\/\/www.mbfatimska.pl\/?p=24264"},"modified":"2024-06-23T07:17:11","modified_gmt":"2024-06-23T05:17:11","slug":"xii-niedziela-zwykla-3","status":"publish","type":"post","link":"https:\/\/mbfatimska.ovh\/index.php\/2024\/06\/23\/xii-niedziela-zwykla-3\/","title":{"rendered":"XII niedziela zwyk\u0142a"},"content":{"rendered":"<p>Dzisiejsza niedziela to obchodzony 23 czerwca Dzie\u0144 Ojca a tak\u017ce 19 rocznica \u015bwi\u0119ce\u0144 biskupich Pasterza Diecezji Ksi\u0119dza Biskupa Romualda Kami\u0144skiego. Pami\u0119tajmy w modlitwie o Ojcu naszej diecezji i o wszystkich ojcach.<br \/>\n1.\tW czwartek grupa 50 os\u00f3b uda\u0142a si\u0119 na pielgrzymk\u0119 na Suwalszczyzn\u0119 i Litw\u0119. \u017byczymy im wielu pozytywnych wra\u017ce\u0144, opieki Matki Bo\u017cej i szcz\u0119\u015bliwego powrotu do domu.<br \/>\n2.\tW pi\u0105tek dzieci i m\u0142odzie\u017c zako\u0144czyli rok szkolny. Dzisiaj dzi\u0119kujemy Panu Bogu za wszelkie dobro minionego roku i prosimy o dobry czas wakacji.<br \/>\n3.\tJu\u017c od jutra, przez ca\u0142y czas wakacji, od poniedzia\u0142ku do pi\u0105tku, w godz. 09.00-14.00 zapraszamy do naszej \u015bwietlicy parafialnej. B\u0119d\u0105 wyjazdy, gry i zabawy na \u015bwie\u017cym powietrzu, dmucha\u0144ce, prace plastyczne i wiele dobrej zabawy.<br \/>\n4.\tW \u015brod\u0119, w godz. 10.00-14.00 na naszym terenie parafialnym b\u0119dzie organizowana przez Legionowskie Stowarzyszenie AMICUS i Warsztat Terapii Zaj\u0119ciowej \u015bw. Rity \u2013 Piknik Integracyjny dla os\u00f3b z niepe\u0142nosprawno\u015bciami. B\u0119d\u0105 zabawy sportowe, quizy wiedzy i quizy muzyczne. B\u0119d\u0105 oczywi\u015bcie nagrody.<br \/>\n5.\tW czwartek, w budynku Centrum wsparcia fizycznego, w godz. 18.00-19.00 b\u0119dzie mo\u017cna skorzysta\u0107 z darmowych porad logopedy szkolnego.<br \/>\n6.\tW pi\u0105tek o godz. 19.00 zostanie odprawiona Msza \u015bwi\u0119ta wypominkowa za naszych bliskich zmar\u0142ych, a po nabo\u017ce\u0144stwie czerwcowym b\u0119dziemy modli\u0107 si\u0119, jak ka\u017cdego 28 dnia miesi\u0105ca, o wstawiennictwo b\u0142. Kardyna\u0142a Stefana Wyszy\u0144skiego.<br \/>\n7.\tW tym tygodniu obchodzimy:<br \/>\n&#8211; w poniedzia\u0142ek \u2013 \u015bwi\u0119to Narodzenia \u015bw. Jana Chrzciciela<br \/>\n&#8211; w pi\u0105tek \u2013 wspomnienie \u015bw. Ireneusza<br \/>\n&#8211; w sobot\u0119 \u2013 uroczysto\u015b\u0107  \u015aw. Aposto\u0142\u00f3w Piotra i Paw\u0142a, tego dnia zapraszamy na Msze \u015bwi\u0119te o godz. 18.00 i 19.00. Ofiary sk\u0142adane tego dnia na tac\u0119, b\u0119d\u0105 przeznaczone na bazylik\u0119 \u015bw. Piotra w Rzymie.<br \/>\n8.\tJeszcze dzisiaj zapraszamy na Wiecz\u00f3r uwielbienia z Maryj\u0105. Rozpoczniemy Msz\u0105 \u015bwi\u0119t\u0105 o godz. 19.00 a nast\u0119pnie b\u0119dzie czas modlitwy, czuwania i uwielbienia. B\u0119dziemy si\u0119 modli\u0107 s\u0142owami Pisma \u015awi\u0119tego i \u015bpiewem. B\u0119dzie te\u017c czas modlitwy w ciszy. Wiecz\u00f3r uwielbienia jest przygotowany przez wsp\u00f3lnot\u0119 Odnowa w Duchu \u015awi\u0119tym naszej parafii.<br \/>\n9.\tZ okazji dorocznego \u015bwi\u0119ta patrona Miasta Legionowo b\u0142. Stefana kardyna\u0142a Wyszy\u0144skiego, parafia Naj\u015bwi\u0119tszego Cia\u0142a i Krwi Chrystusa w Legionowie zaprasza 6 lipca na piesz\u0105 pielgrzymk\u0119 do domu naszego Patrona w Choszcz\u00f3wce. Pielgrzymka zaczyna si\u0119 przy ko\u015bciele Naj\u015bwi\u0119tszego Cia\u0142a i Krwi Chrystusa  o godz. 08.00. W Choszcz\u00f3wce b\u0119dzie odprawiona Eucharystia  i mo\u017cliwo\u015b\u0107 zwiedzania.<\/p>\n","protected":false},"excerpt":{"rendered":"<p>Dzisiejsza niedziela to obchodzony 23 czerwca Dzie\u0144 Ojca a tak\u017ce 19 rocznica \u015bwi\u0119ce\u0144 biskupich Pasterza Diecezji Ksi\u0119dza Biskupa Romualda Kami\u0144skiego. Pami\u0119tajmy w modlitwie o Ojcu naszej diecezji i o wszystkich ojcach. 1. W czwartek grupa 50 os\u00f3b uda\u0142a si\u0119 na pielgrzymk\u0119 na Suwalszczyzn\u0119 i Litw\u0119. \u017byczymy im wielu pozytywnych wra\u017ce\u0144, opieki Matki Bo\u017cej i szcz\u0119\u015bliwego [&hellip;]<\/p>\n","protected":false},"author":1,"featured_media":30657,"comment_status":"closed","ping_status":"closed","sticky":false,"template":"","format":"standard","meta":{"footnotes":""},"categories":[2,14],"tags":[],"class_list":["post-24264","post","type-post","status-publish","format-standard","has-post-thumbnail","hentry","category-aktualnosci","category-ogloszenia-parafialne"],"_links":{"self":[{"href":"https:\/\/mbfatimska.ovh\/index.php\/wp-json\/wp\/v2\/posts\/24264","targetHints":{"allow":["GET"]}}],"collection":[{"href":"https:\/\/mbfatimska.ovh\/index.php\/wp-json\/wp\/v2\/posts"}],"about":[{"href":"https:\/\/mbfatimska.ovh\/index.php\/wp-json\/wp\/v2\/types\/post"}],"author":[{"embeddable":true,"href":"https:\/\/mbfatimska.ovh\/index.php\/wp-json\/wp\/v2\/users\/1"}],"replies":[{"embeddable":true,"href":"https:\/\/mbfatimska.ovh\/index.php\/wp-json\/wp\/v2\/comments?post=24264"}],"version-history":[{"count":0,"href":"https:\/\/mbfatimska.ovh\/index.php\/wp-json\/wp\/v2\/posts\/24264\/revisions"}],"wp:featuredmedia":[{"embeddable":true,"href":"https:\/\/mbfatimska.ovh\/index.php\/wp-json\/wp\/v2\/media\/30657"}],"wp:attachment":[{"href":"https:\/\/mbfatimska.ovh\/index.php\/wp-json\/wp\/v2\/media?parent=24264"}],"wp:term":[{"taxonomy":"category","embeddable":true,"href":"https:\/\/mbfatimska.ovh\/index.php\/wp-json\/wp\/v2\/categories?post=24264"},{"taxonomy":"post_tag","embeddable":true,"href":"https:\/\/mbfatimska.ovh\/index.php\/wp-json\/wp\/v2\/tags?post=24264"}],"curies":[{"name":"wp","href":"https:\/\/api.w.org\/{rel}","templated":true}]}}