{"id":24626,"date":"2024-06-30T07:10:40","date_gmt":"2024-06-30T05:10:40","guid":{"rendered":"https:\/\/www.mbfatimska.pl\/?p=24626"},"modified":"2024-06-30T07:10:40","modified_gmt":"2024-06-30T05:10:40","slug":"xiii-niedziela-zwykla-2","status":"publish","type":"post","link":"https:\/\/mbfatimska.ovh\/index.php\/2024\/06\/30\/xiii-niedziela-zwykla-2\/","title":{"rendered":"XIII niedziela zwyk\u0142a"},"content":{"rendered":"<p>1.\tDzisiaj ostatni dzie\u0144 czerwca. Zapraszamy na ostatnie nabo\u017ce\u0144stwo czerwcowe ku czci Naj\u015bwi\u0119tszego Serca Pana Jezusa o godz. 18.30.<br \/>\n2.\tMimo \u017ce rozpocz\u0119\u0142y si\u0119 wakacje, harmonogram Mszy \u015bwi\u0119tych w dni powszednie i niedziele, nie ulegnie zmianie. W dni powszednie zapraszamy na Msze \u015bwi\u0119te o godz. 18.00 i 19.00, a w niedziele o godz. 07.30, 09.00, 11.00, 12.30 i 19.00. Kancelaria jest czynna od poniedzia\u0142ku do \u015brody w godz. 19.30-20.15 i w soboty w godz. 09.00-10.00.<br \/>\n3.\tW tym tygodniu przypada:<br \/>\n&#8211; I czwartek miesi\u0105ca \u2013 po Mszy \u015bwi\u0119tej o godz. 19.00 wystawienie Naj\u015bwi\u0119tszego Sakramentu, koronka do Bo\u017cego Mi\u0142osierdzia i mo\u017cliwo\u015b\u0107 adoracji do godz. 22.00<br \/>\n&#8211; I pi\u0105tek miesi\u0105ca \u2013 spowied\u017a od godz. 17.30 do 19.30<br \/>\n&#8211; I sobota miesi\u0105ca \u2013 nabo\u017ce\u0144stwo wynagradzaj\u0105ce Niepokalanemu Sercu Naj\u015bwi\u0119tszej Maryi Panny po Mszy \u015bwi\u0119tej o godz. 19.00. Zako\u0144czenie nabo\u017ce\u0144stwa o godz. 21.00 Apelem Jasnog\u00f3rskim<br \/>\n&#8211; I niedziela miesi\u0105ca \u2013 po Mszy \u015bwi\u0119tej o godz. 12.30 wystawienie Naj\u015bwi\u0119tszego Sakramentu, procesja eucharystyczna i mo\u017cliwo\u015b\u0107 adoracji do godz. 18.45<br \/>\n4.\tW pi\u0105tek o godz. 20.00 w kawiarence konferencja przed chrzcielna. Bior\u0105 w niej udzia\u0142 rodzice dziecka, kt\u00f3re b\u0119dzie chrzczone w naszej parafii, b\u0105d\u017a b\u0119dzie brana zgoda na chrzest do innej parafii oraz kandydaci na rodzic\u00f3w chrzestnych.<br \/>\n5.\tMsza \u015bwi\u0119ta dzi\u0119kczynna w intencji pielgrzym\u00f3w, kt\u00f3rzy w czerwcu pielgrzymowali do Malborka i Pelplina, b\u0119dzie odprawiona w czwartek, 4 lipca, o godz. 19.00, a w intencji pielgrzym\u00f3w z pielgrzymki na Suwalszczyzn\u0119 i Litw\u0119 w poniedzia\u0142ek, 8 lipca, o godz. 19.00.<br \/>\n6.\t18 czerwca odby\u0142y si\u0119 w naszej diecezji zmiany personalne ksi\u0119\u017cy pracuj\u0105cych w parafiach. Nasz ks. Marek zosta\u0142 skierowany do pracy w parafii Nawr\u00f3cenia \u015bw. Paw\u0142a Aposto\u0142a w Warszawie w charakterze rezydenta, a na jego miejsce w\u0142adza diecezjalna skierowa\u0142a ks. Miko\u0142aja Lipskiego, neoprezbitera, czyli nowo wy\u015bwi\u0119conego ksi\u0119dza. Ksi\u0119\u017ca swoje plac\u00f3wki maj\u0105 obj\u0105\u0107 26 sierpnia. Tak te\u017c w niedziel\u0119 25 sierpnia na Mszach \u015bwi\u0119tych poszczeg\u00f3lne grupy parafialne i wszyscy wierni b\u0119dziemy chcieli podzi\u0119kowa\u0107 ksi\u0119dzu Markowi Nowakowi za jego 3 letni\u0105 pos\u0142ug\u0119 w naszej parafii.<br \/>\n7.\tW przysz\u0142\u0105 sobot\u0119 w godz. 10.00-14.00 zapraszamy na kolejne warsztaty kulinarne z dusz\u0105. B\u0119dziemy dobrze si\u0119 bawi\u0107 i uczy\u0107 przyrz\u0105dza\u0107 wakacyjne koktajle. Zapraszamy ca\u0142e rodziny. W czasie warsztat\u00f3w b\u0119d\u0105 konkursy z nagrodami.<br \/>\n8.\tW poniedzia\u0142ek w godz. 18.00-20.00 b\u0119dzie mo\u017cna nieodp\u0142atnie skorzysta\u0107 z porad psychologa. Porady odbywaj\u0105 si\u0119 w budynku Centrum Wsparcia Fizycznego.<\/p>\n","protected":false},"excerpt":{"rendered":"<p>1. Dzisiaj ostatni dzie\u0144 czerwca. Zapraszamy na ostatnie nabo\u017ce\u0144stwo czerwcowe ku czci Naj\u015bwi\u0119tszego Serca Pana Jezusa o godz. 18.30. 2. Mimo \u017ce rozpocz\u0119\u0142y si\u0119 wakacje, harmonogram Mszy \u015bwi\u0119tych w dni powszednie i niedziele, nie ulegnie zmianie. W dni powszednie zapraszamy na Msze \u015bwi\u0119te o godz. 18.00 i 19.00, a w niedziele o godz. 07.30, 09.00, [&hellip;]<\/p>\n","protected":false},"author":1,"featured_media":30657,"comment_status":"closed","ping_status":"closed","sticky":false,"template":"","format":"standard","meta":{"footnotes":""},"categories":[2,14],"tags":[],"class_list":["post-24626","post","type-post","status-publish","format-standard","has-post-thumbnail","hentry","category-aktualnosci","category-ogloszenia-parafialne"],"_links":{"self":[{"href":"https:\/\/mbfatimska.ovh\/index.php\/wp-json\/wp\/v2\/posts\/24626","targetHints":{"allow":["GET"]}}],"collection":[{"href":"https:\/\/mbfatimska.ovh\/index.php\/wp-json\/wp\/v2\/posts"}],"about":[{"href":"https:\/\/mbfatimska.ovh\/index.php\/wp-json\/wp\/v2\/types\/post"}],"author":[{"embeddable":true,"href":"https:\/\/mbfatimska.ovh\/index.php\/wp-json\/wp\/v2\/users\/1"}],"replies":[{"embeddable":true,"href":"https:\/\/mbfatimska.ovh\/index.php\/wp-json\/wp\/v2\/comments?post=24626"}],"version-history":[{"count":0,"href":"https:\/\/mbfatimska.ovh\/index.php\/wp-json\/wp\/v2\/posts\/24626\/revisions"}],"wp:featuredmedia":[{"embeddable":true,"href":"https:\/\/mbfatimska.ovh\/index.php\/wp-json\/wp\/v2\/media\/30657"}],"wp:attachment":[{"href":"https:\/\/mbfatimska.ovh\/index.php\/wp-json\/wp\/v2\/media?parent=24626"}],"wp:term":[{"taxonomy":"category","embeddable":true,"href":"https:\/\/mbfatimska.ovh\/index.php\/wp-json\/wp\/v2\/categories?post=24626"},{"taxonomy":"post_tag","embeddable":true,"href":"https:\/\/mbfatimska.ovh\/index.php\/wp-json\/wp\/v2\/tags?post=24626"}],"curies":[{"name":"wp","href":"https:\/\/api.w.org\/{rel}","templated":true}]}}