{"id":24745,"date":"2024-07-14T07:01:48","date_gmt":"2024-07-14T05:01:48","guid":{"rendered":"https:\/\/www.mbfatimska.pl\/?p=24745"},"modified":"2024-07-14T07:01:48","modified_gmt":"2024-07-14T05:01:48","slug":"xv-niedziela-zwykla-4","status":"publish","type":"post","link":"https:\/\/mbfatimska.ovh\/index.php\/2024\/07\/14\/xv-niedziela-zwykla-4\/","title":{"rendered":"XV niedziela zwyk\u0142a"},"content":{"rendered":"<p>1.\tJutro o godz. 19.00 zostanie odprawiona Msza \u015bwi\u0119ta w intencji mieszka\u0144c\u00f3w budowniczych IV o\u0142tarza na procesj\u0119 Bo\u017cego Cia\u0142a.<br \/>\n2.\tW czasie wakacji dzia\u0142a nasza \u015bwietlica. Zaj\u0119cia odbywaj\u0105 si\u0119 od poniedzia\u0142ku do pi\u0105tku w godz. 09.00-14.00.<br \/>\n3.      We wtorek, 16 lipca, obchodzimy wspomnienie Naj\u015bwi\u0119tszej Maryi Panny z G\u00f3ry Karmel. Podczas Mszy \u015bwi\u0119tej o godz. 19.00 b\u0119dzie mo\u017cliwo\u015b\u0107 pob\u0142ogos\u0142awienia i na\u0142o\u017cenia szkaplerza.<br \/>\n4.\tWe wtorek w godz. 19.00-21.00 b\u0119dzie mo\u017cna nieodp\u0142atnie skorzysta\u0107 z porad prawnika.<br \/>\n5.\tW tym tygodniu, w \u015brod\u0119 o godz. 11.00, w naszym ko\u015bciele zostanie odprawiona Msza \u015bwi\u0119ta w intencji Centrum Szkolenia Policji; w intencji kadry, s\u0142uchaczy w zwi\u0105zku z przypadaj\u0105cym w tym  miesi\u0105cu \u015bwi\u0119tem Policji.<br \/>\n6.\tW przysz\u0142\u0105 niedziel\u0119, 21 lipca, grupa dzieci wyje\u017cd\u017ca na tygodniowy wypoczynek na Suwalszczyzn\u0119 i Litw\u0119. O godz. 07.30 dzieci wezm\u0105 udzia\u0142 we Mszy \u015bwi\u0119tej, a nast\u0119pnie rozpocznie si\u0119 przygotowanie do wyjazdu. W programie zwiedzanie zamku Reszel, bunkr\u00f3w w Mamerkach, klasztoru w Wigrach, Sok\u00f3\u0142ki \u2013 miejsce cudu eucharystycznego, Wilna, Druskiennik, uczestniczenie w sp\u0142ywie kajakowym, gry, zabawy, k\u0105piele w jeziorze. Dzieciom i opiekunom \u017cyczymy szcz\u0119\u015bliwej drogi i pobytu oraz opieki Matki Bo\u017cej Fatimskiej.<br \/>\n7.\tDzi\u0119kujemy za pe\u0142ne po\u015bwiecenia prace porz\u0105dkowe na naszym terenie ko\u015bcielnym. Pogoda nas nie rozpieszcza. Burze i nawa\u0142nice wiele spustoszenia robi\u0105 na terenie przy ko\u015bciele. Co uda si\u0119 uprz\u0105tn\u0105\u0107 w nocy kolejne wiatry. Tym gor\u0119cej dzi\u0119kujemy za okazywan\u0105 \u017cyczliwo\u015b\u0107 i ch\u0119\u0107 pracy dla dobra estetyki terenu przy ko\u015bcielnego.<\/p>\n","protected":false},"excerpt":{"rendered":"<p>1. Jutro o godz. 19.00 zostanie odprawiona Msza \u015bwi\u0119ta w intencji mieszka\u0144c\u00f3w budowniczych IV o\u0142tarza na procesj\u0119 Bo\u017cego Cia\u0142a. 2. W czasie wakacji dzia\u0142a nasza \u015bwietlica. Zaj\u0119cia odbywaj\u0105 si\u0119 od poniedzia\u0142ku do pi\u0105tku w godz. 09.00-14.00. 3. We wtorek, 16 lipca, obchodzimy wspomnienie Naj\u015bwi\u0119tszej Maryi Panny z G\u00f3ry Karmel. Podczas Mszy \u015bwi\u0119tej o godz. 19.00 [&hellip;]<\/p>\n","protected":false},"author":1,"featured_media":30657,"comment_status":"closed","ping_status":"closed","sticky":false,"template":"","format":"standard","meta":{"footnotes":""},"categories":[2,14],"tags":[],"class_list":["post-24745","post","type-post","status-publish","format-standard","has-post-thumbnail","hentry","category-aktualnosci","category-ogloszenia-parafialne"],"_links":{"self":[{"href":"https:\/\/mbfatimska.ovh\/index.php\/wp-json\/wp\/v2\/posts\/24745","targetHints":{"allow":["GET"]}}],"collection":[{"href":"https:\/\/mbfatimska.ovh\/index.php\/wp-json\/wp\/v2\/posts"}],"about":[{"href":"https:\/\/mbfatimska.ovh\/index.php\/wp-json\/wp\/v2\/types\/post"}],"author":[{"embeddable":true,"href":"https:\/\/mbfatimska.ovh\/index.php\/wp-json\/wp\/v2\/users\/1"}],"replies":[{"embeddable":true,"href":"https:\/\/mbfatimska.ovh\/index.php\/wp-json\/wp\/v2\/comments?post=24745"}],"version-history":[{"count":0,"href":"https:\/\/mbfatimska.ovh\/index.php\/wp-json\/wp\/v2\/posts\/24745\/revisions"}],"wp:featuredmedia":[{"embeddable":true,"href":"https:\/\/mbfatimska.ovh\/index.php\/wp-json\/wp\/v2\/media\/30657"}],"wp:attachment":[{"href":"https:\/\/mbfatimska.ovh\/index.php\/wp-json\/wp\/v2\/media?parent=24745"}],"wp:term":[{"taxonomy":"category","embeddable":true,"href":"https:\/\/mbfatimska.ovh\/index.php\/wp-json\/wp\/v2\/categories?post=24745"},{"taxonomy":"post_tag","embeddable":true,"href":"https:\/\/mbfatimska.ovh\/index.php\/wp-json\/wp\/v2\/tags?post=24745"}],"curies":[{"name":"wp","href":"https:\/\/api.w.org\/{rel}","templated":true}]}}