{"id":24855,"date":"2024-07-21T07:22:49","date_gmt":"2024-07-21T05:22:49","guid":{"rendered":"https:\/\/www.mbfatimska.pl\/?p=24855"},"modified":"2024-07-21T07:22:49","modified_gmt":"2024-07-21T05:22:49","slug":"xvi-niedziela-zwykla-3","status":"publish","type":"post","link":"https:\/\/mbfatimska.ovh\/index.php\/2024\/07\/21\/xvi-niedziela-zwykla-3\/","title":{"rendered":"XVI niedziela zwyk\u0142a"},"content":{"rendered":"<p>1.\tW dniu dzisiejszym grupa prawie 50 dzieci, po Mszy \u015bwi\u0119tej o godz. 07.30, wyjecha\u0142a na tygodniowy wyjazd wakacyjny na Suwalszczyzn\u0119 i Litw\u0119. \u017byczymy im szcz\u0119\u015bliwej drogi, bezpiecznego pobytu, opieki \u015bw. Krzysztofa i Matki Bo\u017cej Fatimskiej.<br \/>\n2.\tJutro, 22 lipca, zapraszamy na kolejne nabo\u017ce\u0144stwo do \u015bw. Rity. O godz. 19.00 zostanie odprawiona Msza \u015bwi\u0119ta, podczas kt\u00f3rej po\u015bwi\u0119cimy r\u00f3\u017ce, a nast\u0119pnie b\u0119dziemy modli\u0107 si\u0119 do patronki spraw trudnych i beznadziejnych. Intencje sk\u0142adamy przed Msz\u0105 \u015bwi\u0119t\u0105 pod o\u0142tarzem. Tego dnia kancelaria b\u0119dzie czynna w godzinach 20.00 \u2013 20.45.<br \/>\n3.\tW czwartek obchodzi\u0107 b\u0119dziemy \u015bwi\u0119to \u015bw. Jakuba i wspomnienie \u015bw. Krzysztofa. Po Mszach \u015bwi\u0119tych o godz. 18.00 i 19.00 b\u0119dzie mo\u017cna po\u015bwi\u0119ci\u0107 pojazdy mechaniczne. Uroczyste \u015bwi\u0119cenie pojazd\u00f3w odb\u0119dzie si\u0119 w przysz\u0142\u0105 niedziel\u0119, po ka\u017cdej Mszy \u015bwi\u0119tej, na g\u00f3rnym parkingu.<br \/>\n4.\tW czwartek, z racji wspomnienia \u015bw. Krzysztofa, pami\u0119tajmy w naszych modlitwach o ks. Krzysztofie Go\u0142asiu, pierwszym proboszczu parafii, wypraszaj\u0105c dla niego \u0142ask\u0119 zdrowia, cierpliwo\u015bci i b\u0142ogos\u0142awie\u0144stwo Bo\u017ce.<br \/>\n5.\tW pi\u0105tek, na Mszy \u015bwi\u0119tej o godz. 19.00, modli\u0107 si\u0119 b\u0119dziemy w intencji naszych bliskich zmar\u0142ych polecanych w wypominkach. Tego dnia obchodzimy r\u00f3wnie\u017c wspomnienie \u015bw. Anny i \u015bw. Joachima, rodzic\u00f3w Naj\u015bwi\u0119tszej Maryi Panny. Pami\u0119tajmy tego dnia o wszystkich babciach i dziadkach.<br \/>\n6.\tW przysz\u0142\u0105 niedziel\u0119 o godz. 18.40 zapraszamy na kolejne nabo\u017ce\u0144stwo do b\u0142. Kard. Stefana Wyszy\u0144skiego \u2013 patrona naszego miasta, z racji 28 dnia miesi\u0105ca.<br \/>\n7.\t29 sierpnia, tj. czwartek, zapraszamy ch\u0119tnych na wsp\u00f3lny wyjazd do Warszawy, do teatru Kamienica, na spektakl pt.: \u201eTe\u015bciowe wiecznie \u017cywe\u201d. Wyjazd autokarem o godz. 18.00, a sztuka jest wystawiana o godz. 19.30. Ca\u0142kowity koszt (bilet + autokar) to 80 z\u0142. Zapisy w zakrystii.<br \/>\n8.\tJutro na parkingu, na ul. D\u0142ugiej od ul. Zegrzy\u0144skiej, w godz. 18.00-18.45, b\u0119dzie mo\u017cna skorzysta\u0107 z bada\u0144 osteoporozy, p\u0142uc i oskrzeli oraz zakwaszenia organizmu. Badanie b\u0119dzie si\u0119 odbywa\u0107 w specjalnym ambulansie diagnostycznym, a wyniki b\u0119d\u0105 dost\u0119pne bezpo\u015brednio po badaniu. Stosowne ulotki znajduj\u0105 si\u0119 na stolikach za \u0142awkami. S\u0105 r\u00f3wnie\u017c wywieszone plakaty w gablocie.<\/p>\n","protected":false},"excerpt":{"rendered":"<p>1. W dniu dzisiejszym grupa prawie 50 dzieci, po Mszy \u015bwi\u0119tej o godz. 07.30, wyjecha\u0142a na tygodniowy wyjazd wakacyjny na Suwalszczyzn\u0119 i Litw\u0119. \u017byczymy im szcz\u0119\u015bliwej drogi, bezpiecznego pobytu, opieki \u015bw. Krzysztofa i Matki Bo\u017cej Fatimskiej. 2. Jutro, 22 lipca, zapraszamy na kolejne nabo\u017ce\u0144stwo do \u015bw. Rity. O godz. 19.00 zostanie odprawiona Msza \u015bwi\u0119ta, podczas [&hellip;]<\/p>\n","protected":false},"author":1,"featured_media":30657,"comment_status":"closed","ping_status":"closed","sticky":false,"template":"","format":"standard","meta":{"footnotes":""},"categories":[2,14],"tags":[],"class_list":["post-24855","post","type-post","status-publish","format-standard","has-post-thumbnail","hentry","category-aktualnosci","category-ogloszenia-parafialne"],"_links":{"self":[{"href":"https:\/\/mbfatimska.ovh\/index.php\/wp-json\/wp\/v2\/posts\/24855","targetHints":{"allow":["GET"]}}],"collection":[{"href":"https:\/\/mbfatimska.ovh\/index.php\/wp-json\/wp\/v2\/posts"}],"about":[{"href":"https:\/\/mbfatimska.ovh\/index.php\/wp-json\/wp\/v2\/types\/post"}],"author":[{"embeddable":true,"href":"https:\/\/mbfatimska.ovh\/index.php\/wp-json\/wp\/v2\/users\/1"}],"replies":[{"embeddable":true,"href":"https:\/\/mbfatimska.ovh\/index.php\/wp-json\/wp\/v2\/comments?post=24855"}],"version-history":[{"count":0,"href":"https:\/\/mbfatimska.ovh\/index.php\/wp-json\/wp\/v2\/posts\/24855\/revisions"}],"wp:featuredmedia":[{"embeddable":true,"href":"https:\/\/mbfatimska.ovh\/index.php\/wp-json\/wp\/v2\/media\/30657"}],"wp:attachment":[{"href":"https:\/\/mbfatimska.ovh\/index.php\/wp-json\/wp\/v2\/media?parent=24855"}],"wp:term":[{"taxonomy":"category","embeddable":true,"href":"https:\/\/mbfatimska.ovh\/index.php\/wp-json\/wp\/v2\/categories?post=24855"},{"taxonomy":"post_tag","embeddable":true,"href":"https:\/\/mbfatimska.ovh\/index.php\/wp-json\/wp\/v2\/tags?post=24855"}],"curies":[{"name":"wp","href":"https:\/\/api.w.org\/{rel}","templated":true}]}}