{"id":24858,"date":"2024-07-28T08:10:36","date_gmt":"2024-07-28T06:10:36","guid":{"rendered":"https:\/\/www.mbfatimska.pl\/?p=24858"},"modified":"2024-07-28T08:10:36","modified_gmt":"2024-07-28T06:10:36","slug":"xvii-niedziela-zwykla-3","status":"publish","type":"post","link":"https:\/\/mbfatimska.ovh\/index.php\/2024\/07\/28\/xvii-niedziela-zwykla-3\/","title":{"rendered":"XVII niedziela zwyk\u0142a"},"content":{"rendered":"<p>1.\tDzisiaj o godz. 18.40 zapraszamy na kolejne nabo\u017ce\u0144stwo do b\u0142. Kard. Stefana Wyszy\u0144skiego \u2013 patrona naszego miasta, z racji 28 dnia miesi\u0105ca.<br \/>\n2.\tW czwartek obchodzili\u015bmy wspomnienie \u015bw. Krzysztofa, patrona kierowc\u00f3w i podr\u00f3\u017cuj\u0105cych. Uroczyste po\u015bwi\u0119cenie pojazd\u00f3w odb\u0119dzie si\u0119 dzisiaj, po ka\u017cdej Mszy \u015bwi\u0119tej, na g\u00f3rnym parkingu.<br \/>\n3.\tW tym tygodniu przypada:<br \/>\n&#8211; I czwartek miesi\u0105ca \u2013 po Mszy \u015bwi\u0119tej o godz. 19.00 wystawienie Naj\u015bwi\u0119tszego Sakramentu, koronka do Bo\u017cego Mi\u0142osierdzia i mo\u017cliwo\u015b\u0107 adoracji do godz. 22.00<br \/>\n&#8211; I pi\u0105tek miesi\u0105ca \u2013 spowied\u017a od godz. 17.30 do 19.30<br \/>\n&#8211; I sobota miesi\u0105ca \u2013 nabo\u017ce\u0144stwo wynagradzaj\u0105ce Niepokalanemu Sercu Naj\u015bwi\u0119tszej Maryi Panny po Mszy \u015bwi\u0119tej o godz. 19.00. Zako\u0144czenie nabo\u017ce\u0144stwa o godz. 21.00 Apelem Jasnog\u00f3rskim<br \/>\n&#8211; I niedziela miesi\u0105ca \u2013 po Mszy \u015bwi\u0119tej o godz. 12.30 wystawienie Naj\u015bwi\u0119tszego Sakramentu, procesja eucharystyczna i mo\u017cliwo\u015b\u0107 adoracji do godz. 18.45<br \/>\n4.\tW czwartek, 1 sierpnia, przypada 80 rocznica wybuchu Powstania Warszawskiego. Uroczysta Msza \u015bwi\u0119ta w intencji powsta\u0144c\u00f3w zostanie odprawiona w ko\u015bciele \u015bw. J\u00f3zefa Oblubie\u0144ca Naj\u015bwi\u0119tszej Maryi Panny w Legionowie o godz. 18.00.<br \/>\n5.\tW pi\u0105tek o godz. 20.00 w kawiarence konferencja przed chrzcielna. Bior\u0105 w niej udzia\u0142 rodzice dziecka, kt\u00f3re b\u0119dzie chrzczone w naszej parafii, b\u0105d\u017a b\u0119dzie brana zgoda na chrzest do innej parafii oraz kandydaci na rodzic\u00f3w chrzestnych.<br \/>\n6.\tW przysz\u0142\u0105 niedziel\u0119 rusza kolejna edycja akcji \u201eWe\u017a plecak, daj wyprawk\u0119\u201d. Na pode\u015bcie dla scholi b\u0119d\u0105 wy\u0142o\u017cone plecaki, kt\u00f3re nale\u017cy zabra\u0107 do domu i wype\u0142ni\u0107 przyborami szkolnymi (zeszyty, bloki, pi\u00f3rniki, kredki, mazaki i inne) i do 15 sierpnia przynie\u015b\u0107 do ko\u015bcio\u0142a. Plecaki wraz z zawarto\u015bci\u0105 trafi\u0105 do biedniejszych polskich dzieci zamieszka\u0142ych w Litwie (Ja\u0142\u00f3wka, Kowalczuki, Ignalina, Turmonty) i w Polsce, chocia\u017cby do B\u0142\u0119dostowa i Legionowa. Co roku wsp\u00f3lnie przygotowujemy 140 kompletnych wyprawek szkolnych z my\u015bl\u0105 o dzieciach potrzebuj\u0105cych naszego wsparcia.<br \/>\n7.\tZach\u0119camy do skorzystania z gabinet\u00f3w fizykoterapii i rehabilitacji, kt\u00f3re s\u0105 czynne od poniedzia\u0142ku do pi\u0105tku, w godz. 15.30-18.00. Obok tradycyjnych zabieg\u00f3w takich jak biopr\u0105dy, pole magnetyczne, laser, lampa soluks, masa\u017c leczniczy i sale \u0107wicze\u0144 usprawniaj\u0105cych,  mo\u017cemy r\u00f3wnie\u017c skorzysta\u0107 z fali uderzeniowej i krioterapii. Nie jest wymagane skierowanie od lekarza. Zabiegi robi\u0105 wykwalifikowani rehabilitanci. Rehabilitacja znajduje si\u0119 w budynku Centrum Wsparcia Fizycznego.<\/p>\n","protected":false},"excerpt":{"rendered":"<p>1. Dzisiaj o godz. 18.40 zapraszamy na kolejne nabo\u017ce\u0144stwo do b\u0142. Kard. Stefana Wyszy\u0144skiego \u2013 patrona naszego miasta, z racji 28 dnia miesi\u0105ca. 2. W czwartek obchodzili\u015bmy wspomnienie \u015bw. Krzysztofa, patrona kierowc\u00f3w i podr\u00f3\u017cuj\u0105cych. Uroczyste po\u015bwi\u0119cenie pojazd\u00f3w odb\u0119dzie si\u0119 dzisiaj, po ka\u017cdej Mszy \u015bwi\u0119tej, na g\u00f3rnym parkingu. 3. W tym tygodniu przypada: &#8211; I czwartek [&hellip;]<\/p>\n","protected":false},"author":1,"featured_media":30657,"comment_status":"closed","ping_status":"closed","sticky":false,"template":"","format":"standard","meta":{"footnotes":""},"categories":[2,14],"tags":[],"class_list":["post-24858","post","type-post","status-publish","format-standard","has-post-thumbnail","hentry","category-aktualnosci","category-ogloszenia-parafialne"],"_links":{"self":[{"href":"https:\/\/mbfatimska.ovh\/index.php\/wp-json\/wp\/v2\/posts\/24858","targetHints":{"allow":["GET"]}}],"collection":[{"href":"https:\/\/mbfatimska.ovh\/index.php\/wp-json\/wp\/v2\/posts"}],"about":[{"href":"https:\/\/mbfatimska.ovh\/index.php\/wp-json\/wp\/v2\/types\/post"}],"author":[{"embeddable":true,"href":"https:\/\/mbfatimska.ovh\/index.php\/wp-json\/wp\/v2\/users\/1"}],"replies":[{"embeddable":true,"href":"https:\/\/mbfatimska.ovh\/index.php\/wp-json\/wp\/v2\/comments?post=24858"}],"version-history":[{"count":0,"href":"https:\/\/mbfatimska.ovh\/index.php\/wp-json\/wp\/v2\/posts\/24858\/revisions"}],"wp:featuredmedia":[{"embeddable":true,"href":"https:\/\/mbfatimska.ovh\/index.php\/wp-json\/wp\/v2\/media\/30657"}],"wp:attachment":[{"href":"https:\/\/mbfatimska.ovh\/index.php\/wp-json\/wp\/v2\/media?parent=24858"}],"wp:term":[{"taxonomy":"category","embeddable":true,"href":"https:\/\/mbfatimska.ovh\/index.php\/wp-json\/wp\/v2\/categories?post=24858"},{"taxonomy":"post_tag","embeddable":true,"href":"https:\/\/mbfatimska.ovh\/index.php\/wp-json\/wp\/v2\/tags?post=24858"}],"curies":[{"name":"wp","href":"https:\/\/api.w.org\/{rel}","templated":true}]}}