{"id":24860,"date":"2024-08-04T07:11:30","date_gmt":"2024-08-04T05:11:30","guid":{"rendered":"https:\/\/www.mbfatimska.pl\/?p=24860"},"modified":"2024-08-04T07:11:30","modified_gmt":"2024-08-04T05:11:30","slug":"xviii-niedziela-zwykla-2","status":"publish","type":"post","link":"https:\/\/mbfatimska.ovh\/index.php\/2024\/08\/04\/xviii-niedziela-zwykla-2\/","title":{"rendered":"XVIII niedziela zwyk\u0142a"},"content":{"rendered":"<p>1.\tDzisiaj pierwsza niedziela miesi\u0105ca. Po Mszy \u015bwi\u0119tej o godz. 12.30 wystawienie Naj\u015bwi\u0119tszego Sakramentu, procesja eucharystyczna i adoracja do godz. 18.45.<br \/>\n2.\tW dzisiejsz\u0105 niedziel\u0119 rusza kolejna edycja akcji \u201eWe\u017a plecak \u2013 daj wyprawk\u0119\u201d zorganizowana przez Legionowskie Stowarzyszenie AMICUS i nasz\u0105 parafi\u0119. Na pode\u015bcie dla scholi wy\u0142o\u017cone s\u0105 plecaki i tornistry szkolne dla dzieci, m\u0142odzie\u017cy, ch\u0142opc\u00f3w i dziewczynek. Plecaki zabieramy do domu i wype\u0142niamy je przyborami szkolnymi (kredki, d\u0142ugopisy, mazaki, zeszyty, bloki, pi\u00f3rniki, itp.) i plecak wraz z zawarto\u015bci\u0105 przynosimy do ko\u015bcio\u0142a najp\u00f3\u017aniej do 15 sierpnia. Wyprawki szkolne jeszcze przed 1 wrze\u015bnia dotr\u0105 do polskich biedniejszych dzieci na Litwie (Ja\u0142\u00f3wka, Kowalczuki, Turmonty, Ignalina) i w Polsce (B\u0142\u0119dostowo czy Legionowo). Zach\u0119camy do udzia\u0142u w akcji, by podarowa\u0107 w ten spos\u00f3b odrobin\u0119 szcz\u0119\u015bcia, u\u015bmiechu potrzebuj\u0105cym dzieciom.<br \/>\n3.\tWe wtorek, 6 sierpnia, obchodzimy w ko\u015bciele \u015bwi\u0119to Przemienienia Pa\u0144skiego. Zapraszamy na Msze \u015bwi\u0119te o godz. 18.00 i 19.00.<br \/>\n4.\tW przysz\u0142\u0105 sobot\u0119, 10 sierpnia, zapraszamy na warsztaty kulinarne. Krok po kroku uczestnicy dowiedz\u0105 si\u0119 jak przygotowa\u0107 ciasto z bor\u00f3wkami, a w sobot\u0119 24 sierpnia odb\u0119dzie si\u0119 spotkanie podsumowuj\u0105ce miniony sezon \u2013 b\u0119d\u0105 upominki dla najwytrwalszych uczestnik\u00f3w, deser \u2013 niespodzianka i mn\u00f3stwo rado\u015bci.<br \/>\n5.\tW zwi\u0105zku z zapowiedzi\u0105 powolnego wyrzucenia lekcji religii ze szko\u0142y \u2013 dzisiaj zredukowanie do jednej godziny, niewliczanie oceny z religii do \u015bredniej oraz umieszczeniem lekcji religii na pierwszej czy ostatniej godzinie lekcyjnej, na stolikach za \u0142awkami wy\u0142o\u017cone s\u0105 listy na kt\u00f3re nale\u017cy si\u0119 wpisa\u0107 by wyrazi\u0107 sw\u00f3j sw\u00f3j protest. Bardzo prosz\u0119 o zainteresowanie si\u0119 t\u0105 jak\u017ce wa\u017cn\u0105 spraw\u0105 i  nieprzechodzenie obok niej oboj\u0119tnie, bo mo\u017ce za miesi\u0105c czy dwa b\u0119dzie ju\u017c za p\u00f3\u017ano by co\u015b zmieni\u0107.<br \/>\n6.\tW czwartek, 15 sierpnia, organizowany jest VIII Rajd rowerowy z Legionowa do Ossowa szlakiem Bitwy Warszawskiej 1920. Wyjazd o godz. 06.45 spod legionowskiego ratusza do Ossowa. Wszyscy uczestnicy Rajdu otrzymaj\u0105 okoliczno\u015bciowe koszulki. W Ossowie o godz. 09.30 zostanie odprawiona uroczysta Msza \u015bwi\u0119ta z udzia\u0142em Ks. Biskupa Romualda Kami\u0144skiego w kolejn\u0105 rocznic\u0119 Bitwy Warszawskiej. Wi\u0119cej informacji na plakacie w gablocie.<br \/>\n7.\tDzi\u0119kujemy za pe\u0142ne po\u015bwi\u0119cenia prace porz\u0105dkowe w minionym tygodniu. Po niedzielnych i poniedzia\u0142kowych wiatrach pracy by\u0142o wiele. Zapraszamy w pi\u0105tek i w sobot\u0119 na godz. 08.00 do wsp\u00f3lnych prac. Du\u017co jest pielenia, bo chwasty rosn\u0105 jak szalone. Mo\u017cna nawet przyj\u015b\u0107 w tygodniu. Ka\u017cdy otrzyma specjalistyczny sprz\u0119t do usuwania chwast\u00f3w z kostki. Bardzo prosz\u0119 o przychylne potraktowanie naszej pro\u015bby.<\/p>\n","protected":false},"excerpt":{"rendered":"<p>1. Dzisiaj pierwsza niedziela miesi\u0105ca. Po Mszy \u015bwi\u0119tej o godz. 12.30 wystawienie Naj\u015bwi\u0119tszego Sakramentu, procesja eucharystyczna i adoracja do godz. 18.45. 2. W dzisiejsz\u0105 niedziel\u0119 rusza kolejna edycja akcji \u201eWe\u017a plecak \u2013 daj wyprawk\u0119\u201d zorganizowana przez Legionowskie Stowarzyszenie AMICUS i nasz\u0105 parafi\u0119. Na pode\u015bcie dla scholi wy\u0142o\u017cone s\u0105 plecaki i tornistry szkolne dla dzieci, m\u0142odzie\u017cy, [&hellip;]<\/p>\n","protected":false},"author":1,"featured_media":30657,"comment_status":"closed","ping_status":"closed","sticky":false,"template":"","format":"standard","meta":{"footnotes":""},"categories":[2,14],"tags":[],"class_list":["post-24860","post","type-post","status-publish","format-standard","has-post-thumbnail","hentry","category-aktualnosci","category-ogloszenia-parafialne"],"_links":{"self":[{"href":"https:\/\/mbfatimska.ovh\/index.php\/wp-json\/wp\/v2\/posts\/24860","targetHints":{"allow":["GET"]}}],"collection":[{"href":"https:\/\/mbfatimska.ovh\/index.php\/wp-json\/wp\/v2\/posts"}],"about":[{"href":"https:\/\/mbfatimska.ovh\/index.php\/wp-json\/wp\/v2\/types\/post"}],"author":[{"embeddable":true,"href":"https:\/\/mbfatimska.ovh\/index.php\/wp-json\/wp\/v2\/users\/1"}],"replies":[{"embeddable":true,"href":"https:\/\/mbfatimska.ovh\/index.php\/wp-json\/wp\/v2\/comments?post=24860"}],"version-history":[{"count":0,"href":"https:\/\/mbfatimska.ovh\/index.php\/wp-json\/wp\/v2\/posts\/24860\/revisions"}],"wp:featuredmedia":[{"embeddable":true,"href":"https:\/\/mbfatimska.ovh\/index.php\/wp-json\/wp\/v2\/media\/30657"}],"wp:attachment":[{"href":"https:\/\/mbfatimska.ovh\/index.php\/wp-json\/wp\/v2\/media?parent=24860"}],"wp:term":[{"taxonomy":"category","embeddable":true,"href":"https:\/\/mbfatimska.ovh\/index.php\/wp-json\/wp\/v2\/categories?post=24860"},{"taxonomy":"post_tag","embeddable":true,"href":"https:\/\/mbfatimska.ovh\/index.php\/wp-json\/wp\/v2\/tags?post=24860"}],"curies":[{"name":"wp","href":"https:\/\/api.w.org\/{rel}","templated":true}]}}