{"id":25009,"date":"2024-08-12T14:32:13","date_gmt":"2024-08-12T12:32:13","guid":{"rendered":"https:\/\/www.mbfatimska.pl\/?p=25009"},"modified":"2024-08-12T14:32:13","modified_gmt":"2024-08-12T12:32:13","slug":"xix-niedziela-zwykla-3","status":"publish","type":"post","link":"https:\/\/mbfatimska.ovh\/index.php\/2024\/08\/12\/xix-niedziela-zwykla-3\/","title":{"rendered":"XIX niedziela zwyk\u0142a"},"content":{"rendered":"<p>1.\tW ubieg\u0142\u0105 niedziel\u0119 rozpocz\u0119li\u015bmy kolejn\u0105 edycj\u0119 akcji \u201eWe\u017a plecak \u2013 daj wyprawk\u0119\u201d z my\u015bl\u0105 o biedniejszych dzieciach z polskich rodzin z terenu Litwy i naszej okolicy. Kto pobra\u0142 plecak, proszony jest o dostarczenie go z zawarto\u015bci\u0105 do 15 sierpnia, by wyprawki mog\u0142y trafi\u0107 do odbiorc\u00f3w przed rozpocz\u0119ciem roku szkolnego. Na pode\u015bcie s\u0105 jeszcze 4 plecaki, kt\u00f3re czekaj\u0105 na dobre osoby, kt\u00f3re wype\u0142ni\u0105 je przyborami szkolnymi i przynios\u0105 do ko\u015bcio\u0142a. Wszystkim, kt\u00f3rzy w\u0142\u0105czyli si\u0119 w to szczytne dzie\u0142o ju\u017c z g\u00f3ry dzi\u0119kujemy.<br \/>\n2.\tOsoby, kt\u00f3re zapisa\u0142y si\u0119 na sztuk\u0119 teatraln\u0105 w dniu 29 sierpnia w Teatrze Kamienica, proszone s\u0105 do przysz\u0142ej niedzieli o uiszczenie odp\u0142atno\u015bci. Wyjazd autokarem o godz. 18.00 z parkingu na ul. D\u0142ugiej od strony ul. Zegrzy\u0144skiej.<br \/>\n3.\tW dniu 14 wrze\u015bnia, tj. sobota, organizujemy doroczn\u0105 pielgrzymk\u0119 do Cz\u0119stochowy. Koszt wyjazdu 85 z\u0142. Wyjazd o godz. 06.00. Powr\u00f3t ok. godz. 21.00. Zapisy ju\u017c od dzisiejszej niedzieli.<br \/>\n4.\tWe wtorek, 13 sierpnia, zapraszamy na kolejne nabo\u017ce\u0144stwo fatimskie. O godz. 19.00 zostanie odprawiona Msza \u015bwi\u0119ta z okoliczno\u015bciowym kazaniem, a po Eucharystii odb\u0119dzie si\u0119 procesja fatimska. Msz\u0119 \u015bwi\u0119t\u0105 odprawi i kazanie wyg\u0142osi nasz nowy ksi\u0105dz wikariusz, ks. Miko\u0142aj Lipski, kt\u00f3ry obejmuje swoje pos\u0142ugiwanie w naszej parafii 26 sierpnia. Wcze\u015bniej, o godz. 7.30, zostanie odprawiona Msza \u015bwi\u0119ta w intencji firm, w\u0142a\u015bcicieli, pracownik\u00f3w i ich rodzin dzia\u0142aj\u0105cych na naszym legionowskim rynku.<br \/>\n5.\tW najbli\u017cszy wtorek w godz. 19.00-21.00 w budynku Centrum Wsparcia Fizycznego nieodp\u0142atnie b\u0119dzie przyjmowa\u0142 prawnik.<br \/>\n6.\t15 sierpnia obchodzi\u0107 b\u0119dziemy uroczysto\u015b\u0107 Wniebowzi\u0119cia Naj\u015bwi\u0119tszej Maryi Panny. Zapraszamy tego dnia na Msze \u015bwi\u0119te o godz. 07.30, 09.00, 11.00, 12.30 i 19.00. Na ka\u017cdej Mszy \u015bwi\u0119tej obrz\u0119d po\u015bwi\u0119cenia zi\u00f3\u0142 i kwiat\u00f3w. 15 sierpnia to r\u00f3wnie\u017c 104 rocznica Cudu nad Wis\u0142\u0105 i \u015bwi\u0119to Wojska Polskiego.<br \/>\n7.\tW czwartek, 15 sierpnia, organizowany jest VIII Rajd rowerowy z Legionowa do Ossowa szlakiem Bitwy Warszawskiej 1920. Wyjazd o godz. 06.45 spod legionowskiego ratusza do Ossowa. Wszyscy uczestnicy Rajdu otrzymaj\u0105 okoliczno\u015bciowe koszulki. W Ossowie o godz. 09.30 zostanie odprawiona uroczysta Msza \u015bwi\u0119ta z udzia\u0142em Ks. Biskupa Romualda Kami\u0144skiego w kolejn\u0105 rocznic\u0119 Bitwy Warszawskiej. Wi\u0119cej informacji na plakacie w gablocie.<br \/>\n8.\tW sobot\u0119, 17 sierpnia, przypada dzie\u0144 imienin Ksi\u0119dza Biskupa Jacka Grzybowskiego, biskupa pomocniczego naszej diecezji. Pami\u0119tajmy w modlitwie o solenizancie i polecajmy opiece Matki Bo\u017cej Zwyci\u0119skiej oraz patrona, \u015bw. Jacka.<br \/>\n9.\tW przysz\u0142\u0105 niedziel\u0119 i w niedziel\u0119 25 sierpnia zapraszamy dzieci do skorzystania z dmucha\u0144c\u00f3w. W godz. 15.00-17.00 obok Warsztatu Terapii Zaj\u0119ciowej b\u0119d\u0105 dwa dmucha\u0144ce, gdzie dzieci gratisowo przed pocz\u0105tkiem roku szkolnego b\u0119d\u0105 mog\u0142y wy\u0142adowa\u0107 swoj\u0105 energi\u0119 i w spokoju rozpocz\u0105\u0107 nowy rok szkolny.<br \/>\n10.\tW przysz\u0142\u0105 niedziel\u0119 o godz. 18.00 odb\u0119dzie si\u0119 spotkanie dla os\u00f3b, kt\u00f3re na prze\u0142omie wrze\u015bnia i pa\u017adziernika udaj\u0105 si\u0119 na pielgrzymk\u0119 do Gruzji i Armenii. Obecno\u015b\u0107 obowi\u0105zkowa.<\/p>\n","protected":false},"excerpt":{"rendered":"<p>1. W ubieg\u0142\u0105 niedziel\u0119 rozpocz\u0119li\u015bmy kolejn\u0105 edycj\u0119 akcji \u201eWe\u017a plecak \u2013 daj wyprawk\u0119\u201d z my\u015bl\u0105 o biedniejszych dzieciach z polskich rodzin z terenu Litwy i naszej okolicy. Kto pobra\u0142 plecak, proszony jest o dostarczenie go z zawarto\u015bci\u0105 do 15 sierpnia, by wyprawki mog\u0142y trafi\u0107 do odbiorc\u00f3w przed rozpocz\u0119ciem roku szkolnego. Na pode\u015bcie s\u0105 jeszcze 4 [&hellip;]<\/p>\n","protected":false},"author":1,"featured_media":30657,"comment_status":"closed","ping_status":"closed","sticky":false,"template":"","format":"standard","meta":{"footnotes":""},"categories":[2,14],"tags":[],"class_list":["post-25009","post","type-post","status-publish","format-standard","has-post-thumbnail","hentry","category-aktualnosci","category-ogloszenia-parafialne"],"_links":{"self":[{"href":"https:\/\/mbfatimska.ovh\/index.php\/wp-json\/wp\/v2\/posts\/25009","targetHints":{"allow":["GET"]}}],"collection":[{"href":"https:\/\/mbfatimska.ovh\/index.php\/wp-json\/wp\/v2\/posts"}],"about":[{"href":"https:\/\/mbfatimska.ovh\/index.php\/wp-json\/wp\/v2\/types\/post"}],"author":[{"embeddable":true,"href":"https:\/\/mbfatimska.ovh\/index.php\/wp-json\/wp\/v2\/users\/1"}],"replies":[{"embeddable":true,"href":"https:\/\/mbfatimska.ovh\/index.php\/wp-json\/wp\/v2\/comments?post=25009"}],"version-history":[{"count":0,"href":"https:\/\/mbfatimska.ovh\/index.php\/wp-json\/wp\/v2\/posts\/25009\/revisions"}],"wp:featuredmedia":[{"embeddable":true,"href":"https:\/\/mbfatimska.ovh\/index.php\/wp-json\/wp\/v2\/media\/30657"}],"wp:attachment":[{"href":"https:\/\/mbfatimska.ovh\/index.php\/wp-json\/wp\/v2\/media?parent=25009"}],"wp:term":[{"taxonomy":"category","embeddable":true,"href":"https:\/\/mbfatimska.ovh\/index.php\/wp-json\/wp\/v2\/categories?post=25009"},{"taxonomy":"post_tag","embeddable":true,"href":"https:\/\/mbfatimska.ovh\/index.php\/wp-json\/wp\/v2\/tags?post=25009"}],"curies":[{"name":"wp","href":"https:\/\/api.w.org\/{rel}","templated":true}]}}