{"id":25262,"date":"2024-08-09T13:16:19","date_gmt":"2024-08-09T11:16:19","guid":{"rendered":"https:\/\/www.mbfatimska.pl\/?p=25262"},"modified":"2026-02-03T14:03:56","modified_gmt":"2026-02-03T14:03:56","slug":"wez-plecak-daj-wyprawke","status":"publish","type":"post","link":"https:\/\/mbfatimska.ovh\/index.php\/2024\/08\/09\/wez-plecak-daj-wyprawke\/","title":{"rendered":"We\u017a plecak &#8211; daj wyprawk\u0119"},"content":{"rendered":"\t\t<div data-elementor-type=\"wp-post\" data-elementor-id=\"25262\" class=\"elementor elementor-25262\" data-elementor-post-type=\"post\">\n\t\t\t\t<div class=\"elementor-element elementor-element-bf9276a e-flex e-con-boxed e-con e-parent\" data-id=\"bf9276a\" data-element_type=\"container\" data-e-type=\"container\">\n\t\t\t\t\t<div class=\"e-con-inner\">\n\t\t\t\t<div class=\"elementor-element elementor-element-3ceb0ac elementor-widget elementor-widget-text-editor\" data-id=\"3ceb0ac\" data-element_type=\"widget\" data-e-type=\"widget\" data-widget_type=\"text-editor.default\">\n\t\t\t\t<div class=\"elementor-widget-container\">\n\t\t\t\t\t\t\t\t\t<p>Ju\u017c po raz XII ruszy\u0142a akcja \u201eWe\u017a plecak \u2013 daj wyprawk\u0119\u201d\u00a0skierowana do dzieci i m\u0142odzie\u017cy z biedniejszych rodzin. Od 2016 roku akcja jest r\u00f3wnie\u017c prowadzona na Litwie z my\u015bl\u0105 o dzieciach z polskich rodzin. W tym roku Legionowskie Stowarzyszenie AMICUS\u00a0zakupi\u0142o 150 plecak\u00f3w, kt\u00f3re wierni z naszej parafii wype\u0142niaj\u0105 przyborami szkolnymi i przynosz\u0105 do ko\u015bcio\u0142a do dnia 15 sierpnia by wyprawki jeszcze przed 1 wrze\u015bnia mog\u0142y trafi\u0107 do zainteresowanych.<br \/>Wsp\u00f3lna inicjatywa Parafii i Legionowskiego Stowarzyszenia AMICUS\u00a0zawsze z wielkim zainteresowaniem spotyka si\u0119 ze strony mieszka\u0144c\u00f3w Legionowa i innych miejscowo\u015bci co pokazuje ilo\u015b\u0107 pobranych plecak\u00f3w. Niekt\u00f3re plecaki s\u0105 zape\u0142nione przyborami szkolnymi przez Starostwo Powiatowe w Legionowie czy chocia\u017cby PEC Legionowo. Cieszy fakt, \u017ce potrafimy dzieli\u0107 si\u0119 z drugim, potrzebuj\u0105cym cz\u0142owiekiem, w tym przypadku dzieckiem.<\/p><p><a href=\"https:\/\/warszawa.tvp.pl\/79638167\/plecaki-wyrusza-na-litwe-27-sierpnia-fot-tvp3-warszawa\">https:\/\/warszawa.tvp.pl\/79638167\/plecaki-wyrusza-na-litwe-27-sierpnia-fot-tvp3-warszawa<\/a><\/p>\t\t\t\t\t\t\t\t<\/div>\n\t\t\t\t<\/div>\n\t\t\t\t\t<\/div>\n\t\t\t\t<\/div>\n\t\t<div class=\"elementor-element elementor-element-a7f452b e-flex e-con-boxed e-con e-parent\" data-id=\"a7f452b\" data-element_type=\"container\" data-e-type=\"container\">\n\t\t\t\t\t<div class=\"e-con-inner\">\n\t\t\t\t<div class=\"elementor-element elementor-element-d6e9086 elementor-widget elementor-widget-video\" data-id=\"d6e9086\" data-element_type=\"widget\" data-e-type=\"widget\" data-settings=\"{&quot;video_type&quot;:&quot;hosted&quot;,&quot;controls&quot;:&quot;yes&quot;}\" data-widget_type=\"video.default\">\n\t\t\t\t<div class=\"elementor-widget-container\">\n\t\t\t\t\t\t\t<div class=\"e-hosted-video elementor-wrapper elementor-open-inline\">\n\t\t\t\t\t<video class=\"elementor-video\" src=\"http:\/\/mbfatimska.ovh\/wp-content\/uploads\/2024\/08\/Film-Wyprawka-1.mp4\" controls=\"\" preload=\"metadata\" controlsList=\"nodownload\"><\/video>\n\t\t\t\t<\/div>\n\t\t\t\t\t\t<\/div>\n\t\t\t\t<\/div>\n\t\t\t\t\t<\/div>\n\t\t\t\t<\/div>\n\t\t<div class=\"elementor-element elementor-element-432c289 e-flex e-con-boxed e-con e-parent\" data-id=\"432c289\" data-element_type=\"container\" data-e-type=\"container\">\n\t\t\t\t\t<div class=\"e-con-inner\">\n\t\t\t\t<div class=\"elementor-element elementor-element-4d1f6df elementor-widget elementor-widget-image-gallery\" data-id=\"4d1f6df\" data-element_type=\"widget\" data-e-type=\"widget\" data-widget_type=\"image-gallery.default\">\n\t\t\t\t<div class=\"elementor-widget-container\">\n\t\t\t\t\t\t\t<div class=\"elementor-image-gallery\">\n\t\t\t<div id='gallery-1' class='gallery galleryid-25262 gallery-columns-4 gallery-size-thumbnail'><figure class='gallery-item'>\n\t\t\t<div class='gallery-icon portrait'>\n\t\t\t\t<a data-elementor-open-lightbox=\"yes\" data-elementor-lightbox-slideshow=\"4d1f6df\" data-elementor-lightbox-title=\"IMG-20240814-WA0004\" data-e-action-hash=\"#elementor-action%3Aaction%3Dlightbox%26settings%3DeyJpZCI6MzU3ODMsInVybCI6Imh0dHBzOlwvXC9tYmZhdGltc2thLm92aFwvd3AtY29udGVudFwvdXBsb2Fkc1wvMjAyNFwvMDhcL0lNRy0yMDI0MDgxNC1XQTAwMDQtMS5qcGciLCJzbGlkZXNob3ciOiI0ZDFmNmRmIn0%3D\" href='https:\/\/mbfatimska.ovh\/wp-content\/uploads\/2024\/08\/IMG-20240814-WA0004-1.jpg'><img width=\"150\" height=\"150\" src=\"https:\/\/mbfatimska.ovh\/wp-content\/uploads\/2024\/08\/IMG-20240814-WA0004-1-150x150.jpg\" class=\"attachment-thumbnail size-thumbnail\" alt=\"\" decoding=\"async\" \/><\/a>\n\t\t\t<\/div><\/figure><figure class='gallery-item'>\n\t\t\t<div class='gallery-icon portrait'>\n\t\t\t\t<a data-elementor-open-lightbox=\"yes\" data-elementor-lightbox-slideshow=\"4d1f6df\" data-elementor-lightbox-title=\"IMG-20240814-WA0006 (1)\" data-e-action-hash=\"#elementor-action%3Aaction%3Dlightbox%26settings%3DeyJpZCI6MzU3ODQsInVybCI6Imh0dHBzOlwvXC9tYmZhdGltc2thLm92aFwvd3AtY29udGVudFwvdXBsb2Fkc1wvMjAyNFwvMDhcL0lNRy0yMDI0MDgxNC1XQTAwMDYtMS0xLmpwZyIsInNsaWRlc2hvdyI6IjRkMWY2ZGYifQ%3D%3D\" href='https:\/\/mbfatimska.ovh\/wp-content\/uploads\/2024\/08\/IMG-20240814-WA0006-1-1.jpg'><img width=\"150\" height=\"150\" src=\"https:\/\/mbfatimska.ovh\/wp-content\/uploads\/2024\/08\/IMG-20240814-WA0006-1-1-150x150.jpg\" class=\"attachment-thumbnail size-thumbnail\" alt=\"\" decoding=\"async\" \/><\/a>\n\t\t\t<\/div><\/figure><figure class='gallery-item'>\n\t\t\t<div class='gallery-icon landscape'>\n\t\t\t\t<a data-elementor-open-lightbox=\"yes\" data-elementor-lightbox-slideshow=\"4d1f6df\" data-elementor-lightbox-title=\"IMG-20240814-WA0007\" data-e-action-hash=\"#elementor-action%3Aaction%3Dlightbox%26settings%3DeyJpZCI6MzU3ODUsInVybCI6Imh0dHBzOlwvXC9tYmZhdGltc2thLm92aFwvd3AtY29udGVudFwvdXBsb2Fkc1wvMjAyNFwvMDhcL0lNRy0yMDI0MDgxNC1XQTAwMDctMS5qcGciLCJzbGlkZXNob3ciOiI0ZDFmNmRmIn0%3D\" href='https:\/\/mbfatimska.ovh\/wp-content\/uploads\/2024\/08\/IMG-20240814-WA0007-1.jpg'><img width=\"150\" height=\"150\" src=\"https:\/\/mbfatimska.ovh\/wp-content\/uploads\/2024\/08\/IMG-20240814-WA0007-1-150x150.jpg\" class=\"attachment-thumbnail size-thumbnail\" alt=\"\" decoding=\"async\" \/><\/a>\n\t\t\t<\/div><\/figure><figure class='gallery-item'>\n\t\t\t<div class='gallery-icon landscape'>\n\t\t\t\t<a data-elementor-open-lightbox=\"yes\" data-elementor-lightbox-slideshow=\"4d1f6df\" data-elementor-lightbox-title=\"IMG-20240814-WA0008\" data-e-action-hash=\"#elementor-action%3Aaction%3Dlightbox%26settings%3DeyJpZCI6MzU3ODYsInVybCI6Imh0dHBzOlwvXC9tYmZhdGltc2thLm92aFwvd3AtY29udGVudFwvdXBsb2Fkc1wvMjAyNFwvMDhcL0lNRy0yMDI0MDgxNC1XQTAwMDgtMS5qcGciLCJzbGlkZXNob3ciOiI0ZDFmNmRmIn0%3D\" href='https:\/\/mbfatimska.ovh\/wp-content\/uploads\/2024\/08\/IMG-20240814-WA0008-1.jpg'><img loading=\"lazy\" width=\"150\" height=\"150\" src=\"https:\/\/mbfatimska.ovh\/wp-content\/uploads\/2024\/08\/IMG-20240814-WA0008-1-150x150.jpg\" class=\"attachment-thumbnail size-thumbnail\" alt=\"\" decoding=\"async\" \/><\/a>\n\t\t\t<\/div><\/figure><figure class='gallery-item'>\n\t\t\t<div class='gallery-icon portrait'>\n\t\t\t\t<a data-elementor-open-lightbox=\"yes\" data-elementor-lightbox-slideshow=\"4d1f6df\" data-elementor-lightbox-title=\"IMG-20240814-WA0009\" data-e-action-hash=\"#elementor-action%3Aaction%3Dlightbox%26settings%3DeyJpZCI6MzU3ODcsInVybCI6Imh0dHBzOlwvXC9tYmZhdGltc2thLm92aFwvd3AtY29udGVudFwvdXBsb2Fkc1wvMjAyNFwvMDhcL0lNRy0yMDI0MDgxNC1XQTAwMDktMS5qcGciLCJzbGlkZXNob3ciOiI0ZDFmNmRmIn0%3D\" href='https:\/\/mbfatimska.ovh\/wp-content\/uploads\/2024\/08\/IMG-20240814-WA0009-1.jpg'><img loading=\"lazy\" width=\"150\" height=\"150\" src=\"https:\/\/mbfatimska.ovh\/wp-content\/uploads\/2024\/08\/IMG-20240814-WA0009-1-150x150.jpg\" class=\"attachment-thumbnail size-thumbnail\" alt=\"\" decoding=\"async\" \/><\/a>\n\t\t\t<\/div><\/figure><figure class='gallery-item'>\n\t\t\t<div class='gallery-icon portrait'>\n\t\t\t\t<a data-elementor-open-lightbox=\"yes\" data-elementor-lightbox-slideshow=\"4d1f6df\" data-elementor-lightbox-title=\"IMG-20240814-WA0010\" data-e-action-hash=\"#elementor-action%3Aaction%3Dlightbox%26settings%3DeyJpZCI6MzU3ODgsInVybCI6Imh0dHBzOlwvXC9tYmZhdGltc2thLm92aFwvd3AtY29udGVudFwvdXBsb2Fkc1wvMjAyNFwvMDhcL0lNRy0yMDI0MDgxNC1XQTAwMTAtMS5qcGciLCJzbGlkZXNob3ciOiI0ZDFmNmRmIn0%3D\" href='https:\/\/mbfatimska.ovh\/wp-content\/uploads\/2024\/08\/IMG-20240814-WA0010-1.jpg'><img loading=\"lazy\" width=\"150\" height=\"150\" src=\"https:\/\/mbfatimska.ovh\/wp-content\/uploads\/2024\/08\/IMG-20240814-WA0010-1-150x150.jpg\" class=\"attachment-thumbnail size-thumbnail\" alt=\"\" decoding=\"async\" \/><\/a>\n\t\t\t<\/div><\/figure><figure class='gallery-item'>\n\t\t\t<div class='gallery-icon portrait'>\n\t\t\t\t<a data-elementor-open-lightbox=\"yes\" data-elementor-lightbox-slideshow=\"4d1f6df\" data-elementor-lightbox-title=\"IMG-20240814-WA0005\" data-e-action-hash=\"#elementor-action%3Aaction%3Dlightbox%26settings%3DeyJpZCI6MzU3ODksInVybCI6Imh0dHBzOlwvXC9tYmZhdGltc2thLm92aFwvd3AtY29udGVudFwvdXBsb2Fkc1wvMjAyNFwvMDhcL0lNRy0yMDI0MDgxNC1XQTAwMDUtMS5qcGciLCJzbGlkZXNob3ciOiI0ZDFmNmRmIn0%3D\" href='https:\/\/mbfatimska.ovh\/wp-content\/uploads\/2024\/08\/IMG-20240814-WA0005-1.jpg'><img loading=\"lazy\" width=\"150\" height=\"150\" src=\"https:\/\/mbfatimska.ovh\/wp-content\/uploads\/2024\/08\/IMG-20240814-WA0005-1-150x150.jpg\" class=\"attachment-thumbnail size-thumbnail\" alt=\"\" decoding=\"async\" \/><\/a>\n\t\t\t<\/div><\/figure>\n\t\t<\/div>\n\t\t<\/div>\n\t\t\t\t\t\t<\/div>\n\t\t\t\t<\/div>\n\t\t\t\t\t<\/div>\n\t\t\t\t<\/div>\n\t\t\t\t<\/div>\n\t\t","protected":false},"excerpt":{"rendered":"<p>Ju\u017c po raz XII ruszy\u0142a akcja \u201eWe\u017a plecak \u2013 daj wyprawk\u0119\u201d\u00a0skierowana do dzieci i m\u0142odzie\u017cy z biedniejszych rodzin. Od 2016 roku akcja jest r\u00f3wnie\u017c prowadzona na Litwie z my\u015bl\u0105 o dzieciach z polskich rodzin. W tym roku Legionowskie Stowarzyszenie AMICUS\u00a0zakupi\u0142o 150 plecak\u00f3w, kt\u00f3re wierni z naszej parafii wype\u0142niaj\u0105 przyborami szkolnymi i przynosz\u0105 do ko\u015bcio\u0142a do [&hellip;]<\/p>\n","protected":false},"author":1,"featured_media":35780,"comment_status":"closed","ping_status":"closed","sticky":false,"template":"","format":"standard","meta":{"footnotes":""},"categories":[2,6,15],"tags":[],"class_list":["post-25262","post","type-post","status-publish","format-standard","has-post-thumbnail","hentry","category-aktualnosci","category-galerie","category-parafia"],"_links":{"self":[{"href":"https:\/\/mbfatimska.ovh\/index.php\/wp-json\/wp\/v2\/posts\/25262","targetHints":{"allow":["GET"]}}],"collection":[{"href":"https:\/\/mbfatimska.ovh\/index.php\/wp-json\/wp\/v2\/posts"}],"about":[{"href":"https:\/\/mbfatimska.ovh\/index.php\/wp-json\/wp\/v2\/types\/post"}],"author":[{"embeddable":true,"href":"https:\/\/mbfatimska.ovh\/index.php\/wp-json\/wp\/v2\/users\/1"}],"replies":[{"embeddable":true,"href":"https:\/\/mbfatimska.ovh\/index.php\/wp-json\/wp\/v2\/comments?post=25262"}],"version-history":[{"count":4,"href":"https:\/\/mbfatimska.ovh\/index.php\/wp-json\/wp\/v2\/posts\/25262\/revisions"}],"predecessor-version":[{"id":35792,"href":"https:\/\/mbfatimska.ovh\/index.php\/wp-json\/wp\/v2\/posts\/25262\/revisions\/35792"}],"wp:featuredmedia":[{"embeddable":true,"href":"https:\/\/mbfatimska.ovh\/index.php\/wp-json\/wp\/v2\/media\/35780"}],"wp:attachment":[{"href":"https:\/\/mbfatimska.ovh\/index.php\/wp-json\/wp\/v2\/media?parent=25262"}],"wp:term":[{"taxonomy":"category","embeddable":true,"href":"https:\/\/mbfatimska.ovh\/index.php\/wp-json\/wp\/v2\/categories?post=25262"},{"taxonomy":"post_tag","embeddable":true,"href":"https:\/\/mbfatimska.ovh\/index.php\/wp-json\/wp\/v2\/tags?post=25262"}],"curies":[{"name":"wp","href":"https:\/\/api.w.org\/{rel}","templated":true}]}}