{"id":25293,"date":"2024-08-18T07:28:38","date_gmt":"2024-08-18T05:28:38","guid":{"rendered":"https:\/\/www.mbfatimska.pl\/?p=25293"},"modified":"2024-08-18T07:28:38","modified_gmt":"2024-08-18T05:28:38","slug":"xx-niedziela-zwykla-3","status":"publish","type":"post","link":"https:\/\/mbfatimska.ovh\/index.php\/2024\/08\/18\/xx-niedziela-zwykla-3\/","title":{"rendered":"XX niedziela zwyk\u0142a"},"content":{"rendered":"<p>1.\tW dniu dzisiejszym o godz. 18.00 odb\u0119dzie si\u0119 spotkanie dla os\u00f3b, kt\u00f3re na prze\u0142omie wrze\u015bnia i pa\u017adziernika udaj\u0105 si\u0119 na pielgrzymk\u0119 do Gruzji i Armenii. Spotkanie odb\u0119dzie si\u0119 w salce pod zakrysti\u0105. Obecno\u015b\u0107 obowi\u0105zkowa.<br \/>\n2.\tR\u00f3wnie\u017c dzisiaj i w przysz\u0142\u0105 niedziel\u0119 zapraszamy dzieci do skorzystania z darmowych dmucha\u0144c\u00f3w w godz. 15.00-17.00. Dmucha\u0144ce b\u0119d\u0105 ustawione przy Warsztacie Terapii Zaj\u0119ciowej \u015bw. Rity.<br \/>\n3.\tJutro, z racji 19 dnia miesi\u0105ca, zapraszamy na nabo\u017ce\u0144stwo do \u015bw. J\u00f3zefa, patrona ma\u0142\u017ce\u0144stw i rodzin. Nasze modlitwy rozpoczniemy Msz\u0105 \u015bwi\u0119t\u0105 o godz. 19.00.<br \/>\n4.\tOsoby, kt\u00f3re pobra\u0142y plecaki z my\u015bl\u0105 o zrobieniu wyprawki szkolnej dla biedniejszych dzieci z polskich rodzin zamieszka\u0142ych na terenie Litwy, proszone s\u0105 o jak najszybsze dostarczenie ich do ko\u015bcio\u0142a, by plecaki z przyborami szkolnymi mog\u0142y przed rozpocz\u0119ciem roku szkolnego dotrze\u0107 do adresat\u00f3w.<br \/>\n5.\t29 sierpnia grupa parafian jedzie do Teatru Kamienica na sztuk\u0119: \u201eTe\u015bciowe wiecznie \u017cywe\u201d. Wyjazd o godz. 18.00 z parkingu na ul. D\u0142ugiej od ul. Zegrzy\u0144skiej. Osoby, kt\u00f3re jeszcze nie op\u0142aci\u0142y wyjazdu, proszone s\u0105 o niezw\u0142oczne do czwartku op\u0142acenie, w przeciwnym razie zostan\u0105 skre\u015blone z listy i pojad\u0105 inne osoby, by nie zmarnowa\u0142y si\u0119 bilety.<br \/>\n6.\tW \u015brod\u0119 na naszym terenie parafialnym w godz. 10.00-13.00 odb\u0119dzie si\u0119 II Legionowskie Spotkanie Integracyjne Senior\u00f3w. B\u0119d\u0105 osoby zrzeszone w Klubach Seniora, Domach Dziennego Pobytu, ale r\u00f3wnie\u017c zapraszamy osoby indywidualne. B\u0119d\u0105 konkursy, kawa, herbata, s\u0142odko\u015bci, grill.<br \/>\n7.\tW czwartek, 22 sierpnia, zapraszamy na kolejne nabo\u017ce\u0144stwo do \u015bw. Rity. O godz. 19.00 zostanie odprawiona okoliczno\u015bciowa Msza \u015bwi\u0119ta podczas kt\u00f3rej po\u015bwi\u0119cimy r\u00f3\u017ce, a po Eucharystii modlitwy do patronki spraw trudnych i beznadziejnych, w tym miesi\u0105cu po\u0142\u0105czone z Aktem po\u015bwi\u0119cenia  \u015bwiata Niepokalanemu Sercu Maryi, proklamowanym trzykrotnie przez \u015bw. Jana Paw\u0142a II.<br \/>\n8.\tW najbli\u017cszy czwartek nie b\u0119dzie konsultacji logopedy. Zapraszamy w przysz\u0142y czwartek, w godz. 18.00-19.00. Porady s\u0105 ca\u0142kowicie darmowe.<br \/>\n9.\tW sobot\u0119 24 sierpnia w godz. 10.00-14.00, zapraszamy do budynku Klubu Seniora na spotkanie podsumowuj\u0105ce warsztaty kulinarne. B\u0119d\u0105 upominki dla najwytrwalszych uczestnik\u00f3w, deser niespodzianka i mn\u00f3stwo rado\u015bci.<br \/>\n10.\tW przysz\u0142\u0105 niedziel\u0119, podczas ka\u017cdej Mszy \u015bwi\u0119tej, b\u0119dziemy dzi\u0119kowa\u0107 ksi\u0119dzu Markowi za jego 3 letni\u0105 pos\u0142ug\u0119 w naszej parafii. 25 sierpnia to ostatni dzie\u0144 pracy duszpasterskiej w naszej wsp\u00f3lnocie. Zach\u0119camy wszystkie grupy parafialne i osoby indywidualne o wyra\u017cenie swojej wdzi\u0119czno\u015bci ksi\u0119dzu Markowi i ofiarowanie mu bezcennego daru modlitwy.<br \/>\n11.\tDzi\u0119kujemy za pe\u0142ne po\u015bwi\u0119cenia prace porz\u0105dkowe w minionym tygodniu. Pracy by\u0142o du\u017co bo porz\u0105dkowali\u015bmy teren na nabo\u017ce\u0144stwo fatimskie i na niedziel\u0119. Dzi\u0119kujemy r\u00f3wnie\u017c za monta\u017c wiat, kt\u00f3re b\u0119d\u0105 s\u0142u\u017cy\u0142y r\u00f3wnie\u017c do organizacji piknik\u00f3w plenerowych. Dzi\u0119kujemy tym wszystkim, kt\u00f3rzy w\u0142o\u017cyli sw\u0105 ci\u0119\u017ck\u0105 prac\u0119 w utrzymanie estetyki naszego terenu.<\/p>\n","protected":false},"excerpt":{"rendered":"<p>1. W dniu dzisiejszym o godz. 18.00 odb\u0119dzie si\u0119 spotkanie dla os\u00f3b, kt\u00f3re na prze\u0142omie wrze\u015bnia i pa\u017adziernika udaj\u0105 si\u0119 na pielgrzymk\u0119 do Gruzji i Armenii. Spotkanie odb\u0119dzie si\u0119 w salce pod zakrysti\u0105. Obecno\u015b\u0107 obowi\u0105zkowa. 2. R\u00f3wnie\u017c dzisiaj i w przysz\u0142\u0105 niedziel\u0119 zapraszamy dzieci do skorzystania z darmowych dmucha\u0144c\u00f3w w godz. 15.00-17.00. Dmucha\u0144ce b\u0119d\u0105 ustawione [&hellip;]<\/p>\n","protected":false},"author":1,"featured_media":30657,"comment_status":"closed","ping_status":"closed","sticky":false,"template":"","format":"standard","meta":{"footnotes":""},"categories":[2,14],"tags":[],"class_list":["post-25293","post","type-post","status-publish","format-standard","has-post-thumbnail","hentry","category-aktualnosci","category-ogloszenia-parafialne"],"_links":{"self":[{"href":"https:\/\/mbfatimska.ovh\/index.php\/wp-json\/wp\/v2\/posts\/25293","targetHints":{"allow":["GET"]}}],"collection":[{"href":"https:\/\/mbfatimska.ovh\/index.php\/wp-json\/wp\/v2\/posts"}],"about":[{"href":"https:\/\/mbfatimska.ovh\/index.php\/wp-json\/wp\/v2\/types\/post"}],"author":[{"embeddable":true,"href":"https:\/\/mbfatimska.ovh\/index.php\/wp-json\/wp\/v2\/users\/1"}],"replies":[{"embeddable":true,"href":"https:\/\/mbfatimska.ovh\/index.php\/wp-json\/wp\/v2\/comments?post=25293"}],"version-history":[{"count":0,"href":"https:\/\/mbfatimska.ovh\/index.php\/wp-json\/wp\/v2\/posts\/25293\/revisions"}],"wp:featuredmedia":[{"embeddable":true,"href":"https:\/\/mbfatimska.ovh\/index.php\/wp-json\/wp\/v2\/media\/30657"}],"wp:attachment":[{"href":"https:\/\/mbfatimska.ovh\/index.php\/wp-json\/wp\/v2\/media?parent=25293"}],"wp:term":[{"taxonomy":"category","embeddable":true,"href":"https:\/\/mbfatimska.ovh\/index.php\/wp-json\/wp\/v2\/categories?post=25293"},{"taxonomy":"post_tag","embeddable":true,"href":"https:\/\/mbfatimska.ovh\/index.php\/wp-json\/wp\/v2\/tags?post=25293"}],"curies":[{"name":"wp","href":"https:\/\/api.w.org\/{rel}","templated":true}]}}