{"id":25325,"date":"2024-08-25T07:12:24","date_gmt":"2024-08-25T05:12:24","guid":{"rendered":"https:\/\/www.mbfatimska.pl\/?p=25325"},"modified":"2024-08-25T07:12:24","modified_gmt":"2024-08-25T05:12:24","slug":"xxi-niedziela-zwykla-3","status":"publish","type":"post","link":"https:\/\/mbfatimska.ovh\/index.php\/2024\/08\/25\/xxi-niedziela-zwykla-3\/","title":{"rendered":"XXI niedziela zwyk\u0142a"},"content":{"rendered":"<p>1.\tDzisiejsza niedziela jest ostatni\u0105 niedziel\u0105 pos\u0142ugi ks. Marka w naszej parafii. Na wszystkich Mszach \u015bwi\u0119tych b\u0119dziemy dzi\u0119kowa\u0107 ks. Markowi za jego 3 letni\u0105 pos\u0142ug\u0119 w naszej wsp\u00f3lnocie parafialnej i \u017cyczy\u0107 Bo\u017cej mocy, opieki Matki Bo\u017cej Fatimskiej na trud pos\u0142ugi w parafii Nawr\u00f3cenia \u015bw. Paw\u0142a Aposto\u0142a w Warszawie.<br \/>\n2.\tR\u00f3wnie\u017c dzisiaj w godz. 15.00-17.00 zapraszamy dzieci do skorzystania z gratisowych dmucha\u0144c\u00f3w. Zabawki b\u0119d\u0105 ustawione obok Warsztatu Terapii Zaj\u0119ciowej \u015bw. Rity. To jedyna okazja \u201ewyszalenia si\u0119\u201d przed rozpocz\u0119ciem nowego roku szkolnego.<br \/>\n3.\tJutro w Ko\u015bciele obchodzimy \u015bwi\u0119to Matki Bo\u017cej Cz\u0119stochowskiej. Zapraszamy na Msze \u015bwi\u0119te o godz. 09.00, 18.00 i 19.00. Kancelaria tego dnia b\u0119dzie czynna w godz. 19.45-20.30.<br \/>\n4.\tWe wtorek rusza transport plecak\u00f3w z wyprawkami szkolnymi na Litw\u0119 do polskich dzieci z biedniejszych rodzin. W sumie zawieziemy do naszych rodak\u00f3w 140 kompletnych wyprawek szkolnych.<br \/>\n5.\tPrzypominamy osobom, kt\u00f3re jad\u0105 do teatru Kamienica na sztuk\u0119 w czwartek, \u017ce wyjazd jest o godz. 18.00 z parkingu na ul. D\u0142ugiej od strony ul. Zegrzy\u0144skiej.<br \/>\n6.\tW \u015brod\u0119 28.08 zapraszamy na kolejne nabo\u017ce\u0144stwo do b\u0142. kardyna\u0142a Stefana Wyszy\u0144skiego, patrona naszego miasta, po\u0142\u0105czone z nowenn\u0105 do Matki Bo\u017cej Nieustaj\u0105cej Pomocy.<br \/>\n7.\tW pi\u0105tek, o godz. 19.00, zostanie odprawiona Msza \u015bwi\u0119ta wypominkowa za naszych bliskich zmar\u0142ych poleconych w wypominkach.<br \/>\n8.\tWsp\u00f3lnota Dzieci Maryi zaprasza na dzie\u0144 skupienia wsp\u00f3lnot Odnowy w Duchu \u015awi\u0119tym dekanatu legionowskiego, kt\u00f3ry odb\u0119dzie si\u0119 w sobot\u0119 31.08 w parafii \u015bw. Jana Kantego, w godz. 10.00-14.00. W programie: Eucharystia, adoracja, uwielbienie, konferencja i agapa.<br \/>\n9.\tZa tydzie\u0144 I niedziela miesi\u0105ca wrze\u015bnia. Po Mszy \u015bwi\u0119tej o godz. 12.30 wystawienie Naj\u015bwi\u0119tszego Sakramentu, procesja eucharystyczna i mo\u017cliwo\u015b\u0107 adoracji do godz. 18.45.<br \/>\n10.\tDzieci i m\u0142odzie\u017c ju\u017c za tydzie\u0144 b\u0119d\u0105 szykowa\u0107 si\u0119 do szko\u0142y. Zach\u0119camy do skorzystania na nowy rok szkolny z sakramentu pokuty. Mo\u017cna to uczyni\u0107 w tym tygodniu i w przysz\u0142\u0105 niedziel\u0119. Spowiadamy ka\u017cdego dnia 15 minut przed rozpocz\u0119ciem Eucharystii. Dobr\u0105 okazj\u0105 do spowiedzi b\u0119dzie r\u00f3wnie\u017c I pi\u0105tek miesi\u0105ca czyli 06 wrze\u015bnia w godz. 17.30-19.30.<\/p>\n","protected":false},"excerpt":{"rendered":"<p>1. Dzisiejsza niedziela jest ostatni\u0105 niedziel\u0105 pos\u0142ugi ks. Marka w naszej parafii. Na wszystkich Mszach \u015bwi\u0119tych b\u0119dziemy dzi\u0119kowa\u0107 ks. Markowi za jego 3 letni\u0105 pos\u0142ug\u0119 w naszej wsp\u00f3lnocie parafialnej i \u017cyczy\u0107 Bo\u017cej mocy, opieki Matki Bo\u017cej Fatimskiej na trud pos\u0142ugi w parafii Nawr\u00f3cenia \u015bw. Paw\u0142a Aposto\u0142a w Warszawie. 2. R\u00f3wnie\u017c dzisiaj w godz. 15.00-17.00 zapraszamy [&hellip;]<\/p>\n","protected":false},"author":1,"featured_media":30657,"comment_status":"closed","ping_status":"closed","sticky":false,"template":"","format":"standard","meta":{"footnotes":""},"categories":[2,14],"tags":[],"class_list":["post-25325","post","type-post","status-publish","format-standard","has-post-thumbnail","hentry","category-aktualnosci","category-ogloszenia-parafialne"],"_links":{"self":[{"href":"https:\/\/mbfatimska.ovh\/index.php\/wp-json\/wp\/v2\/posts\/25325","targetHints":{"allow":["GET"]}}],"collection":[{"href":"https:\/\/mbfatimska.ovh\/index.php\/wp-json\/wp\/v2\/posts"}],"about":[{"href":"https:\/\/mbfatimska.ovh\/index.php\/wp-json\/wp\/v2\/types\/post"}],"author":[{"embeddable":true,"href":"https:\/\/mbfatimska.ovh\/index.php\/wp-json\/wp\/v2\/users\/1"}],"replies":[{"embeddable":true,"href":"https:\/\/mbfatimska.ovh\/index.php\/wp-json\/wp\/v2\/comments?post=25325"}],"version-history":[{"count":0,"href":"https:\/\/mbfatimska.ovh\/index.php\/wp-json\/wp\/v2\/posts\/25325\/revisions"}],"wp:featuredmedia":[{"embeddable":true,"href":"https:\/\/mbfatimska.ovh\/index.php\/wp-json\/wp\/v2\/media\/30657"}],"wp:attachment":[{"href":"https:\/\/mbfatimska.ovh\/index.php\/wp-json\/wp\/v2\/media?parent=25325"}],"wp:term":[{"taxonomy":"category","embeddable":true,"href":"https:\/\/mbfatimska.ovh\/index.php\/wp-json\/wp\/v2\/categories?post=25325"},{"taxonomy":"post_tag","embeddable":true,"href":"https:\/\/mbfatimska.ovh\/index.php\/wp-json\/wp\/v2\/tags?post=25325"}],"curies":[{"name":"wp","href":"https:\/\/api.w.org\/{rel}","templated":true}]}}