{"id":25444,"date":"2024-08-31T20:03:13","date_gmt":"2024-08-31T18:03:13","guid":{"rendered":"https:\/\/www.mbfatimska.pl\/?p=25444"},"modified":"2024-08-31T20:03:13","modified_gmt":"2024-08-31T18:03:13","slug":"25444-2","status":"publish","type":"post","link":"https:\/\/mbfatimska.ovh\/index.php\/2024\/08\/31\/25444-2\/","title":{"rendered":"XXII Niedziela Zwyk\u0142a"},"content":{"rendered":"<p>1.Witamy w naszej parafii nowego ksi\u0119dza wikariusza, ksi\u0119dza Miko\u0142aja Lipskiego, kt\u00f3ry zosta\u0142 do nas pos\u0142any przez ksi\u0119dza biskupa Romualda Kami\u0144skiego. Ksi\u0105dz Miko\u0142aj jest neoprezbiterem, a wi\u0119c jest to jego pierwsza parafia. Otoczmy go modlitw\u0105 na pocz\u0105tku jego kap\u0142a\u0144skiej pos\u0142ugi.<\/p>\n<p>2.Dzisiaj I niedziela miesi\u0105ca. Po Mszy \u015bwi\u0119tej o godz. 12.30 wystawienie Naj\u015bwi\u0119tszego Sakramentu, procesja eucharystyczna i mo\u017cliwo\u015b\u0107 adoracji do godz. 18.45.<\/p>\n<p>3.Dzisiaj jest te\u017c 1 wrze\u015bnia. Wspominamy 85 rocznic\u0119 wybuchu II Wojny \u015awiatowej. Pami\u0119tajmy o wszystkich ofiarach tamtych lat i m\u00f3dlmy si\u0119, aby tragedia wojny nigdy si\u0119 nie powt\u00f3rzy\u0142a. R\u00f3wnie\u017c dzisiaj, w Muzeum Historycznym na Piaskach mo\u017cna o godzinie 15.30 skorzysta\u0107 z oprowadzania przez dr Artura Bojerskiego po wystawie pt. <em>Polska by\u0142a w ich serach. 80 rocznica wybuchu powstania 1944 w Legionowie<\/em>. Wst\u0119p wolny.<\/p>\n<p>4.Jutro rozpoczyna si\u0119 nowy rok szkolny dla dzieci i m\u0142odzie\u017cy. Ju\u017c dzisiaj modlimy si\u0119 o Bo\u017ce b\u0142ogos\u0142awie\u0144stwo na nowy rok nauki. Zach\u0119camy dzieci do spowiedzi po wakacjach. Dobrym czasem b\u0119dzie I pi\u0105tek miesi\u0105ca, 6 wrze\u015bnia. B\u0119dziemy spowiadali od 17:30 do 19:30.<\/p>\n<p>5.W tym tygodniu przypada:<\/p>\n<p>I czwartek miesi\u0105ca \u2013 po Mszy \u015bwi\u0119tej o godz. 19.00 wystawienie Naj\u015bwi\u0119tszego Sakramentu, koronka do Bo\u017cego Mi\u0142osierdzia i mo\u017cliwo\u015b\u0107 adoracji do godz. 22.00<\/p>\n<p>I pi\u0105tek miesi\u0105ca \u2013 spowied\u017a od godz. 17.30 do 19.30<\/p>\n<p>I sobota miesi\u0105ca \u2013 nabo\u017ce\u0144stwo wynagradzaj\u0105ce Niepokalanemu Sercu Naj\u015bwi\u0119tszej Maryi Panny po Mszy \u015bwi\u0119tej o godz. 19.00 oraz wystawienie Naj\u015bwi\u0119tszego Sakramentu do godziny 21.00.<\/p>\n<p>6.W I pi\u0105tek o godzinie 20.00 w kawiarence, konferencja dla rodzic\u00f3w dzieci, kt\u00f3re b\u0119d\u0105 przyst\u0119powa\u0107 do sakramentu chrztu \u015bwi\u0119tego w naszej parafii b\u0105d\u017a b\u0119dzie brana zgoda do innej parafii oraz dla kandydat\u00f3w na rodzic\u00f3w chrzestnych.<\/p>\n<p>7.W sobot\u0119, w budynku Klubu Seniora, nasza nowa edycja warsztat\u00f3w kulinarno-cukierniczych. Zaczynamy o godzinie 10.00. B\u0119dzie nam mi\u0142o zobaczy\u0107 ca\u0142e rodziny. Wierzymy, \u017ce ten czas sprawi nam wiele rado\u015bci i pozwoli zg\u0142\u0119bi\u0107 tajniki cukiernictwa.<\/p>\n<p>8.W poniedzia\u0142ek w godzinach 18-20, w budynku Centrum Wsparcia Fizycznego, b\u0119dzie nieodp\u0142atnie przyjmowa\u0142 psycholog.<\/p>\n<p>9.Kto jeszcze nie op\u0142aci\u0142 pielgrzymki na Jasn\u0105 G\u00f3r\u0119, 14 wrze\u015bnia, proszony jest o uregulowanie odp\u0142atno\u015bci do przysz\u0142ej niedzieli. W przeciwnym razie zostanie skre\u015blony z listy wyje\u017cd\u017caj\u0105cych.<\/p>\n<p>10.Zesp\u00f3\u0142 kabaretowo-teatralny, Moderato, zaprasza na Morskie Opowie\u015bci 6 wrze\u015bnia o godzinie 18.00 i 7 wrze\u015bnia o godzinie 17.00 do Sali widowiskowej w Gminnym Centrum Kultury w Jab\u0142onnie. Wi\u0119cej informacji na plakacie w gablocie.<\/p>\n<p>11.W przysz\u0142\u0105 niedziel\u0119, po wszystkich Mszach \u015bwi\u0119tych, podopieczni i instruktorzy, Warsztatu Terapii Zaj\u0119ciowej \u015bw. Rity, b\u0119d\u0105 zbiera\u0107 ofiary na leczenie Irka, jednego z uczestnik\u00f3w, kt\u00f3ry od urodzenia choruje na pora\u017cenie m\u00f3zgowe ko\u0144czyn g\u00f3rnych i dolnych. Wymaga specjalistycznej rehabilitacji, kt\u00f3ra poch\u0142ania spore nak\u0142ady finansowe. Prosimy o wsparcie Irka w jego walce o zdrowie.<\/p>\n<p>12.Wraz z rozpocz\u0119ciem nowego roku szkolnego, ruszaj\u0105 przygotowania dzieci i m\u0142odzie\u017cy do sakrament\u00f3w \u015bwi\u0119tych. W przysz\u0142\u0105 niedziel\u0119, o godzinie 17.00, odb\u0119dzie si\u0119 spotkanie dla rodzic\u00f3w dzieci, kt\u00f3re w naszej parafii, pragn\u0105 przyst\u0105pi\u0107 do I Komunii \u015bwi\u0119tej (uroczysto\u015b\u0107 I Komunii \u015bwi\u0119tej 24 maja 2025 w sobot\u0119). O godzinie 17.30 spotkanie dla rodzic\u00f3w m\u0142odzie\u017cy przed sakramentem bierzmowania. Zapraszamy m\u0142odzie\u017c klas VIII i starszych. Spotkania odb\u0119d\u0105 si\u0119 w ko\u015bciele.<\/p>\n<p>13.Za tydzie\u0144, w niedziel\u0119, o godzinie 16.30, zapraszamy na spotkanie rodzic\u00f3w ministrant\u00f3w, scholi i bielanek. Spotkanie b\u0119dzie mia\u0142o miejsce w salce pod zakrysti\u0105.<\/p>\n<p>14.Dzi\u0119kujemy serdecznie za prace porz\u0105dkowe. Jak zwykle pracy by\u0142o wiele. Tym mocniej i gor\u0119cej dzi\u0119kujemy tym, kt\u00f3rzy czuj\u0105 potrzeb\u0119 troski o estetyk\u0119 naszego terenu ko\u015bcielnego.<\/p>\n","protected":false},"excerpt":{"rendered":"<p>1.Witamy w naszej parafii nowego ksi\u0119dza wikariusza, ksi\u0119dza Miko\u0142aja Lipskiego, kt\u00f3ry zosta\u0142 do nas pos\u0142any przez ksi\u0119dza biskupa Romualda Kami\u0144skiego. Ksi\u0105dz Miko\u0142aj jest neoprezbiterem, a wi\u0119c jest to jego pierwsza parafia. Otoczmy go modlitw\u0105 na pocz\u0105tku jego kap\u0142a\u0144skiej pos\u0142ugi. 2.Dzisiaj I niedziela miesi\u0105ca. Po Mszy \u015bwi\u0119tej o godz. 12.30 wystawienie Naj\u015bwi\u0119tszego Sakramentu, procesja eucharystyczna i [&hellip;]<\/p>\n","protected":false},"author":1,"featured_media":30657,"comment_status":"closed","ping_status":"closed","sticky":false,"template":"","format":"standard","meta":{"footnotes":""},"categories":[2,14],"tags":[],"class_list":["post-25444","post","type-post","status-publish","format-standard","has-post-thumbnail","hentry","category-aktualnosci","category-ogloszenia-parafialne"],"_links":{"self":[{"href":"https:\/\/mbfatimska.ovh\/index.php\/wp-json\/wp\/v2\/posts\/25444","targetHints":{"allow":["GET"]}}],"collection":[{"href":"https:\/\/mbfatimska.ovh\/index.php\/wp-json\/wp\/v2\/posts"}],"about":[{"href":"https:\/\/mbfatimska.ovh\/index.php\/wp-json\/wp\/v2\/types\/post"}],"author":[{"embeddable":true,"href":"https:\/\/mbfatimska.ovh\/index.php\/wp-json\/wp\/v2\/users\/1"}],"replies":[{"embeddable":true,"href":"https:\/\/mbfatimska.ovh\/index.php\/wp-json\/wp\/v2\/comments?post=25444"}],"version-history":[{"count":0,"href":"https:\/\/mbfatimska.ovh\/index.php\/wp-json\/wp\/v2\/posts\/25444\/revisions"}],"wp:featuredmedia":[{"embeddable":true,"href":"https:\/\/mbfatimska.ovh\/index.php\/wp-json\/wp\/v2\/media\/30657"}],"wp:attachment":[{"href":"https:\/\/mbfatimska.ovh\/index.php\/wp-json\/wp\/v2\/media?parent=25444"}],"wp:term":[{"taxonomy":"category","embeddable":true,"href":"https:\/\/mbfatimska.ovh\/index.php\/wp-json\/wp\/v2\/categories?post=25444"},{"taxonomy":"post_tag","embeddable":true,"href":"https:\/\/mbfatimska.ovh\/index.php\/wp-json\/wp\/v2\/tags?post=25444"}],"curies":[{"name":"wp","href":"https:\/\/api.w.org\/{rel}","templated":true}]}}