{"id":25453,"date":"2024-09-07T19:43:57","date_gmt":"2024-09-07T17:43:57","guid":{"rendered":"https:\/\/www.mbfatimska.pl\/?p=25453"},"modified":"2024-09-07T19:43:57","modified_gmt":"2024-09-07T17:43:57","slug":"xxiii-niedziela-zwykla-3","status":"publish","type":"post","link":"https:\/\/mbfatimska.ovh\/index.php\/2024\/09\/07\/xxiii-niedziela-zwykla-3\/","title":{"rendered":"XXIII Niedziela Zwyk\u0142a"},"content":{"rendered":"<p>1. W dniu dzisiejszym, tak jak zapowiadali\u015bmy tydzie\u0144 temu, przed ko\u015bcio\u0142em, instruktorzy i uczestnicy Warsztatu Terapii Zaj\u0119ciowej \u015bw. Rity, zbieraj\u0105 ofiary na rzecz Irka, podopiecznego Warsztatu, kt\u00f3ry od urodzenia choruje na pora\u017cenie m\u00f3zgowe \u2013 nie chodzi i nie mo\u017ce porusza\u0107 r\u0119kami. W maju przeszed\u0142 kolejn\u0105 operacj\u0119. Wymaga sta\u0142ej, specjalistycznej opieki i rehabilitacji. Zach\u0119cam by\u015bmy nie przeszli oboj\u0119tnie obok ludzkiej tragedii, a potrafili pom\u00f3c i da\u0107 nadziej\u0119 na lepsze \u017cycie.<\/p>\n<p>2. R\u00f3wnie\u017c dzisiaj odb\u0119d\u0105 si\u0119 nast\u0119puj\u0105ce spotkania:<\/p>\n<ul>\n<li>O 16.30 \u2013 dla rodzic\u00f3w ministrant\u00f3w, scholi i bielanek. Spotkanie odb\u0119dzie si\u0119 w salce pod zakrysti\u0105<\/li>\n<li>O 17.00 \u2013 dla rodzic\u00f3w dzieci, kt\u00f3re w naszej parafii pragn\u0105 przyst\u0105pi\u0107 do I Komunii \u015bwi\u0119tej<\/li>\n<li>O 17.30 \u2013 dla rodzic\u00f3w m\u0142odzie\u017cy, kt\u00f3ra w naszej parafii wyrazi wol\u0119 na przygotowanie si\u0119 do sakramentu bierzmowania i jego przyj\u0119cie<\/li>\n<\/ul>\n<p>Oba spotkania odb\u0119d\u0105 si\u0119 w ko\u015bciele.<\/p>\n<p>3. W tym tygodniu, we wtorek, porady prawne si\u0119 nie odb\u0119d\u0105. Zapraszamy w przysz\u0142ym tygodniu, we wtorek, w godzinach 19-21, do budynku Centrum Wsparcia Fizycznego.<\/p>\n<p>4. W pi\u0105tek, 13 wrze\u015bnia, zapraszamy na kolejne nabo\u017ce\u0144stwo fatimskie. O godzinie 19.00 zostanie odprawiona Msza \u015bwi\u0119ta z okoliczno\u015bciowym kazaniem i bezpo\u015brednio po niej, modli\u0107 si\u0119 b\u0119dziemy modlitw\u0105 r\u00f3\u017ca\u0144cow\u0105. Wcze\u015bniej, o 7.30, zostanie odprawiona Msza \u015bwi\u0119ta w intencji firm dzia\u0142aj\u0105cych na naszym legionowskim rynku. Od lat firmy te oddaj\u0105 si\u0119 w opiek\u0119 Matki Bo\u017cej Fatimskiej. Kto by si\u0119 chcia\u0142 dopisa\u0107 do listy by r\u00f3wnie\u017c modli\u0107 si\u0119 w intencji jego firmy i pracownik\u00f3w, zapraszamy do zakrystii.<\/p>\n<p>5. 14 wrze\u015bnia obchodzimy w Ko\u015bciele \u015bwi\u0119to Podwy\u017cszenia Krzy\u017ca \u015awi\u0119tego. Zapraszamy na Msze \u015bwi\u0119te o godzinie 18 i 19. Tego dnia grupa parafialna udaje si\u0119 na autokarow\u0105 pielgrzymk\u0119 do Cz\u0119stochowy na Jasn\u0105 G\u00f3r\u0119. Wyjazd o godzinie 6.00 z parkingu na ulicy D\u0142ugiej, od strony ulicy Zegrzy\u0144skiej. Powr\u00f3t oko\u0142o godziny 20.00.<\/p>\n<p>6. W przysz\u0142\u0105 niedziel\u0119, o godzinie 17.30, w ko\u015bciele, odb\u0119dzie si\u0119 spotkanie dla rodzic\u00f3w dzieci, kt\u00f3re w tym roku szkolnym, w naszej parafii, pragn\u0105 przyst\u0105pi\u0107 do Komunii \u015bwi\u0119tej Rocznicowej.<\/p>\n<p>7. W \u015brod\u0119, o godzinie 19.00, zostanie odprawiona Msza \u015bwi\u0119ta w intencji K\u00f3\u0142 \u017bywego R\u00f3\u017ca\u0144ca. Po Mszy \u015bwi\u0119tej, w kawiarence, odb\u0119dzie si\u0119 spotkanie formacyjne.<\/p>\n","protected":false},"excerpt":{"rendered":"<p>1. W dniu dzisiejszym, tak jak zapowiadali\u015bmy tydzie\u0144 temu, przed ko\u015bcio\u0142em, instruktorzy i uczestnicy Warsztatu Terapii Zaj\u0119ciowej \u015bw. Rity, zbieraj\u0105 ofiary na rzecz Irka, podopiecznego Warsztatu, kt\u00f3ry od urodzenia choruje na pora\u017cenie m\u00f3zgowe \u2013 nie chodzi i nie mo\u017ce porusza\u0107 r\u0119kami. W maju przeszed\u0142 kolejn\u0105 operacj\u0119. Wymaga sta\u0142ej, specjalistycznej opieki i rehabilitacji. Zach\u0119cam by\u015bmy nie [&hellip;]<\/p>\n","protected":false},"author":1,"featured_media":30657,"comment_status":"closed","ping_status":"closed","sticky":false,"template":"","format":"standard","meta":{"footnotes":""},"categories":[2,14],"tags":[],"class_list":["post-25453","post","type-post","status-publish","format-standard","has-post-thumbnail","hentry","category-aktualnosci","category-ogloszenia-parafialne"],"_links":{"self":[{"href":"https:\/\/mbfatimska.ovh\/index.php\/wp-json\/wp\/v2\/posts\/25453","targetHints":{"allow":["GET"]}}],"collection":[{"href":"https:\/\/mbfatimska.ovh\/index.php\/wp-json\/wp\/v2\/posts"}],"about":[{"href":"https:\/\/mbfatimska.ovh\/index.php\/wp-json\/wp\/v2\/types\/post"}],"author":[{"embeddable":true,"href":"https:\/\/mbfatimska.ovh\/index.php\/wp-json\/wp\/v2\/users\/1"}],"replies":[{"embeddable":true,"href":"https:\/\/mbfatimska.ovh\/index.php\/wp-json\/wp\/v2\/comments?post=25453"}],"version-history":[{"count":0,"href":"https:\/\/mbfatimska.ovh\/index.php\/wp-json\/wp\/v2\/posts\/25453\/revisions"}],"wp:featuredmedia":[{"embeddable":true,"href":"https:\/\/mbfatimska.ovh\/index.php\/wp-json\/wp\/v2\/media\/30657"}],"wp:attachment":[{"href":"https:\/\/mbfatimska.ovh\/index.php\/wp-json\/wp\/v2\/media?parent=25453"}],"wp:term":[{"taxonomy":"category","embeddable":true,"href":"https:\/\/mbfatimska.ovh\/index.php\/wp-json\/wp\/v2\/categories?post=25453"},{"taxonomy":"post_tag","embeddable":true,"href":"https:\/\/mbfatimska.ovh\/index.php\/wp-json\/wp\/v2\/tags?post=25453"}],"curies":[{"name":"wp","href":"https:\/\/api.w.org\/{rel}","templated":true}]}}