{"id":25457,"date":"2024-09-14T20:38:12","date_gmt":"2024-09-14T18:38:12","guid":{"rendered":"https:\/\/www.mbfatimska.pl\/?p=25457"},"modified":"2024-09-14T20:38:12","modified_gmt":"2024-09-14T18:38:12","slug":"xxiv-niedziela-zwykla-3","status":"publish","type":"post","link":"https:\/\/mbfatimska.ovh\/index.php\/2024\/09\/14\/xxiv-niedziela-zwykla-3\/","title":{"rendered":"XXIV Niedziela zwyk\u0142a"},"content":{"rendered":"<ol>\n<li>W dniu dzisiejszym, o godzinie 10.25, katecheza dla dzieci klas III SP w ramach przygotowania do I Komunii \u015bwi\u0119tej.<\/li>\n<li>R\u00f3wnie\u017c dzisiaj, o 17.30, spotkanie dla rodzic\u00f3w dzieci klas IV SP, kt\u00f3re w naszej parafii wyra\u017caj\u0105 ch\u0119\u0107 przyst\u0105pienia do rocznicy Komunii \u015bwi\u0119tej.<\/li>\n<li>We wtorek, w godzinach 19-21, mo\u017cemy skorzysta\u0107 z darmowych porad prawnych. Porady odbywaj\u0105 si\u0119 w budynku Centrum Wsparcia Fizycznego.<\/li>\n<li>W \u015brod\u0119, na naszym terenie parafialnym, na boisku, odb\u0119dzie si\u0119 IV Mazowiecka Spartakiada dla os\u00f3b z niepe\u0142nosprawno\u015bciami. Przyjedzie blisko 180 os\u00f3b niepe\u0142nosprawnych, kt\u00f3re wyst\u0105pi\u0105 w r\u00f3\u017cnych dyscyplinach sportowych. B\u0119d\u0105 biegi, mecz pi\u0142ki no\u017cnej, babington, ping-pong, przeci\u0105ganie liny i wiele innych dyscyplin. Spartakiada odb\u0119dzie si\u0119 w godzinach 10-14. Serdecznie zapraszamy chocia\u017cby do kibicowania sportowcom, kt\u00f3rzy przyjad\u0105 z ca\u0142ego Mazowsza. Organizatorem wydarzenia jest Legionowskie Stowarzyszenie Amicus.<\/li>\n<li>W czwartek, 19 wrze\u015bnia, zapraszamy na nabo\u017ce\u0144stwo do \u015bw. J\u00f3zefa, patrona rodzin i ma\u0142\u017ce\u0144stw. O godzinie 19.00 zostanie odprawiona Msza \u015bwi\u0119ta i bezpo\u015brednio po niej b\u0119dziemy modlili si\u0119 do \u015bw. J\u00f3zefa.<\/li>\n<li>21 wrze\u015bnia, tj. w sobot\u0119, w Seminarium Duchownym na Tarchominie w Warszawie, w godzinach 10-15, organizowany jest zlot s\u0142u\u017cby liturgicznej z naszej diecezji. Zach\u0119camy ministrant\u00f3w, lektor\u00f3w, bielanki i schol\u0119 do wzi\u0119cia udzia\u0142u w tym wydarzeniu. Jeszcze do jutra mo\u017cna dopisywa\u0107 si\u0119 do listy.<\/li>\n<li>W sobot\u0119, w godzinach 10-14, mo\u017cemy skorzysta\u0107 z darmowych warsztat\u00f3w kulinarno-ciastkarskich. Obok poznawania tajnik\u00f3w ciastkarskich b\u0119d\u0105 konkursy z nagrodami. Zapraszamy ca\u0142e rodziny do owocnego, wsp\u00f3lnego prze\u017cycia sobotniego czasu.<\/li>\n<li>22 wrze\u015bnia, w Sali Widowiskowej Ratusza, organizowane jest tzw. Kulturalne Bierzmowanie \u2013 wydarzenie skierowane jest do m\u0142odych ludzi, jak i ich rodzic\u00f3w. B\u0119d\u0105 \u015bwiadectwa, chrze\u015bcija\u0144skie zespo\u0142y muzyczne, wiele dobrej zabawy i modlitwy. B\u0119dzie r\u00f3wnie\u017c pocz\u0119stunek. W zakrystii s\u0105 specjalne wej\u015bci\u00f3wki. Zach\u0119camy do wzi\u0119cia udzia\u0142u w tym wydarzeniu.<\/li>\n<li>Wsp\u00f3lnota dla Intronizacji Serca Pana Jezusa zaprasza z soboty na niedziel\u0119 na ca\u0142odobow\u0105 adoracj\u0119 Naj\u015bwi\u0119tszego Sakramentu. Rozpoczniemy w sobot\u0119 Msz\u0105 \u015bwi\u0119t\u0105 o godzinie 19.00, zako\u0144czenie w niedziel\u0119, r\u00f3wnie\u017c Msz\u0105 \u015bwi\u0119t\u0105 o godzinie 19.00.<\/li>\n<li>W przysz\u0142\u0105 niedziel\u0119, o godzinie 18.00 , w salce pod zakrysti\u0105 odb\u0119dzie si\u0119 spotkanie dla os\u00f3b, kt\u00f3re 24 wrze\u015bnia udaj\u0105 si\u0119 na pielgrzymk\u0119 do Gruzji i Armenii. Obecno\u015b\u0107 obowi\u0105zkowa.<\/li>\n<li>Za tydzie\u0144 zapraszamy, tak jak ka\u017cdego 22 dnia miesi\u0105ca, na nabo\u017ce\u0144stwo do \u015bw. Rity, patronki spraw trudnych i beznadziejnych. Pocz\u0105tek o godzinie 18.30. W czasie nabo\u017ce\u0144stwa b\u0119d\u0105 \u015bwi\u0119cone r\u00f3\u017ce i omadlane intencje, kt\u00f3re z\u0142o\u017cymy przed o\u0142tarzem, przed rozpocz\u0119ciem spotkania ze \u015bw. Rit\u0105.<\/li>\n<li>21 wrze\u015bnia, tj. w sobot\u0119, w filii GOK w Stanis\u0142awowie II, w godzinach 15-18, odb\u0119dzie si\u0119 piknik rodzinny. W programie wyst\u0119p zespo\u0142u M\u0142odzie\u017c 50+, atrakcje dla dzieci, dmucha\u0144ce, wyst\u0119p Weroniki Ostaszewskiej, Laureatki Niepor\u0119ckiej Talentiady. Organizatorzy zapraszaj\u0105 ca\u0142e rodziny na to wydarzenie.<\/li>\n<li>W ubieg\u0142\u0105 niedziel\u0119, pod ko\u015bcio\u0142em, by\u0142y zbierane datki na rehabilitacj\u0119 dla Irka, podopiecznego Warsztatu Terapii Zaj\u0119ciowej \u015bw. Rity. Irek jest bardzo wdzi\u0119czny za ten dar serca, za otwarto\u015b\u0107 i hojno\u015b\u0107. W dalszym ci\u0105gu mo\u017cna wp\u0142aca\u0107 ofiary przez konto bankowe. Wi\u0119cej informacji na plakacie.<\/li>\n<\/ol>\n","protected":false},"excerpt":{"rendered":"<p>W dniu dzisiejszym, o godzinie 10.25, katecheza dla dzieci klas III SP w ramach przygotowania do I Komunii \u015bwi\u0119tej. R\u00f3wnie\u017c dzisiaj, o 17.30, spotkanie dla rodzic\u00f3w dzieci klas IV SP, kt\u00f3re w naszej parafii wyra\u017caj\u0105 ch\u0119\u0107 przyst\u0105pienia do rocznicy Komunii \u015bwi\u0119tej. We wtorek, w godzinach 19-21, mo\u017cemy skorzysta\u0107 z darmowych porad prawnych. Porady odbywaj\u0105 si\u0119 [&hellip;]<\/p>\n","protected":false},"author":1,"featured_media":30657,"comment_status":"closed","ping_status":"closed","sticky":false,"template":"","format":"standard","meta":{"footnotes":""},"categories":[2,14],"tags":[],"class_list":["post-25457","post","type-post","status-publish","format-standard","has-post-thumbnail","hentry","category-aktualnosci","category-ogloszenia-parafialne"],"_links":{"self":[{"href":"https:\/\/mbfatimska.ovh\/index.php\/wp-json\/wp\/v2\/posts\/25457","targetHints":{"allow":["GET"]}}],"collection":[{"href":"https:\/\/mbfatimska.ovh\/index.php\/wp-json\/wp\/v2\/posts"}],"about":[{"href":"https:\/\/mbfatimska.ovh\/index.php\/wp-json\/wp\/v2\/types\/post"}],"author":[{"embeddable":true,"href":"https:\/\/mbfatimska.ovh\/index.php\/wp-json\/wp\/v2\/users\/1"}],"replies":[{"embeddable":true,"href":"https:\/\/mbfatimska.ovh\/index.php\/wp-json\/wp\/v2\/comments?post=25457"}],"version-history":[{"count":0,"href":"https:\/\/mbfatimska.ovh\/index.php\/wp-json\/wp\/v2\/posts\/25457\/revisions"}],"wp:featuredmedia":[{"embeddable":true,"href":"https:\/\/mbfatimska.ovh\/index.php\/wp-json\/wp\/v2\/media\/30657"}],"wp:attachment":[{"href":"https:\/\/mbfatimska.ovh\/index.php\/wp-json\/wp\/v2\/media?parent=25457"}],"wp:term":[{"taxonomy":"category","embeddable":true,"href":"https:\/\/mbfatimska.ovh\/index.php\/wp-json\/wp\/v2\/categories?post=25457"},{"taxonomy":"post_tag","embeddable":true,"href":"https:\/\/mbfatimska.ovh\/index.php\/wp-json\/wp\/v2\/tags?post=25457"}],"curies":[{"name":"wp","href":"https:\/\/api.w.org\/{rel}","templated":true}]}}