{"id":25494,"date":"2024-09-16T09:56:20","date_gmt":"2024-09-16T07:56:20","guid":{"rendered":"https:\/\/www.mbfatimska.pl\/?p=25494"},"modified":"2026-03-05T12:19:45","modified_gmt":"2026-03-05T12:19:45","slug":"powolanie-rad-parafialnych","status":"publish","type":"post","link":"https:\/\/mbfatimska.ovh\/index.php\/2024\/09\/16\/powolanie-rad-parafialnych\/","title":{"rendered":"Powo\u0142anie Rad Parafialnych"},"content":{"rendered":"\t\t<div data-elementor-type=\"wp-post\" data-elementor-id=\"25494\" class=\"elementor elementor-25494\" data-elementor-post-type=\"post\">\n\t\t\t\t<div class=\"elementor-element elementor-element-fa1e27c e-flex e-con-boxed e-con e-parent\" data-id=\"fa1e27c\" data-element_type=\"container\" data-e-type=\"container\">\n\t\t\t\t\t<div class=\"e-con-inner\">\n\t\t\t\t<div class=\"elementor-element elementor-element-b5eb3a9 elementor-widget elementor-widget-text-editor\" data-id=\"b5eb3a9\" data-element_type=\"widget\" data-e-type=\"widget\" data-widget_type=\"text-editor.default\">\n\t\t\t\t<div class=\"elementor-widget-container\">\n\t\t\t\t\t\t\t\t\t<p>W niedziel\u0119 15 wrze\u015bnia ukonstytuowa\u0142a si\u0119 Parafialna Rada Duszpasterska naszej parafii.<\/p><p>W sk\u0142ad Rady wesz\u0142o 8 os\u00f3b:<\/p><p>1. Teresa Wieczorek<\/p><p>2. Anita Rodak<\/p><p>3. Paulina Po\u0142awska<\/p><p>4. Tomasz \u015al\u0119zak<\/p><p>5. Mateusz G\u0105ska<\/p><p>6. Jacek Zawada<\/p><p>7. El\u017cbieta Pi\u0119tak<\/p><p>8. Ksi\u0105dz Miko\u0142aj Lipski<\/p><p>Przewodnicz\u0105c\u0105 Rady zosta\u0142a Teresa Wieczorek. Na nast\u0119pnym spotkaniu zostanie wybrany zast\u0119pca przewodnicz\u0105cego i sekretarz. Wszyscy cz\u0142onkowie z\u0142o\u017cyli przysi\u0119g\u0119 i podpisali w\u0142a\u015bciwe dokumenty. <strong>Spotkanie odby\u0142o si\u0119 w kawiarence, kt\u00f3ra zosta\u0142a wyposa\u017cona w ramach dotacji NIW w programie PROO na lata 2018-2030.<\/strong><\/p>\t\t\t\t\t\t\t\t<\/div>\n\t\t\t\t<\/div>\n\t\t\t\t\t<\/div>\n\t\t\t\t<\/div>\n\t\t<div class=\"elementor-element elementor-element-bf2f61f e-flex e-con-boxed e-con e-parent\" data-id=\"bf2f61f\" data-element_type=\"container\" data-e-type=\"container\">\n\t\t\t\t\t<div class=\"e-con-inner\">\n\t\t\t\t<div class=\"elementor-element elementor-element-3fe5b69 elementor-widget elementor-widget-image-gallery\" data-id=\"3fe5b69\" data-element_type=\"widget\" data-e-type=\"widget\" data-widget_type=\"image-gallery.default\">\n\t\t\t\t<div class=\"elementor-widget-container\">\n\t\t\t\t\t\t\t<div class=\"elementor-image-gallery\">\n\t\t\t<div id='gallery-1' class='gallery galleryid-25494 gallery-columns-4 gallery-size-thumbnail'><figure class='gallery-item'>\n\t\t\t<div class='gallery-icon landscape'>\n\t\t\t\t<a data-elementor-open-lightbox=\"yes\" data-elementor-lightbox-slideshow=\"3fe5b69\" data-elementor-lightbox-title=\"IMG-20240920-WA0000\" data-e-action-hash=\"#elementor-action%3Aaction%3Dlightbox%26settings%3DeyJpZCI6MzU1NTksInVybCI6Imh0dHBzOlwvXC9tYmZhdGltc2thLm92aFwvd3AtY29udGVudFwvdXBsb2Fkc1wvMjAyNFwvMDlcL0lNRy0yMDI0MDkyMC1XQTAwMDAtMi5qcGciLCJzbGlkZXNob3ciOiIzZmU1YjY5In0%3D\" href='https:\/\/mbfatimska.ovh\/wp-content\/uploads\/2024\/09\/IMG-20240920-WA0000-2.jpg'><img width=\"150\" height=\"150\" src=\"https:\/\/mbfatimska.ovh\/wp-content\/uploads\/2024\/09\/IMG-20240920-WA0000-2-150x150.jpg\" class=\"attachment-thumbnail size-thumbnail\" alt=\"\" decoding=\"async\" \/><\/a>\n\t\t\t<\/div><\/figure>\n\t\t<\/div>\n\t\t<\/div>\n\t\t\t\t\t\t<\/div>\n\t\t\t\t<\/div>\n\t\t\t\t\t<\/div>\n\t\t\t\t<\/div>\n\t\t\t\t<\/div>\n\t\t","protected":false},"excerpt":{"rendered":"<p>W niedziel\u0119 15 wrze\u015bnia ukonstytuowa\u0142a si\u0119 Parafialna Rada Duszpasterska naszej parafii. W sk\u0142ad Rady wesz\u0142o 8 os\u00f3b: 1. Teresa Wieczorek 2. Anita Rodak 3. Paulina Po\u0142awska 4. Tomasz \u015al\u0119zak 5. Mateusz G\u0105ska 6. Jacek Zawada 7. El\u017cbieta Pi\u0119tak 8. Ksi\u0105dz Miko\u0142aj Lipski Przewodnicz\u0105c\u0105 Rady zosta\u0142a Teresa Wieczorek. Na nast\u0119pnym spotkaniu zostanie wybrany zast\u0119pca przewodnicz\u0105cego i [&hellip;]<\/p>\n","protected":false},"author":1,"featured_media":35559,"comment_status":"closed","ping_status":"closed","sticky":false,"template":"","format":"standard","meta":{"footnotes":""},"categories":[2,3,6],"tags":[],"class_list":["post-25494","post","type-post","status-publish","format-standard","has-post-thumbnail","hentry","category-aktualnosci","category-bez-kategorii","category-galerie"],"_links":{"self":[{"href":"https:\/\/mbfatimska.ovh\/index.php\/wp-json\/wp\/v2\/posts\/25494","targetHints":{"allow":["GET"]}}],"collection":[{"href":"https:\/\/mbfatimska.ovh\/index.php\/wp-json\/wp\/v2\/posts"}],"about":[{"href":"https:\/\/mbfatimska.ovh\/index.php\/wp-json\/wp\/v2\/types\/post"}],"author":[{"embeddable":true,"href":"https:\/\/mbfatimska.ovh\/index.php\/wp-json\/wp\/v2\/users\/1"}],"replies":[{"embeddable":true,"href":"https:\/\/mbfatimska.ovh\/index.php\/wp-json\/wp\/v2\/comments?post=25494"}],"version-history":[{"count":7,"href":"https:\/\/mbfatimska.ovh\/index.php\/wp-json\/wp\/v2\/posts\/25494\/revisions"}],"predecessor-version":[{"id":40299,"href":"https:\/\/mbfatimska.ovh\/index.php\/wp-json\/wp\/v2\/posts\/25494\/revisions\/40299"}],"wp:featuredmedia":[{"embeddable":true,"href":"https:\/\/mbfatimska.ovh\/index.php\/wp-json\/wp\/v2\/media\/35559"}],"wp:attachment":[{"href":"https:\/\/mbfatimska.ovh\/index.php\/wp-json\/wp\/v2\/media?parent=25494"}],"wp:term":[{"taxonomy":"category","embeddable":true,"href":"https:\/\/mbfatimska.ovh\/index.php\/wp-json\/wp\/v2\/categories?post=25494"},{"taxonomy":"post_tag","embeddable":true,"href":"https:\/\/mbfatimska.ovh\/index.php\/wp-json\/wp\/v2\/tags?post=25494"}],"curies":[{"name":"wp","href":"https:\/\/api.w.org\/{rel}","templated":true}]}}