{"id":25502,"date":"2024-09-21T20:09:14","date_gmt":"2024-09-21T18:09:14","guid":{"rendered":"https:\/\/www.mbfatimska.pl\/?p=25502"},"modified":"2024-09-21T20:09:14","modified_gmt":"2024-09-21T18:09:14","slug":"xxv-niedziela-zwykla-3","status":"publish","type":"post","link":"https:\/\/mbfatimska.ovh\/index.php\/2024\/09\/21\/xxv-niedziela-zwykla-3\/","title":{"rendered":"XXV Niedziela zwyk\u0142a"},"content":{"rendered":"<ol>\n<li>Wczoraj, Msz\u0105 \u015bwi\u0119t\u0105 o godzinie 19.00, rozpocz\u0119li\u015bmy ca\u0142odobow\u0105 adoracj\u0119 Naj\u015bwi\u0119tszego Sakramentu, zainicjowan\u0105 i przeprowadzon\u0105 przez wsp\u00f3lnot\u0119 Intronizacji Serca Pana Jezusa. Zapraszamy jeszcze dzisiaj do adoracji od 13.30 do 18.30.<\/li>\n<li>Dzisiaj, o godzinie 10.25, katecheza dla dzieci klas III szko\u0142y podstawowej, przygotowuj\u0105cych si\u0119 do I Komunii \u015bwi\u0119tej.<\/li>\n<li>R\u00f3wnie\u017c dzisiaj, o godzinie 18.00, w salce pod zakrysti\u0105, odb\u0119dzie si\u0119 spotkanie dla os\u00f3b, kt\u00f3re we wtorek udaj\u0105 si\u0119 na pielgrzymk\u0119 do Gruzji i Armenii. Obecno\u015b\u0107 obowi\u0105zkowa.<\/li>\n<li>W dniu dzisiejszym, o godzinie 18.30, zostanie odprawione nabo\u017ce\u0144stwo do \u015bw. Rity. Rozpoczynamy od po\u015bwi\u0119cenia r\u00f3\u017c, kt\u00f3re b\u0119dzie mo\u017cna zakupi\u0107 przed ko\u015bcio\u0142em, a nast\u0119pnie modlitwy do patronki spraw trudnych i beznadziejnych. Intencje b\u0119dzie mo\u017cna z\u0142o\u017cy\u0107 przed rozpocz\u0119ciem nabo\u017ce\u0144stwa pod o\u0142tarzem.<\/li>\n<li>W poniedzia\u0142ek, 23 wrze\u015bnia 2024 roku, w godzinach 12.00-17.00, w ratuszu, odb\u0119dzie si\u0119 Dzie\u0144 z NFZ. Na miejscu b\u0119dzie mo\u017cna m.in. potwierdzi\u0107 Profil Zaufany oraz uzyska\u0107 Europejsk\u0105 Kart\u0119 Ubezpieczenia Zdrowotnego (EKUZ). Zach\u0119camy wszystkich, kt\u00f3rzy jeszcze nie posiadaj\u0105 Profilu Zaufanego lub Karty EKUZ, do skorzystania z tej okazji i odwiedzenia ratusza.<\/li>\n<li>W\u0142adze miasta zach\u0119caj\u0105 do wsparcia zbi\u00f3rki dar\u00f3w dla os\u00f3b dotkni\u0119tych powodzi\u0105, organizowanej we wsp\u00f3\u0142pracy z Polskim Czerwonym Krzy\u017cem. Potrzebne s\u0105 woda, \u017cywno\u015b\u0107 z d\u0142ugim terminem przydatno\u015bci, \u015brodki higieniczne oraz \u015brodki czysto\u015bci. Zbi\u00f3rka odbywa si\u0119 codziennie, od 7.00 do 19.00, w Arenie Legionowo. Ka\u017cdy gest pomocy jest niezwykle cenny i mo\u017ce przyczyni\u0107 si\u0119 do ul\u017cenia w cierpieniu naszych rodak\u00f3w w potrzebie. Zach\u0119camy do hojno\u015bci i w\u0142\u0105czenia si\u0119 w t\u0119 wa\u017cn\u0105 akcj\u0119.<\/li>\n<li>Odnowa w Duchu \u015awi\u0119tym zaprasza ka\u017cdego, kto chce zag\u0142\u0119bi\u0107 si\u0119 w Pi\u015bmie \u015awi\u0119tym i pozna\u0107 podstawy teologii katolickiej, do udzia\u0142u w kursie pt. <em>Studium wiedzy biblijnej i teologicznej<\/em>, kt\u00f3ry corocznie odbywa si\u0119 na Uniwersytecie Kardyna\u0142a Stefana Wyszy\u0144skiego. Rozpocz\u0119cie nowej edycji 5 pa\u017adziernika 2024 roku. Szczeg\u00f3\u0142y w ulotkach na stolikach za \u0142awkami i w gablocie.<\/li>\n<li>W ko\u015bciele pw. Naj\u015bwi\u0119tszego Cia\u0142a i Krwi Chrystusa w Legionowie odb\u0119d\u0105 si\u0119 Rekolekcje Ewangelizacyjne Odnowy (tzw. REO), prowadzone przez Odnow\u0119 w Duchu \u015awi\u0119tym. Pierwsze spotkanie odb\u0119dzie si\u0119 26 wrze\u015bnia 2024 roku o godzinie 18.45.<\/li>\n<li>W pi\u0105tek, o godzinie 19.00, zostanie odprawiona Msza \u015bwi\u0119ta wypominkowa za naszych bliskich zmar\u0142ych.<\/li>\n<li>W sobot\u0119, 14 wrze\u015bnia, odby\u0142a si\u0119 autokarowa pielgrzymka na Jasn\u0105 G\u00f3r\u0119. Dzi\u0119kujemy wszystkim, kt\u00f3rzy podj\u0119li pielgrzymi trud, gdy\u017c ca\u0142y dzie\u0144 mocno pada\u0142o. Dzi\u0119kujemy ks. Miko\u0142ajowi za opiek\u0119 duchow\u0105 a pielgrzymom za z\u0142o\u017cone ofiary na rzecz parafii. W intencji uczestnik\u00f3w pielgrzymki zostanie odprawiona Msza \u015bwi\u0119ta 17 pa\u017adziernika o godzinie 18.00.<\/li>\n<li>W czwartek, w godzinach 18-19, w budynku Centrum Wsparcia Fizycznego mo\u017cna skorzysta\u0107 z darmowych konsultacji i \u0107wicze\u0144 Logopedy Szkolnego.<\/li>\n<li>W sobot\u0119, 28 wrze\u015bnia, zapraszamy na nabo\u017ce\u0144stwo do b\u0142. Kardyna\u0142a Stefana Wyszy\u0144skiego, patrona naszego miasta. O godzinie 19.00 zostanie odprawiona Msza \u015bwi\u0119ta a nast\u0119pnie, w naszych modlitwach b\u0119dziemy wzywali or\u0119downictwa patrona naszego miasta.<\/li>\n<li>Kalendarz liturgiczny na nadchodz\u0105cy tydzie\u0144: w poniedzia\u0142ek, wspomnienie \u015bw. Ojca Pio; w niedziel\u0119, Rocznica Po\u015bwi\u0119cenia Bazyliki Katedralnej w Warszawie-Pradze.<\/li>\n<\/ol>\n","protected":false},"excerpt":{"rendered":"<p>Wczoraj, Msz\u0105 \u015bwi\u0119t\u0105 o godzinie 19.00, rozpocz\u0119li\u015bmy ca\u0142odobow\u0105 adoracj\u0119 Naj\u015bwi\u0119tszego Sakramentu, zainicjowan\u0105 i przeprowadzon\u0105 przez wsp\u00f3lnot\u0119 Intronizacji Serca Pana Jezusa. Zapraszamy jeszcze dzisiaj do adoracji od 13.30 do 18.30. Dzisiaj, o godzinie 10.25, katecheza dla dzieci klas III szko\u0142y podstawowej, przygotowuj\u0105cych si\u0119 do I Komunii \u015bwi\u0119tej. R\u00f3wnie\u017c dzisiaj, o godzinie 18.00, w salce pod zakrysti\u0105, [&hellip;]<\/p>\n","protected":false},"author":1,"featured_media":30657,"comment_status":"closed","ping_status":"closed","sticky":false,"template":"","format":"standard","meta":{"footnotes":""},"categories":[2,14],"tags":[],"class_list":["post-25502","post","type-post","status-publish","format-standard","has-post-thumbnail","hentry","category-aktualnosci","category-ogloszenia-parafialne"],"_links":{"self":[{"href":"https:\/\/mbfatimska.ovh\/index.php\/wp-json\/wp\/v2\/posts\/25502","targetHints":{"allow":["GET"]}}],"collection":[{"href":"https:\/\/mbfatimska.ovh\/index.php\/wp-json\/wp\/v2\/posts"}],"about":[{"href":"https:\/\/mbfatimska.ovh\/index.php\/wp-json\/wp\/v2\/types\/post"}],"author":[{"embeddable":true,"href":"https:\/\/mbfatimska.ovh\/index.php\/wp-json\/wp\/v2\/users\/1"}],"replies":[{"embeddable":true,"href":"https:\/\/mbfatimska.ovh\/index.php\/wp-json\/wp\/v2\/comments?post=25502"}],"version-history":[{"count":0,"href":"https:\/\/mbfatimska.ovh\/index.php\/wp-json\/wp\/v2\/posts\/25502\/revisions"}],"wp:featuredmedia":[{"embeddable":true,"href":"https:\/\/mbfatimska.ovh\/index.php\/wp-json\/wp\/v2\/media\/30657"}],"wp:attachment":[{"href":"https:\/\/mbfatimska.ovh\/index.php\/wp-json\/wp\/v2\/media?parent=25502"}],"wp:term":[{"taxonomy":"category","embeddable":true,"href":"https:\/\/mbfatimska.ovh\/index.php\/wp-json\/wp\/v2\/categories?post=25502"},{"taxonomy":"post_tag","embeddable":true,"href":"https:\/\/mbfatimska.ovh\/index.php\/wp-json\/wp\/v2\/tags?post=25502"}],"curies":[{"name":"wp","href":"https:\/\/api.w.org\/{rel}","templated":true}]}}