{"id":25585,"date":"2024-09-28T12:01:22","date_gmt":"2024-09-28T10:01:22","guid":{"rendered":"https:\/\/www.mbfatimska.pl\/?p=25585"},"modified":"2024-09-28T12:01:22","modified_gmt":"2024-09-28T10:01:22","slug":"xxvi-niedziela-zwykla-3","status":"publish","type":"post","link":"https:\/\/mbfatimska.ovh\/index.php\/2024\/09\/28\/xxvi-niedziela-zwykla-3\/","title":{"rendered":"XXVI Niedziela zwyk\u0142a"},"content":{"rendered":"<p>1. We wtorek, grupa naszych parafian, uda\u0142a si\u0119 na pielgrzymk\u0119 do Gruzji i Armenii \u2013 pierwszych kraj\u00f3w chrze\u015bcija\u0144skich. \u017byczymy im szcz\u0119\u015bliwego i owocnego czasu pielgrzymowania, oraz bezpiecznej podr\u00f3\u017cy pod opiek\u0105 MB Fatimskiej i \u015bw. Krzysztofa.<\/p>\n<p>2.W tym tygodniu, we wtorek, rozpoczynamy miesi\u0105c pa\u017adziernik. W tym czasie ulegaj\u0105 zmianie godziny sprawowanych Mszy \u015bwi\u0119tych oraz urz\u0119dowania kancelarii parafialnej.<\/p>\n<p>W dni powszednie, od 1 pa\u017adziernika do 30 kwietnia, Msze \u015bwi\u0119te b\u0119d\u0105 sprawowane o godzinie 17.00 i 18.00. W niedziele, do po\u0142udnia, bez zmian, wieczorem o godzinie 18.00. Kancelaria b\u0119dzie czynna po wieczornym nabo\u017ce\u0144stwie r\u00f3\u017ca\u0144cowym od 19.00 do 19.45 od poniedzia\u0142ku do \u015brody a w soboty od 9.00 do 10.00.<\/p>\n<p>3.W pa\u017adzierniku zapraszamy na nabo\u017ce\u0144stwa r\u00f3\u017ca\u0144cowe. Dla doros\u0142ych, od poniedzia\u0142ku do soboty, o 18.30, w niedziele o 17.15. Dla dzieci r\u00f3\u017caniec w poniedzia\u0142ki, \u015brody i pi\u0105tki o 16.30.<\/p>\n<p>4.W tym tygodniu przypada:<\/p>\n<p>I czwartek miesi\u0105ca \u2013 adoracja Naj\u015bwi\u0119tszego Sakramentu po nabo\u017ce\u0144stwie r\u00f3\u017ca\u0144cowym do godziny 21.00;<\/p>\n<p>I pi\u0105tek miesi\u0105ca \u2013 spowied\u017a od 16.15 do 18.30;<\/p>\n<p>I sobota miesi\u0105ca \u2013 nabo\u017ce\u0144stwo wynagradzaj\u0105ce Niepokalanemu Sercu NMP po modlitwie r\u00f3\u017ca\u0144cowej i trwa\u0107 b\u0119dzie do godziny 20.00;<\/p>\n<p>I niedziela miesi\u0105ca \u2013 po Mszy \u015bwi\u0119tej o godzinie 12.30 wystawienie Naj\u015bwi\u0119tszego Sakramentu i procesja eucharystyczna. Po procesji adoracja do godziny 17.15, do nabo\u017ce\u0144stwa r\u00f3\u017ca\u0144cowego.<\/p>\n<p>5.W pi\u0105tek, o godzinie 19.00, w kawiarence, katecheza przedchrzcielna. Bior\u0105 w niej udzia\u0142 rodzice dzieci, kt\u00f3re b\u0119d\u0105 chrzczone w naszej parafii b\u0105d\u017a b\u0119dzie brana zgoda do innej parafii, oraz kandydaci na rodzic\u00f3w chrzestnych.<\/p>\n<p>6.W niedziel\u0119, 6 pa\u017adziernika, rozpoczyna si\u0119 nowa edycja kursu przedma\u0142\u017ce\u0144skiego. Ch\u0119tnych zapraszamy na pierwsze spotkanie na godzin\u0119 19.00 do kawiarenki.<\/p>\n<p>7.W sobot\u0119, o godzinie 17.00, b\u0119dzie sprawowana Msza \u015bwi\u0119ta \u015blubna. Osoby, kt\u00f3re zazwyczaj uczestnicz\u0105 we Mszy \u015bwi\u0119tej o godzinie 17.00, zapraszamy na Msz\u0119 o godzinie 18.00.<\/p>\n<p>8.W sobot\u0119, w godzinach 10-14, zapraszamy na kolejne warsztaty kulinarno-cukiernicze. Ostatnio uczyli\u015bmy si\u0119 robi\u0107 wyborne ciasta z bit\u0105 \u015bmietan\u0105 i lodami, oraz przygotowywa\u0107 koktajle. Na najbli\u017cszym spotkaniu poznamy kolejne fantastyczne przepisy i wyroby. Warsztaty odbywaj\u0105 si\u0119 w budynku Klubu Seniora Amicus.<\/p>\n<p>9.Dzi\u0119kujemy wszystkim, kt\u00f3rzy w ubieg\u0142\u0105 niedziel\u0119, w\u0142\u0105czyli si\u0119 w akcj\u0119 niesienia pomocy ofiarom powodzi. Pieni\u0105dze ju\u017c w poniedzia\u0142ek zosta\u0142y przekazane Caritas naszej diecezji. R\u00f3wnie\u017c i Legionowskie Stowarzyszenie Amicus, przy wsp\u00f3\u0142pracy ludzi dobrej woli, przekaza\u0142o dary, mi\u0119dzy innymi wod\u0119, dla mieszka\u0144c\u00f3w zalanych teren\u00f3w.<\/p>\n<p>10.Kalendarz liturgiczny na najbli\u017cszy tydzie\u0144: w poniedzia\u0142ek \u2013 wspomnienie \u015bw. Hieronima, prezbitera i doktora Ko\u015bcio\u0142a, we wtorek \u2013 wspomnienie \u015bw. Teresy od Dzieci\u0105tka Jezus, dziewicy i doktora Ko\u015bcio\u0142a, w \u015brod\u0119 \u2013 wspomnienie \u015awi\u0119tych Anio\u0142\u00f3w Str\u00f3\u017c\u00f3w, w czwartek \u2013 \u015bwi\u0119to \u015awi\u0119tych Archanio\u0142\u00f3w Micha\u0142a, Gabriela i Rafa\u0142a, w pi\u0105tek \u2013 wspomnienie \u015bw. Franciszka z Asy\u017cu, w sobot\u0119 \u2013 wspomnienie \u015bw. Siostry Faustyny Kowalskiej, dziewicy.<\/p>\n","protected":false},"excerpt":{"rendered":"<p>1. We wtorek, grupa naszych parafian, uda\u0142a si\u0119 na pielgrzymk\u0119 do Gruzji i Armenii \u2013 pierwszych kraj\u00f3w chrze\u015bcija\u0144skich. \u017byczymy im szcz\u0119\u015bliwego i owocnego czasu pielgrzymowania, oraz bezpiecznej podr\u00f3\u017cy pod opiek\u0105 MB Fatimskiej i \u015bw. Krzysztofa. 2.W tym tygodniu, we wtorek, rozpoczynamy miesi\u0105c pa\u017adziernik. W tym czasie ulegaj\u0105 zmianie godziny sprawowanych Mszy \u015bwi\u0119tych oraz urz\u0119dowania kancelarii [&hellip;]<\/p>\n","protected":false},"author":1,"featured_media":30657,"comment_status":"closed","ping_status":"closed","sticky":false,"template":"","format":"standard","meta":{"footnotes":""},"categories":[2,14],"tags":[],"class_list":["post-25585","post","type-post","status-publish","format-standard","has-post-thumbnail","hentry","category-aktualnosci","category-ogloszenia-parafialne"],"_links":{"self":[{"href":"https:\/\/mbfatimska.ovh\/index.php\/wp-json\/wp\/v2\/posts\/25585","targetHints":{"allow":["GET"]}}],"collection":[{"href":"https:\/\/mbfatimska.ovh\/index.php\/wp-json\/wp\/v2\/posts"}],"about":[{"href":"https:\/\/mbfatimska.ovh\/index.php\/wp-json\/wp\/v2\/types\/post"}],"author":[{"embeddable":true,"href":"https:\/\/mbfatimska.ovh\/index.php\/wp-json\/wp\/v2\/users\/1"}],"replies":[{"embeddable":true,"href":"https:\/\/mbfatimska.ovh\/index.php\/wp-json\/wp\/v2\/comments?post=25585"}],"version-history":[{"count":0,"href":"https:\/\/mbfatimska.ovh\/index.php\/wp-json\/wp\/v2\/posts\/25585\/revisions"}],"wp:featuredmedia":[{"embeddable":true,"href":"https:\/\/mbfatimska.ovh\/index.php\/wp-json\/wp\/v2\/media\/30657"}],"wp:attachment":[{"href":"https:\/\/mbfatimska.ovh\/index.php\/wp-json\/wp\/v2\/media?parent=25585"}],"wp:term":[{"taxonomy":"category","embeddable":true,"href":"https:\/\/mbfatimska.ovh\/index.php\/wp-json\/wp\/v2\/categories?post=25585"},{"taxonomy":"post_tag","embeddable":true,"href":"https:\/\/mbfatimska.ovh\/index.php\/wp-json\/wp\/v2\/tags?post=25585"}],"curies":[{"name":"wp","href":"https:\/\/api.w.org\/{rel}","templated":true}]}}