{"id":25592,"date":"2024-10-05T08:43:49","date_gmt":"2024-10-05T06:43:49","guid":{"rendered":"https:\/\/www.mbfatimska.pl\/?p=25592"},"modified":"2024-10-05T08:43:49","modified_gmt":"2024-10-05T06:43:49","slug":"informacje-dla-osob-przygotowujacych-sie-do-sakramentu-bierzmowania-2024-2025","status":"publish","type":"post","link":"https:\/\/mbfatimska.ovh\/index.php\/2024\/10\/05\/informacje-dla-osob-przygotowujacych-sie-do-sakramentu-bierzmowania-2024-2025\/","title":{"rendered":"Informacje dla os\u00f3b przygotowuj\u0105cych si\u0119 do sakramentu bierzmowania 2024\/2025"},"content":{"rendered":"<p><strong>Wsp\u00f3lne spotkania z Ksi\u0119dzem Miko\u0142ajem:<\/strong><\/p>\n<ul>\n<li><strong><span style=\"text-decoration: underline;\">12 stycznia 2025 (niedziela) o godzinie 16.00<\/span> w salce pod zakrysti\u0105<\/strong><\/li>\n<li><strong><span style=\"text-decoration: underline;\">26 stycznia 2025 (niedziela) o godzinie 17.00<\/span> w salce pod zakrysti\u0105<\/strong><\/li>\n<\/ul>\n<p><strong>Obecno\u015b\u0107 na spotkaniach jest obowi\u0105zkowa!<\/strong><\/p>\n<p>Przypominamy o dostarczaniu <strong>formularzy<\/strong> zg\u0142oszeniowych, oraz o uregulowaniu <strong>op\u0142aty<\/strong> za materia\u0142y, mi\u0119dzy innymi za indeks, od tych os\u00f3b, kt\u00f3re jeszcze tego nie zrobi\u0142y (10z\u0142).<\/p>\n<p>*Terminy i godziny spotka\u0144 mog\u0105 ulec zmianie<\/p>\n","protected":false},"excerpt":{"rendered":"<p>Wsp\u00f3lne spotkania z Ksi\u0119dzem Miko\u0142ajem: 12 stycznia 2025 (niedziela) o godzinie 16.00 w salce pod zakrysti\u0105 26 stycznia 2025 (niedziela) o godzinie 17.00 w salce pod zakrysti\u0105 Obecno\u015b\u0107 na spotkaniach jest obowi\u0105zkowa! Przypominamy o dostarczaniu formularzy zg\u0142oszeniowych, oraz o uregulowaniu op\u0142aty za materia\u0142y, mi\u0119dzy innymi za indeks, od tych os\u00f3b, kt\u00f3re jeszcze tego nie zrobi\u0142y [&hellip;]<\/p>\n","protected":false},"author":1,"featured_media":25593,"comment_status":"closed","ping_status":"closed","sticky":true,"template":"","format":"standard","meta":{"footnotes":""},"categories":[2,4],"tags":[],"class_list":["post-25592","post","type-post","status-publish","format-standard","has-post-thumbnail","hentry","category-aktualnosci","category-bierzmowanie"],"_links":{"self":[{"href":"https:\/\/mbfatimska.ovh\/index.php\/wp-json\/wp\/v2\/posts\/25592","targetHints":{"allow":["GET"]}}],"collection":[{"href":"https:\/\/mbfatimska.ovh\/index.php\/wp-json\/wp\/v2\/posts"}],"about":[{"href":"https:\/\/mbfatimska.ovh\/index.php\/wp-json\/wp\/v2\/types\/post"}],"author":[{"embeddable":true,"href":"https:\/\/mbfatimska.ovh\/index.php\/wp-json\/wp\/v2\/users\/1"}],"replies":[{"embeddable":true,"href":"https:\/\/mbfatimska.ovh\/index.php\/wp-json\/wp\/v2\/comments?post=25592"}],"version-history":[{"count":0,"href":"https:\/\/mbfatimska.ovh\/index.php\/wp-json\/wp\/v2\/posts\/25592\/revisions"}],"wp:featuredmedia":[{"embeddable":true,"href":"https:\/\/mbfatimska.ovh\/index.php\/wp-json\/wp\/v2\/media\/25593"}],"wp:attachment":[{"href":"https:\/\/mbfatimska.ovh\/index.php\/wp-json\/wp\/v2\/media?parent=25592"}],"wp:term":[{"taxonomy":"category","embeddable":true,"href":"https:\/\/mbfatimska.ovh\/index.php\/wp-json\/wp\/v2\/categories?post=25592"},{"taxonomy":"post_tag","embeddable":true,"href":"https:\/\/mbfatimska.ovh\/index.php\/wp-json\/wp\/v2\/tags?post=25592"}],"curies":[{"name":"wp","href":"https:\/\/api.w.org\/{rel}","templated":true}]}}