{"id":25598,"date":"2024-10-05T09:35:32","date_gmt":"2024-10-05T07:35:32","guid":{"rendered":"https:\/\/www.mbfatimska.pl\/?p=25598"},"modified":"2024-10-05T09:35:32","modified_gmt":"2024-10-05T07:35:32","slug":"zbiorki-w-pazdzierniku","status":"publish","type":"post","link":"https:\/\/mbfatimska.ovh\/index.php\/2024\/10\/05\/zbiorki-w-pazdzierniku\/","title":{"rendered":"Zbi\u00f3rki w pa\u017adzierniku"},"content":{"rendered":"<p>Harmonogram zbi\u00f3rek dla ministrant\u00f3w i lektor\u00f3w:<\/p>\n<p>6 pa\u017adziernika &#8211; 12.30 &#8211; I Niedziela miesi\u0105ca &#8211; uroczysta Msza \u015bwi\u0119ta z pe\u0142n\u0105 asyst\u0105 &#8211; po Mszy procesja eucharystyczna wok\u00f3\u0142 ko\u015bcio\u0142a<\/p>\n<p>12 pa\u017adziernika &#8211; 10.00 -&gt; 11.00 &#8211; zbi\u00f3rka formacyjno-praktyczna w ko\u015bciele<\/p>\n<p>13 pa\u017adziernika &#8211; 18.00 &#8211; Msza \u015bwi\u0119ta i nabo\u017ce\u0144stwo fatimskie z procesj\u0105 wok\u00f3\u0142 ko\u015bcio\u0142a<\/p>\n<p>19 pa\u017adziernika &#8211; 10.00 -&gt; oko\u0142o 12.00 &#8211; zbi\u00f3rka integracyjna w salce pod zakrysti\u0105 (film i pocz\u0119stunek)<\/p>\n<p>Wszystkich ch\u0119tnych, kt\u00f3rzy chcieliby do\u0142\u0105czy\u0107 do s\u0142u\u017cby liturgicznej zapraszamy na zbi\u00f3rki, albo prosimy o kontakt z opiekunem ministrant\u00f3w i lektor\u00f3w, ksi\u0119dzem Miko\u0142ajem.<\/p>\n<p>Ministrant\u00f3w i lektor\u00f3w zapraszamy na pa\u017adziernikowe nabo\u017ce\u0144stwa r\u00f3\u017ca\u0144cowe (pon.-sb. 18.30., ndz. 17.15; dla dzieci pon.,\u015br.,pt. 16.30)<\/p>\n<p>Informacje dla kandydat\u00f3w na lektor\u00f3w: <a href=\"http:\/\/praskalso.pl\/kurs-dla-lektorow\/\">http:\/\/praskalso.pl\/kurs-dla-lektorow\/<\/a><\/p>\n","protected":false},"excerpt":{"rendered":"<p>Harmonogram zbi\u00f3rek dla ministrant\u00f3w i lektor\u00f3w: 6 pa\u017adziernika &#8211; 12.30 &#8211; I Niedziela miesi\u0105ca &#8211; uroczysta Msza \u015bwi\u0119ta z pe\u0142n\u0105 asyst\u0105 &#8211; po Mszy procesja eucharystyczna wok\u00f3\u0142 ko\u015bcio\u0142a 12 pa\u017adziernika &#8211; 10.00 -&gt; 11.00 &#8211; zbi\u00f3rka formacyjno-praktyczna w ko\u015bciele 13 pa\u017adziernika &#8211; 18.00 &#8211; Msza \u015bwi\u0119ta i nabo\u017ce\u0144stwo fatimskie z procesj\u0105 wok\u00f3\u0142 ko\u015bcio\u0142a 19 pa\u017adziernika [&hellip;]<\/p>\n","protected":false},"author":1,"featured_media":25599,"comment_status":"closed","ping_status":"closed","sticky":false,"template":"","format":"standard","meta":{"footnotes":""},"categories":[27],"tags":[],"class_list":["post-25598","post","type-post","status-publish","format-standard","has-post-thumbnail","hentry","category-ministranci-i-lektorzy"],"_links":{"self":[{"href":"https:\/\/mbfatimska.ovh\/index.php\/wp-json\/wp\/v2\/posts\/25598","targetHints":{"allow":["GET"]}}],"collection":[{"href":"https:\/\/mbfatimska.ovh\/index.php\/wp-json\/wp\/v2\/posts"}],"about":[{"href":"https:\/\/mbfatimska.ovh\/index.php\/wp-json\/wp\/v2\/types\/post"}],"author":[{"embeddable":true,"href":"https:\/\/mbfatimska.ovh\/index.php\/wp-json\/wp\/v2\/users\/1"}],"replies":[{"embeddable":true,"href":"https:\/\/mbfatimska.ovh\/index.php\/wp-json\/wp\/v2\/comments?post=25598"}],"version-history":[{"count":0,"href":"https:\/\/mbfatimska.ovh\/index.php\/wp-json\/wp\/v2\/posts\/25598\/revisions"}],"wp:featuredmedia":[{"embeddable":true,"href":"https:\/\/mbfatimska.ovh\/index.php\/wp-json\/wp\/v2\/media\/25599"}],"wp:attachment":[{"href":"https:\/\/mbfatimska.ovh\/index.php\/wp-json\/wp\/v2\/media?parent=25598"}],"wp:term":[{"taxonomy":"category","embeddable":true,"href":"https:\/\/mbfatimska.ovh\/index.php\/wp-json\/wp\/v2\/categories?post=25598"},{"taxonomy":"post_tag","embeddable":true,"href":"https:\/\/mbfatimska.ovh\/index.php\/wp-json\/wp\/v2\/tags?post=25598"}],"curies":[{"name":"wp","href":"https:\/\/api.w.org\/{rel}","templated":true}]}}