{"id":25604,"date":"2024-10-05T13:29:01","date_gmt":"2024-10-05T11:29:01","guid":{"rendered":"https:\/\/www.mbfatimska.pl\/?p=25604"},"modified":"2024-10-05T13:29:01","modified_gmt":"2024-10-05T11:29:01","slug":"xxvii-niedziela-zwykla-3","status":"publish","type":"post","link":"https:\/\/mbfatimska.ovh\/index.php\/2024\/10\/05\/xxvii-niedziela-zwykla-3\/","title":{"rendered":"XXVII Niedziela zwyk\u0142a"},"content":{"rendered":"<p>1. Dzisiaj, z racji I Niedzieli miesi\u0105ca, po Mszy \u015bwi\u0119tej o godzinie 12.30, procesja eucharystyczna i wystawienie Naj\u015bwi\u0119tszego Sakramentu do godziny 17.15.<\/p>\n<p>2. Dzisiaj, o godzinie 16.15, w salce pod zakrysti\u0105, spotkanie dla m\u0142odzie\u017cy przygotowuj\u0105cej si\u0119 do sakramentu bierzmowania. Obecno\u015b\u0107 obowi\u0105zkowa.<\/p>\n<p>3. R\u00f3wnie\u017c dzisiaj, o godzinie 19.00, w kawiarence, rozpoczyna si\u0119 nowa edycja kursu przedma\u0142\u017ce\u0144skiego. Osoby, kt\u00f3re planuj\u0105 zawrze\u0107 sakramentalny zwi\u0105zek ma\u0142\u017ce\u0144ski, zapraszamy do skorzystania z katechez przygotowuj\u0105cych do tego wa\u017cnego wydarzenia.<\/p>\n<p>4. Zapraszamy na nabo\u017ce\u0144stwa r\u00f3\u017ca\u0144cowe:<\/p>\n<ul>\n<li>Dla dzieci \u2013 w poniedzia\u0142ki, \u015brody i pi\u0105tki o godzinie 16.30;<\/li>\n<li>Dla doros\u0142ych \u2013 od poniedzia\u0142ku do soboty o godzinie 18.30, a w niedziele o 17.15<\/li>\n<\/ul>\n<p>5. Jutro, o godzinie 19.00, w ko\u015bciele, spotkanie dla rodzic\u00f3w klas III SP, przed uroczysto\u015bci\u0105 I Komunii \u015bwi\u0119tej. Spotkanie b\u0119dzie mia\u0142o charakter informacyjno-formacyjny.<\/p>\n<p>6. Jutro nie b\u0119dzie porad psychologa. Zapraszamy za tydzie\u0144, w poniedzia\u0142ek 14 pa\u017adziernika, w godzinach 17-19, do budynku Centrum Wsparcia Fizycznego.<\/p>\n<p>7. Za tydzie\u0144, w niedziel\u0119, o godzinie 10.25, katecheza dla dzieci klas III SP przed uroczysto\u015bci\u0105 I Komunii \u015bwi\u0119tej.<\/p>\n<p>8. R\u00f3wnie\u017c, za tydzie\u0144, 13 pa\u017adziernika, zapraszamy na ostatnie w tym roku Nabo\u017ce\u0144stwo Fatimskie. O godzinie 18.00 zostanie odprawiona Msza \u015bwi\u0119ta, a p\u00f3\u017aniej wyruszymy z procesj\u0105 fatimsk\u0105 wok\u00f3\u0142 ko\u015bcio\u0142a. Intencje do modlitwy r\u00f3\u017ca\u0144cowej sk\u0142adamy przed Msz\u0105 \u015bwi\u0119t\u0105 pod o\u0142tarzem.<\/p>\n<p>9. W przysz\u0142\u0105 niedziel\u0119 b\u0119dziemy prze\u017cywali kolejny Dzie\u0144 Papieski pod has\u0142em: <em>\u015aw. Jan Pawe\u0142 II. Ewangelia staro\u015bci i cierpienia<\/em>. Przed ko\u015bcio\u0142em, do koszyk\u00f3w, b\u0119dziemy zbierali ofiary na stypendia dla ambitnych, m\u0142odych ludzi z ubo\u017cszych rodzin, kt\u00f3rzy pragn\u0105 rozwija\u0107 si\u0119 naukowo. W ten spos\u00f3b b\u0119dziemy budowa\u0107 \u017cywy pomnik naszemu \u015bwi\u0119temu rodakowi, Janowi Paw\u0142owi II.<\/p>\n<p>10. W zwi\u0105zku z 80. rocznic\u0105 wybuchu Powstania Warszawskiego Fundacja Instytut Patrium zaprasza mieszka\u0144c\u00f3w Legionowa na Koncert Patriotyczny. Wydarzenie odb\u0119dzie si\u0119 w Sali widowiskowej legionowskiego ratusza w dniu 13 pa\u017adziernika o godzinie 16.00.<\/p>\n<p>11. Przypominamy, \u017ce w pa\u017adzierniku, kancelaria parafialna jest czynna od poniedzia\u0142ku do \u015brody w godzinach 19.00-19.45 i w soboty w godzinach 9.00-10.00.<\/p>\n<p>12. W \u015brod\u0119, o godzinie 18.00, zostanie odprawiona Msza \u015bwi\u0119ta w intencji K\u00f3\u0142 \u017bywego R\u00f3\u017ca\u0144ca. Po nabo\u017ce\u0144stwie r\u00f3\u017ca\u0144cowym, w kawiarence, spotkanie formacyjne dla K\u00f3\u0142 R\u00f3\u017ca\u0144cowych.<\/p>\n<p>13. Msza \u015bwi\u0119ta w intencji pielgrzym\u00f3w, kt\u00f3rzy na prze\u0142omie wrze\u015bnia i pa\u017adziernika pielgrzymowali do Gruzji i Armenii, zostanie odprawiona 17 pa\u017adziernika o godzinie 17.00. Pielgrzymom dzi\u0119kujemy za ofiary przekazane na rzecz naszej parafii.<\/p>\n<p>14. Kalendarz liturgiczny na bie\u017c\u0105cy tydzie\u0144: w poniedzia\u0142ek \u2013 wspomnienie Naj\u015bwi\u0119tszej Maryi Panny R\u00f3\u017ca\u0144cowej, w pi\u0105tek \u2013 wspomnienie \u015bw. Jana XXIII, papie\u017ca.<\/p>\n","protected":false},"excerpt":{"rendered":"<p>1. Dzisiaj, z racji I Niedzieli miesi\u0105ca, po Mszy \u015bwi\u0119tej o godzinie 12.30, procesja eucharystyczna i wystawienie Naj\u015bwi\u0119tszego Sakramentu do godziny 17.15. 2. Dzisiaj, o godzinie 16.15, w salce pod zakrysti\u0105, spotkanie dla m\u0142odzie\u017cy przygotowuj\u0105cej si\u0119 do sakramentu bierzmowania. Obecno\u015b\u0107 obowi\u0105zkowa. 3. R\u00f3wnie\u017c dzisiaj, o godzinie 19.00, w kawiarence, rozpoczyna si\u0119 nowa edycja kursu przedma\u0142\u017ce\u0144skiego. [&hellip;]<\/p>\n","protected":false},"author":1,"featured_media":30657,"comment_status":"closed","ping_status":"closed","sticky":false,"template":"","format":"standard","meta":{"footnotes":""},"categories":[2,14],"tags":[],"class_list":["post-25604","post","type-post","status-publish","format-standard","has-post-thumbnail","hentry","category-aktualnosci","category-ogloszenia-parafialne"],"_links":{"self":[{"href":"https:\/\/mbfatimska.ovh\/index.php\/wp-json\/wp\/v2\/posts\/25604","targetHints":{"allow":["GET"]}}],"collection":[{"href":"https:\/\/mbfatimska.ovh\/index.php\/wp-json\/wp\/v2\/posts"}],"about":[{"href":"https:\/\/mbfatimska.ovh\/index.php\/wp-json\/wp\/v2\/types\/post"}],"author":[{"embeddable":true,"href":"https:\/\/mbfatimska.ovh\/index.php\/wp-json\/wp\/v2\/users\/1"}],"replies":[{"embeddable":true,"href":"https:\/\/mbfatimska.ovh\/index.php\/wp-json\/wp\/v2\/comments?post=25604"}],"version-history":[{"count":0,"href":"https:\/\/mbfatimska.ovh\/index.php\/wp-json\/wp\/v2\/posts\/25604\/revisions"}],"wp:featuredmedia":[{"embeddable":true,"href":"https:\/\/mbfatimska.ovh\/index.php\/wp-json\/wp\/v2\/media\/30657"}],"wp:attachment":[{"href":"https:\/\/mbfatimska.ovh\/index.php\/wp-json\/wp\/v2\/media?parent=25604"}],"wp:term":[{"taxonomy":"category","embeddable":true,"href":"https:\/\/mbfatimska.ovh\/index.php\/wp-json\/wp\/v2\/categories?post=25604"},{"taxonomy":"post_tag","embeddable":true,"href":"https:\/\/mbfatimska.ovh\/index.php\/wp-json\/wp\/v2\/tags?post=25604"}],"curies":[{"name":"wp","href":"https:\/\/api.w.org\/{rel}","templated":true}]}}