{"id":25926,"date":"2024-10-12T12:00:01","date_gmt":"2024-10-12T10:00:01","guid":{"rendered":"https:\/\/www.mbfatimska.pl\/?p=25926"},"modified":"2024-10-12T12:00:01","modified_gmt":"2024-10-12T10:00:01","slug":"xxviii-niedziela-zwykla-3","status":"publish","type":"post","link":"https:\/\/mbfatimska.ovh\/index.php\/2024\/10\/12\/xxviii-niedziela-zwykla-3\/","title":{"rendered":"XXVIII Niedziela zwyk\u0142a"},"content":{"rendered":"<p>1. Dzisiaj, w Ko\u015bciele, obchodzimy 24 Dzie\u0144 Papieski, pod has\u0142em: <em>\u015aw. Jan Pawe\u0142 II. Ewangelia staro\u015bci i cierpienia<\/em>. Przed ko\u015bcio\u0142em, do koszyk\u00f3w, b\u0119dziemy zbierali ofiary na stypendia dla ambitnych, m\u0142odych ludzi z ubo\u017cszych rodzin, kt\u00f3rzy pragn\u0105 rozwija\u0107 si\u0119 naukowo. W ten spos\u00f3b b\u0119dziemy budowa\u0107 \u017cywy pomnik naszemu \u015bwi\u0119temu rodakowi, Janowi Paw\u0142owi II.<\/p>\n<p>2. R\u00f3wnie\u017c dzisiaj, o godzinie 10.25, katecheza dla dzieci klas III SP przed uroczysto\u015bci\u0105 I Komunii \u015bwi\u0119tej.<\/p>\n<p>3. W dniu dzisiejszym zapraszamy na ostatnie w tym roku nabo\u017ce\u0144stwo fatimskie. O godzinie 18.00 Msza \u015bwi\u0119ta i bezpo\u015brednio po niej wyruszymy z procesj\u0105 fatimsk\u0105. Intencje do modlitwy r\u00f3\u017ca\u0144cowej mo\u017cna z\u0142o\u017cy\u0107 przed o\u0142tarzem, przed Msz\u0105 \u015bwi\u0119t\u0105.<\/p>\n<p>4. Jutro obchodzimy Dzie\u0144 Edukacji Narodowej tzw. Dzie\u0144 Nauczyciela. Wszystkim nauczycielom i wychowawcom sk\u0142adamy najserdeczniejsze \u017cyczenia. \u017byczymy wytrwa\u0142o\u015bci, si\u0142y i szacunku ze strony podopiecznych podczas wykonywania trudnej i odpowiedzialnej pracy pedagogicznej.<\/p>\n<p>5. W czwartek, o godzinie 17.00, zostanie odprawiona Msza \u015bwi\u0119ta w intencji pielgrzym\u00f3w, kt\u00f3rzy na prze\u0142omie wrze\u015bnia i pa\u017adziernika pielgrzymowali do Gruzji i Armenii, a o 18.00, w intencji pielgrzym\u00f3w, kt\u00f3rzy wcze\u015bniej nawiedzili sanktuarium jasnog\u00f3rskie.<\/p>\n<p>6. W sobot\u0119, 19 pa\u017adziernika, zapraszamy na kolejne nabo\u017ce\u0144stwo do \u015bw. J\u00f3zefa, patrona ma\u0142\u017conk\u00f3w i rodzin. Po Mszy \u015bwi\u0119tej, o godzinie 18.00, w ramach nabo\u017ce\u0144stwa pa\u017adziernikowego, b\u0119dziemy zanosi\u0107 nasze wsp\u00f3lne modlitwy do tego, jak\u017ce wa\u017cnego, patrona.<\/p>\n<p>7. Za tydzie\u0144, w niedziel\u0119, spotkanie dla kandydat\u00f3w przygotowuj\u0105cych si\u0119 do sakramentu bierzmowania. Spotkanie o godzinie 16.15 w salce pod zakrysti\u0105.<\/p>\n<p>8. W przysz\u0142\u0105 niedziel\u0119, wsp\u00f3lnota Odnowa w Duchu \u015awi\u0119tym, zaprasza, po Mszy \u015bwi\u0119tej o godzinie 18.00, na Wiecz\u00f3r Uwielbienia z Maryj\u0105. B\u0119dziemy modlili si\u0119 Pismem \u015bwi\u0119tym, adoracj\u0105, \u015bpiewem, a nade wszystko, b\u0119dziemy trwali na modlitwie przy Matce Bo\u017cej.<\/p>\n<p>9. R\u00f3wnie\u017c za tydzie\u0144, obchodzi\u0107 b\u0119dziemy w Ko\u015bciele, kolejny Dzie\u0144 Misyjny. Naszymi modlitwami i ofiarami b\u0119dziemy wspierali Ko\u015bcio\u0142y lokalne na r\u00f3\u017cnych kontynentach. W naszej parafii b\u0119dziemy go\u015bci\u0107 misjonarza z Tanzanii, kt\u00f3ry przybli\u017cy nam, jak wygl\u0105da pos\u0142uga duszpasterska na misjach. Tego dnia, ofiary z\u0142o\u017cone na tac\u0119, b\u0119d\u0105 przeznaczone na misje.<\/p>\n<p>10. W przysz\u0142\u0105 niedziel\u0119, o godzinie 10.25, katecheza dla dzieci klas IV SP, w ramach przygotowania do rocznicy I Komunii \u015bwi\u0119tej.<\/p>\n<p>11. Na stolikach za \u0142awkami wy\u0142o\u017cone s\u0105 kartki na wypominki za naszych bliskich zmar\u0142ych. Pami\u0119tajmy o tych, kt\u00f3rzy ju\u017c od nas odeszli, polecaj\u0105c ich, chocia\u017cby w modlitwie wypominkowej.<\/p>\n<p>12. W dniu dzisiejszym, w ko\u015bcio\u0142ach, w ca\u0142ej Polsce, odbywa si\u0119 liczenie wiernych. Wychodz\u0105c ze \u015bwi\u0105tyni prosimy by opuszcza\u0107 ko\u015bci\u00f3\u0142 nieco wolniej tak, by ministranci mogli nas policzy\u0107.<\/p>\n<p>13. Dzi\u0119kujemy za sobotnie prace porz\u0105dkowe. Pracy by\u0142o bardzo wiele i tym wi\u0119ksze podzi\u0119kowania kierujemy do tych, kt\u00f3rzy czuj\u0105 potrzeb\u0119 troski o teren ko\u015bcielny.<\/p>\n<p>14. Kalendarz liturgiczny na ten tydzie\u0144: w poniedzia\u0142ek \u2013 wspomnienie \u015bw. Ma\u0142gorzaty Marii Alacoque, dziewicy; we wtorek \u2013 wspomnienie \u015bw. Teresy od Jezusa, dziewicy i Doktora Ko\u015bcio\u0142a; w \u015brod\u0119 \u2013 wspomnienie \u015bw. Jadwigi \u015al\u0105skiej; w czwartek \u2013 wspomnienie \u015bw. Ignacego Antioche\u0144skiego, biskupa i m\u0119czennika; w pi\u0105tek \u2013 \u015bwi\u0119to \u015bw. \u0141ukasza Ewangelisty; w sobot\u0119 \u2013 wspomnienie b\u0142. Jerzego Popie\u0142uszki, prezbitera i m\u0119czennika.<\/p>\n","protected":false},"excerpt":{"rendered":"<p>1. Dzisiaj, w Ko\u015bciele, obchodzimy 24 Dzie\u0144 Papieski, pod has\u0142em: \u015aw. Jan Pawe\u0142 II. Ewangelia staro\u015bci i cierpienia. Przed ko\u015bcio\u0142em, do koszyk\u00f3w, b\u0119dziemy zbierali ofiary na stypendia dla ambitnych, m\u0142odych ludzi z ubo\u017cszych rodzin, kt\u00f3rzy pragn\u0105 rozwija\u0107 si\u0119 naukowo. W ten spos\u00f3b b\u0119dziemy budowa\u0107 \u017cywy pomnik naszemu \u015bwi\u0119temu rodakowi, Janowi Paw\u0142owi II. 2. R\u00f3wnie\u017c dzisiaj, [&hellip;]<\/p>\n","protected":false},"author":1,"featured_media":30657,"comment_status":"closed","ping_status":"closed","sticky":false,"template":"","format":"standard","meta":{"footnotes":""},"categories":[2,14],"tags":[],"class_list":["post-25926","post","type-post","status-publish","format-standard","has-post-thumbnail","hentry","category-aktualnosci","category-ogloszenia-parafialne"],"_links":{"self":[{"href":"https:\/\/mbfatimska.ovh\/index.php\/wp-json\/wp\/v2\/posts\/25926","targetHints":{"allow":["GET"]}}],"collection":[{"href":"https:\/\/mbfatimska.ovh\/index.php\/wp-json\/wp\/v2\/posts"}],"about":[{"href":"https:\/\/mbfatimska.ovh\/index.php\/wp-json\/wp\/v2\/types\/post"}],"author":[{"embeddable":true,"href":"https:\/\/mbfatimska.ovh\/index.php\/wp-json\/wp\/v2\/users\/1"}],"replies":[{"embeddable":true,"href":"https:\/\/mbfatimska.ovh\/index.php\/wp-json\/wp\/v2\/comments?post=25926"}],"version-history":[{"count":0,"href":"https:\/\/mbfatimska.ovh\/index.php\/wp-json\/wp\/v2\/posts\/25926\/revisions"}],"wp:featuredmedia":[{"embeddable":true,"href":"https:\/\/mbfatimska.ovh\/index.php\/wp-json\/wp\/v2\/media\/30657"}],"wp:attachment":[{"href":"https:\/\/mbfatimska.ovh\/index.php\/wp-json\/wp\/v2\/media?parent=25926"}],"wp:term":[{"taxonomy":"category","embeddable":true,"href":"https:\/\/mbfatimska.ovh\/index.php\/wp-json\/wp\/v2\/categories?post=25926"},{"taxonomy":"post_tag","embeddable":true,"href":"https:\/\/mbfatimska.ovh\/index.php\/wp-json\/wp\/v2\/tags?post=25926"}],"curies":[{"name":"wp","href":"https:\/\/api.w.org\/{rel}","templated":true}]}}