{"id":25948,"date":"2024-10-18T15:42:46","date_gmt":"2024-10-18T13:42:46","guid":{"rendered":"https:\/\/www.mbfatimska.pl\/?p=25948"},"modified":"2026-01-30T09:04:05","modified_gmt":"2026-01-30T09:04:05","slug":"wieczor-uwielbienia-20-pazdziernika-2024","status":"publish","type":"post","link":"https:\/\/mbfatimska.ovh\/index.php\/2024\/10\/18\/wieczor-uwielbienia-20-pazdziernika-2024\/","title":{"rendered":"Wiecz\u00f3r Uwielbienia z Maryj\u0105 &#8211; 20 pa\u017adziernika 2024 &#8211; zaproszenie"},"content":{"rendered":"\t\t<div data-elementor-type=\"wp-post\" data-elementor-id=\"25948\" class=\"elementor elementor-25948\" data-elementor-post-type=\"post\">\n\t\t\t\t<div class=\"elementor-element elementor-element-d9172f0 e-flex e-con-boxed e-con e-parent\" data-id=\"d9172f0\" data-element_type=\"container\" data-e-type=\"container\">\n\t\t\t\t\t<div class=\"e-con-inner\">\n\t\t\t\t<div class=\"elementor-element elementor-element-3ea2ce2 elementor-widget elementor-widget-text-editor\" data-id=\"3ea2ce2\" data-element_type=\"widget\" data-e-type=\"widget\" data-widget_type=\"text-editor.default\">\n\t\t\t\t<div class=\"elementor-widget-container\">\n\t\t\t\t\t\t\t\t\t<p>W niedziel\u0119, 20 pa\u017adziernika, wsp\u00f3lnota Odnowa w Duchu \u015awi\u0119tym, zaprasza, po Mszy \u015bwi\u0119tej o godzinie 18.00, na Wiecz\u00f3r Uwielbienia z Maryj\u0105. B\u0119dziemy modlili si\u0119 Pismem \u015bwi\u0119tym, adoracj\u0105, \u015bpiewem, a nade wszystko, b\u0119dziemy trwali na modlitwie przy Matce Bo\u017cej.<\/p>\t\t\t\t\t\t\t\t<\/div>\n\t\t\t\t<\/div>\n\t\t\t\t\t<\/div>\n\t\t\t\t<\/div>\n\t\t\t\t<\/div>\n\t\t","protected":false},"excerpt":{"rendered":"<p>W niedziel\u0119, 20 pa\u017adziernika, wsp\u00f3lnota Odnowa w Duchu \u015awi\u0119tym, zaprasza, po Mszy \u015bwi\u0119tej o godzinie 18.00, na Wiecz\u00f3r Uwielbienia z Maryj\u0105. B\u0119dziemy modlili si\u0119 Pismem \u015bwi\u0119tym, adoracj\u0105, \u015bpiewem, a nade wszystko, b\u0119dziemy trwali na modlitwie przy Matce Bo\u017cej.<\/p>\n","protected":false},"author":1,"featured_media":34974,"comment_status":"closed","ping_status":"closed","sticky":false,"template":"","format":"standard","meta":{"footnotes":""},"categories":[2,13],"tags":[],"class_list":["post-25948","post","type-post","status-publish","format-standard","has-post-thumbnail","hentry","category-aktualnosci","category-odnowa-w-duchu-swietym"],"_links":{"self":[{"href":"https:\/\/mbfatimska.ovh\/index.php\/wp-json\/wp\/v2\/posts\/25948","targetHints":{"allow":["GET"]}}],"collection":[{"href":"https:\/\/mbfatimska.ovh\/index.php\/wp-json\/wp\/v2\/posts"}],"about":[{"href":"https:\/\/mbfatimska.ovh\/index.php\/wp-json\/wp\/v2\/types\/post"}],"author":[{"embeddable":true,"href":"https:\/\/mbfatimska.ovh\/index.php\/wp-json\/wp\/v2\/users\/1"}],"replies":[{"embeddable":true,"href":"https:\/\/mbfatimska.ovh\/index.php\/wp-json\/wp\/v2\/comments?post=25948"}],"version-history":[{"count":4,"href":"https:\/\/mbfatimska.ovh\/index.php\/wp-json\/wp\/v2\/posts\/25948\/revisions"}],"predecessor-version":[{"id":34978,"href":"https:\/\/mbfatimska.ovh\/index.php\/wp-json\/wp\/v2\/posts\/25948\/revisions\/34978"}],"wp:featuredmedia":[{"embeddable":true,"href":"https:\/\/mbfatimska.ovh\/index.php\/wp-json\/wp\/v2\/media\/34974"}],"wp:attachment":[{"href":"https:\/\/mbfatimska.ovh\/index.php\/wp-json\/wp\/v2\/media?parent=25948"}],"wp:term":[{"taxonomy":"category","embeddable":true,"href":"https:\/\/mbfatimska.ovh\/index.php\/wp-json\/wp\/v2\/categories?post=25948"},{"taxonomy":"post_tag","embeddable":true,"href":"https:\/\/mbfatimska.ovh\/index.php\/wp-json\/wp\/v2\/tags?post=25948"}],"curies":[{"name":"wp","href":"https:\/\/api.w.org\/{rel}","templated":true}]}}