{"id":25953,"date":"2024-10-19T15:50:27","date_gmt":"2024-10-19T13:50:27","guid":{"rendered":"https:\/\/www.mbfatimska.pl\/?p=25953"},"modified":"2024-10-19T15:50:27","modified_gmt":"2024-10-19T13:50:27","slug":"xxix-niedziela-zwykla-3","status":"publish","type":"post","link":"https:\/\/mbfatimska.ovh\/index.php\/2024\/10\/19\/xxix-niedziela-zwykla-3\/","title":{"rendered":"XXIX Niedziela zwyk\u0142a"},"content":{"rendered":"<p>1.W dniu dzisiejszym go\u015bcimy w naszej parafii misjonarza z Tanzanii, kt\u00f3ry przybli\u017ca nam rzeczywisto\u015b\u0107 tamtego Ko\u015bcio\u0142a, w dniu, w kt\u00f3rym pochylamy si\u0119 nad problematyk\u0105 misyjn\u0105 i obchodzimy kolejny Tydzie\u0144 Misyjny.<\/p>\n<p>2.R\u00f3wnie\u017c dzisiaj odb\u0119d\u0105 si\u0119 nast\u0119puj\u0105ce spotkania:<\/p>\n<ul>\n<li>O godzinie 10.25 dla dzieci klas IV SP przed rocznic\u0105 I Komunii \u015bwi\u0119tej<\/li>\n<li>O godzinie 16.15 dla m\u0142odzie\u017cy przed sakramentem bierzmowania.<\/li>\n<\/ul>\n<p>3.Dzisiaj, po Mszy \u015bwi\u0119tej o godzinie 18.00, zapraszamy na kolejny Wiecz\u00f3r Uwielbienia z Maryj\u0105. B\u0119dziemy modlili si\u0119 \u015bpiewem, rozwa\u017caj\u0105c fragmenty Pisma \u015bwi\u0119tego i adoruj\u0105c Naj\u015bwi\u0119tszy Sakrament. Na to szczeg\u00f3lne wydarzenie zaprasza wsp\u00f3lnota Odnowa w Duchu \u015awi\u0119tym.<\/p>\n<p>4. 22 pa\u017adziernika zapraszamy na kolejne nabo\u017ce\u0144stwo do \u015bw. Rity. Ze wzgl\u0119du na nabo\u017ce\u0144stwo pa\u017adziernikowe, modlitwy do \u015bw. Rity, wraz z po\u015bwi\u0119ceniem r\u00f3\u017c, b\u0119dziemy zanosi\u0107 o godzinie 17.40,a nast\u0119pnie zostanie odprawiona Msza \u015bwi\u0119ta. Intencje b\u0119dzie mo\u017cna sk\u0142ada\u0107 pod o\u0142tarzem przed rozpocz\u0119ciem nabo\u017ce\u0144stwa.<\/p>\n<p>5. Informujemy, \u017ce 24 pa\u017adziernika, w czwartek, w godzinach 18-19, w budynku Centrum Wsparcia Fizycznego b\u0119dzie mo\u017cna skorzysta\u0107 z darmowych konsultacji i \u0107wicze\u0144 Logopedy Szkolnego.<\/p>\n<p>6. W pi\u0105tek, 25 pa\u017adziernika, o godzinie 18.00, zapraszamy na Msz\u0119 \u015bwi\u0119t\u0105 wypominkow\u0105 za naszych bliskich zmar\u0142ych. W tym dniu nabo\u017ce\u0144stwo r\u00f3\u017ca\u0144cowe b\u0119dzie sprawowane o godzinie 17.30.<\/p>\n<p>7. W przysz\u0142\u0105 niedziel\u0119, m\u0142odzie\u017c Oazowa, przed ko\u015bcio\u0142em, b\u0119dzie rozprowadza\u0107 ciasto domowe, w\u0142asnor\u0119cznie wykonane przez m\u0142odych ludzi. Ofiary sk\u0142adane za ciasto, oazowicze przeznaczaj\u0105 na rekolekcje formacyjne w czasie ferii i wakacji.<\/p>\n<p>8. Za tydzie\u0144, o godzinie 10.25, katecheza dla dzieci klas III SP przed uroczysto\u015bci\u0105 I Komunii \u015bwi\u0119tej.<\/p>\n<p>9. W ubieg\u0142\u0105 niedziel\u0119 odby\u0142o si\u0119 liczenie wiernych uczestnicz\u0105cych we Mszach \u015bwi\u0119tych i przyjmuj\u0105cych Komuni\u0119 \u015bwi\u0119t\u0105. Przez ca\u0142\u0105 niedziel\u0119 na Mszach \u015bwi\u0119tych by\u0142o 1529 os\u00f3b a Komuni\u0119 \u015bwi\u0119t\u0105 przyj\u0119\u0142o 652 (w tym 432 kobiet i 220 m\u0119\u017cczyzn). Przypominamy, \u017ce nasza parafia liczy niespe\u0142na 5280 os\u00f3b.<\/p>\n<p>10. Nasza diecezja, w zwi\u0105zku z przypadaj\u0105cym na 2025 rok, Rokiem \u015awi\u0119tym, organizuje samolotow\u0105 pielgrzymk\u0119 na to wydarzenie do Rzymu. Pielgrzymka odb\u0119dzie si\u0119 w dniach 27 maja \u2013 1 czerwca. Zapraszamy zw\u0142aszcza ma\u0142\u017ce\u0144stwa i rodziny, gdy\u017c w tym czasie to w\u0142a\u015bnie taka grupa jest zaproszona, w spos\u00f3b szczeg\u00f3lny, na te uroczysto\u015bci. Spotkanie dla os\u00f3b zainteresowanych wyjazdem b\u0119dzie mia\u0142o miejsce w przysz\u0142\u0105 niedziel\u0119 o godzinie 16.45 w salce pod zakrysti\u0105.<\/p>\n<p>11. Jeszcze dzisiaj, w Muzeum Historycznym na Piaskach, o godzinie 15.30, odb\u0119dzie si\u0119 prezentacja filmu dokumentalnego pod tytu\u0142em <em>\u0141agier 0331<\/em>. Po seansie odb\u0119dzie si\u0119 dyskusja z autorem filmu.<\/p>\n<p>12. Kalendarz liturgiczny na ten tydzie\u0144: we wtorek \u2013 wspomnienie \u015bw. Jana Paw\u0142a II, papie\u017ca; w czwartek \u2013 wspomnienie \u015bw. Antoniego Marii Clareta, biskupa.<\/p>\n","protected":false},"excerpt":{"rendered":"<p>1.W dniu dzisiejszym go\u015bcimy w naszej parafii misjonarza z Tanzanii, kt\u00f3ry przybli\u017ca nam rzeczywisto\u015b\u0107 tamtego Ko\u015bcio\u0142a, w dniu, w kt\u00f3rym pochylamy si\u0119 nad problematyk\u0105 misyjn\u0105 i obchodzimy kolejny Tydzie\u0144 Misyjny. 2.R\u00f3wnie\u017c dzisiaj odb\u0119d\u0105 si\u0119 nast\u0119puj\u0105ce spotkania: O godzinie 10.25 dla dzieci klas IV SP przed rocznic\u0105 I Komunii \u015bwi\u0119tej O godzinie 16.15 dla m\u0142odzie\u017cy przed [&hellip;]<\/p>\n","protected":false},"author":1,"featured_media":30657,"comment_status":"closed","ping_status":"closed","sticky":false,"template":"","format":"standard","meta":{"footnotes":""},"categories":[2,3,14],"tags":[],"class_list":["post-25953","post","type-post","status-publish","format-standard","has-post-thumbnail","hentry","category-aktualnosci","category-bez-kategorii","category-ogloszenia-parafialne"],"_links":{"self":[{"href":"https:\/\/mbfatimska.ovh\/index.php\/wp-json\/wp\/v2\/posts\/25953","targetHints":{"allow":["GET"]}}],"collection":[{"href":"https:\/\/mbfatimska.ovh\/index.php\/wp-json\/wp\/v2\/posts"}],"about":[{"href":"https:\/\/mbfatimska.ovh\/index.php\/wp-json\/wp\/v2\/types\/post"}],"author":[{"embeddable":true,"href":"https:\/\/mbfatimska.ovh\/index.php\/wp-json\/wp\/v2\/users\/1"}],"replies":[{"embeddable":true,"href":"https:\/\/mbfatimska.ovh\/index.php\/wp-json\/wp\/v2\/comments?post=25953"}],"version-history":[{"count":0,"href":"https:\/\/mbfatimska.ovh\/index.php\/wp-json\/wp\/v2\/posts\/25953\/revisions"}],"wp:featuredmedia":[{"embeddable":true,"href":"https:\/\/mbfatimska.ovh\/index.php\/wp-json\/wp\/v2\/media\/30657"}],"wp:attachment":[{"href":"https:\/\/mbfatimska.ovh\/index.php\/wp-json\/wp\/v2\/media?parent=25953"}],"wp:term":[{"taxonomy":"category","embeddable":true,"href":"https:\/\/mbfatimska.ovh\/index.php\/wp-json\/wp\/v2\/categories?post=25953"},{"taxonomy":"post_tag","embeddable":true,"href":"https:\/\/mbfatimska.ovh\/index.php\/wp-json\/wp\/v2\/tags?post=25953"}],"curies":[{"name":"wp","href":"https:\/\/api.w.org\/{rel}","templated":true}]}}